{"id":20630,"date":"2017-02-24T19:12:55","date_gmt":"2017-02-24T22:12:55","guid":{"rendered":"http:\/\/www.riogrande.rs.gov.br\/smed\/?p=20630"},"modified":"2017-02-24T19:12:55","modified_gmt":"2017-02-24T22:12:55","slug":"i-seminario-ciranda-dos-saberes-dialogando-com-as-familias-da-emei-prof-a-deborah-thome-sayao-iniciou-no-dia-20","status":"publish","type":"post","link":"https:\/\/www.riogrande.rs.gov.br\/smed\/?p=20630","title":{"rendered":"\u201cI Semin\u00e1rio Ciranda dos Saberes: Dialogando com as Fam\u00edlias\u201d da EMEI Prof.\u00aa Deborah Thom\u00e9 Say\u00e3o iniciou no dia 20"},"content":{"rendered":"\n\t\t<style type=\"text\/css\">\n\t\t\t#gallery-1 {\n\t\t\t\tmargin: auto;\n\t\t\t}\n\t\t\t#gallery-1 .gallery-item {\n\t\t\t\tfloat: left;\n\t\t\t\tmargin-top: 10px;\n\t\t\t\ttext-align: center;\n\t\t\t\twidth: 33%;\n\t\t\t}\n\t\t\t#gallery-1 img {\n\t\t\t\tborder: 2px solid #cfcfcf;\n\t\t\t}\n\t\t\t#gallery-1 .gallery-caption {\n\t\t\t\tmargin-left: 0;\n\t\t\t}\n\t\t\t\/* see gallery_shortcode() in wp-includes\/media.php *\/\n\t\t<\/style>\n\t\t<div id='gallery-1' class='gallery galleryid-20630 gallery-columns-3 gallery-size-thumbnail'><dl class='gallery-item'>\n\t\t\t<dt class='gallery-icon portrait'>\n\t\t\t\t<a href='https:\/\/www.riogrande.rs.gov.br\/smed\/wp-content\/uploads\/2017\/02\/20170224-ped-ciranda-image04.png.jpg' rel=\"lightbox[20630]\"><img loading=\"lazy\" decoding=\"async\" width=\"150\" height=\"150\" src=\"https:\/\/www.riogrande.rs.gov.br\/smed\/wp-content\/uploads\/2017\/02\/20170224-ped-ciranda-image04.png-150x150.jpg\" class=\"attachment-thumbnail size-thumbnail\" alt=\"\" aria-describedby=\"gallery-1-20636\" \/><\/a>\n\t\t\t<\/dt>\n\t\t\t\t<dd class='wp-caption-text gallery-caption' id='gallery-1-20636'>\n\t\t\t\tEMEI Deborah Say\u00e3o\n\t\t\t\t<\/dd><\/dl><dl class='gallery-item'>\n\t\t\t<dt class='gallery-icon landscape'>\n\t\t\t\t<a href='https:\/\/www.riogrande.rs.gov.br\/smed\/wp-content\/uploads\/2017\/02\/20170224-ped-ciranda-image05.png.jpg' rel=\"lightbox[20630]\"><img loading=\"lazy\" decoding=\"async\" width=\"150\" height=\"150\" src=\"https:\/\/www.riogrande.rs.gov.br\/smed\/wp-content\/uploads\/2017\/02\/20170224-ped-ciranda-image05.png-150x150.jpg\" class=\"attachment-thumbnail size-thumbnail\" alt=\"\" aria-describedby=\"gallery-1-20637\" \/><\/a>\n\t\t\t<\/dt>\n\t\t\t\t<dd class='wp-caption-text gallery-caption' id='gallery-1-20637'>\n\t\t\t\tEMEI Deborah Say\u00e3o\n\t\t\t\t<\/dd><\/dl><dl class='gallery-item'>\n\t\t\t<dt class='gallery-icon landscape'>\n\t\t\t\t<a href='https:\/\/www.riogrande.rs.gov.br\/smed\/wp-content\/uploads\/2017\/02\/20170224-ped-ciranda-image00.jpg' rel=\"lightbox[20630]\"><img loading=\"lazy\" decoding=\"async\" width=\"150\" height=\"150\" src=\"https:\/\/www.riogrande.rs.gov.br\/smed\/wp-content\/uploads\/2017\/02\/20170224-ped-ciranda-image00-150x150.jpg\" class=\"attachment-thumbnail size-thumbnail\" alt=\"\" aria-describedby=\"gallery-1-20632\" \/><\/a>\n\t\t\t<\/dt>\n\t\t\t\t<dd class='wp-caption-text gallery-caption' id='gallery-1-20632'>\n\t\t\t\tEMEI Deborah Say\u00e3o\n\t\t\t\t<\/dd><\/dl><br style=\"clear: both\" \/><dl class='gallery-item'>\n\t\t\t<dt class='gallery-icon portrait'>\n\t\t\t\t<a href='https:\/\/www.riogrande.rs.gov.br\/smed\/wp-content\/uploads\/2017\/02\/20170224-ped-ciranda-image01.jpg' rel=\"lightbox[20630]\"><img loading=\"lazy\" decoding=\"async\" width=\"150\" height=\"150\" src=\"https:\/\/www.riogrande.rs.gov.br\/smed\/wp-content\/uploads\/2017\/02\/20170224-ped-ciranda-image01-150x150.jpg\" class=\"attachment-thumbnail size-thumbnail\" alt=\"\" aria-describedby=\"gallery-1-20633\" \/><\/a>\n\t\t\t<\/dt>\n\t\t\t\t<dd class='wp-caption-text gallery-caption' id='gallery-1-20633'>\n\t\t\t\tEMEI Deborah Say\u00e3o\n\t\t\t\t<\/dd><\/dl><dl class='gallery-item'>\n\t\t\t<dt class='gallery-icon landscape'>\n\t\t\t\t<a href='https:\/\/www.riogrande.rs.gov.br\/smed\/wp-content\/uploads\/2017\/02\/20170224-ped-ciranda-image02.jpg' rel=\"lightbox[20630]\"><img loading=\"lazy\" decoding=\"async\" width=\"150\" height=\"150\" src=\"https:\/\/www.riogrande.rs.gov.br\/smed\/wp-content\/uploads\/2017\/02\/20170224-ped-ciranda-image02-150x150.jpg\" class=\"attachment-thumbnail size-thumbnail\" alt=\"\" aria-describedby=\"gallery-1-20634\" \/><\/a>\n\t\t\t<\/dt>\n\t\t\t\t<dd class='wp-caption-text gallery-caption' id='gallery-1-20634'>\n\t\t\t\tEMEI Deborah Say\u00e3o\n\t\t\t\t<\/dd><\/dl><dl class='gallery-item'>\n\t\t\t<dt class='gallery-icon landscape'>\n\t\t\t\t<a href='https:\/\/www.riogrande.rs.gov.br\/smed\/wp-content\/uploads\/2017\/02\/20170224-ped-ciranda-image03.jpg' rel=\"lightbox[20630]\"><img loading=\"lazy\" decoding=\"async\" width=\"150\" height=\"150\" src=\"https:\/\/www.riogrande.rs.gov.br\/smed\/wp-content\/uploads\/2017\/02\/20170224-ped-ciranda-image03-150x150.jpg\" class=\"attachment-thumbnail size-thumbnail\" alt=\"\" aria-describedby=\"gallery-1-20635\" \/><\/a>\n\t\t\t<\/dt>\n\t\t\t\t<dd class='wp-caption-text gallery-caption' id='gallery-1-20635'>\n\t\t\t\tEMEI Deborah Say\u00e3o\n\t\t\t\t<\/dd><\/dl><br style=\"clear: both\" \/>\n\t\t<\/div>\n\n<p style=\"text-align: justify;\">No per\u00edodo de <b>20 fevereiro a 02 de mar\u00e7o<\/b>, a Escola Municipal de Educa\u00e7\u00e3o Infantil <b>Prof.\u00aa Deborah Thom\u00e9 Say\u00e3o<\/b>, localizada no bairro Bolaxa, promove o \u201c<b>I Semin\u00e1rio Ciranda dos Saberes: Dialogando com as Fam\u00edlias<\/b>\u201d. Enquanto as crian\u00e7as est\u00e3o no processo de inser\u00e7\u00e3o com a professora, a sala de aula e os novos colegas, os pais s\u00e3o convidados a participar de palestras sobre uma diversidade de assuntos sugeridos pelos pr\u00f3prios respons\u00e1veis.<\/p>\n<p style=\"text-align: justify;\"><!--more--><\/p>\n<p style=\"text-align: justify;\">\n<p style=\"text-align: justify;\">De acordo com a diretora da EMEI, Roselle Rodrigues, \u201c<b>o Regimento e o Projeto Pol\u00edtico Pedag\u00f3gica da Escola, \u00a0documentos constru\u00eddos pelos pais no ano letivo anterior, foram as pautas da abertura do Semin\u00e1rio<\/b>\u201d. Esta \u201c<b>Ciranda dos Saberes\u201d vem ao encontro do PPP da escola, que visa a participa\u00e7\u00e3o e o di\u00e1logo com toda a comunidade escolar. Por isso, convidamos a comunidade do entorno a participar<\/b>\u201d, explicou Roselle.<\/p>\n<p style=\"text-align: justify;\">\u201c<b>A palestra sobre o autismo foi muito interessante, pois as palestrantes forneceram a ideia dos sintomas da crian\u00e7a autista, assim como deve ser inclusa na vida escolar, no conv\u00edvio com outras crian\u00e7as e como preparar nossos filhos para tal<\/b>\u201d, comentou Jorge Arigony, pai de uma aluna do Ber\u00e7\u00e1rio.<\/p>\n<p style=\"text-align: justify;\">\u201c<b>Sentimos enorme gratid\u00e3o por esse momento rico de troca; por estar com voc\u00eas e poder compartilhar e multiplicar conhecimentos sobre Autismo e inclus\u00e3o numa EMEI<\/b>\u201d, afirmou Rahiza Bueno, Teraupeta Ocupacional que atua na Associa\u00e7\u00e3o de Pais e Amigos dos Autistas de Rio Grande (AMAR).<\/p>\n<p style=\"text-align: justify;\">De acordo Andreia Branco, m\u00e3e de um aluno da EMEI com diagn\u00f3stico de Transtorno do Espectro Autista (TEA), \u201c<b>a palestra foi muito boa e bastante informativa. Agrade\u00e7o \u00e0 Escola por abrir espa\u00e7o para se falar em inclus\u00e3o, pois para n\u00f3s, m\u00e3es, a escola \u00e9 uma das partes mais dif\u00edceis, porque lutamos por uma inser\u00e7\u00e3o social dos nossos filhos.<\/b><\/p>\n<p>&nbsp;<\/p>\n<p style=\"text-align: right;\"><em>SMEd<\/em><br \/>\n<em> Roberton Reis<\/em><br \/>\n<em> Com informa\u00e7\u00f5es da EMEI Deborah Thom\u00e9 Say\u00e3o<\/em><\/p>\n","protected":false},"excerpt":{"rendered":"<p>No per\u00edodo de 20 fevereiro a 02 de mar\u00e7o, a Escola Municipal de Educa\u00e7\u00e3o Infantil Prof.\u00aa Deborah Thom\u00e9 Say\u00e3o, localizada no bairro Bolaxa, promove o \u201cI Semin\u00e1rio Ciranda dos Saberes: Dialogando com as Fam\u00edlias\u201d. Enquanto as crian\u00e7as est\u00e3o no processo de inser\u00e7\u00e3o com a professora, a sala de aula e os novos colegas, os pais [&hellip;]<\/p>\n","protected":false},"author":7,"featured_media":0,"comment_status":"closed","ping_status":"closed","sticky":false,"template":"","format":"standard","meta":{"footnotes":""},"categories":[1,13],"tags":[],"class_list":["post-20630","post","type-post","status-publish","format-standard","hentry","category-noticias","category-pedagogico"],"_links":{"self":[{"href":"https:\/\/www.riogrande.rs.gov.br\/smed\/index.php?rest_route=\/wp\/v2\/posts\/20630"}],"collection":[{"href":"https:\/\/www.riogrande.rs.gov.br\/smed\/index.php?rest_route=\/wp\/v2\/posts"}],"about":[{"href":"https:\/\/www.riogrande.rs.gov.br\/smed\/index.php?rest_route=\/wp\/v2\/types\/post"}],"author":[{"embeddable":true,"href":"https:\/\/www.riogrande.rs.gov.br\/smed\/index.php?rest_route=\/wp\/v2\/users\/7"}],"replies":[{"embeddable":true,"href":"https:\/\/www.riogrande.rs.gov.br\/smed\/index.php?rest_route=%2Fwp%2Fv2%2Fcomments&post=20630"}],"version-history":[{"count":1,"href":"https:\/\/www.riogrande.rs.gov.br\/smed\/index.php?rest_route=\/wp\/v2\/posts\/20630\/revisions"}],"predecessor-version":[{"id":20638,"href":"https:\/\/www.riogrande.rs.gov.br\/smed\/index.php?rest_route=\/wp\/v2\/posts\/20630\/revisions\/20638"}],"wp:attachment":[{"href":"https:\/\/www.riogrande.rs.gov.br\/smed\/index.php?rest_route=%2Fwp%2Fv2%2Fmedia&parent=20630"}],"wp:term":[{"taxonomy":"category","embeddable":true,"href":"https:\/\/www.riogrande.rs.gov.br\/smed\/index.php?rest_route=%2Fwp%2Fv2%2Fcategories&post=20630"},{"taxonomy":"post_tag","embeddable":true,"href":"https:\/\/www.riogrande.rs.gov.br\/smed\/index.php?rest_route=%2Fwp%2Fv2%2Ftags&post=20630"}],"curies":[{"name":"wp","href":"https:\/\/api.w.org\/{rel}","templated":true}]}}