{"id":20609,"date":"2017-02-24T18:37:36","date_gmt":"2017-02-24T21:37:36","guid":{"rendered":"http:\/\/www.riogrande.rs.gov.br\/smed\/?p=20609"},"modified":"2017-03-10T16:00:49","modified_gmt":"2017-03-10T19:00:49","slug":"280-anos-de-rio-grande-e-tematica-de-trabalhos-desenvolvidos-na-emef-zenir-de-souza-braga","status":"publish","type":"post","link":"https:\/\/www.riogrande.rs.gov.br\/smed\/?p=20609","title":{"rendered":"\u201c280 anos de Rio Grande\u201d \u00e9 tem\u00e1tica de trabalhos desenvolvidos na EMEF Zenir de Souza Braga"},"content":{"rendered":"\n\t\t<style type=\"text\/css\">\n\t\t\t#gallery-1 {\n\t\t\t\tmargin: auto;\n\t\t\t}\n\t\t\t#gallery-1 .gallery-item {\n\t\t\t\tfloat: left;\n\t\t\t\tmargin-top: 10px;\n\t\t\t\ttext-align: center;\n\t\t\t\twidth: 50%;\n\t\t\t}\n\t\t\t#gallery-1 img {\n\t\t\t\tborder: 2px solid #cfcfcf;\n\t\t\t}\n\t\t\t#gallery-1 .gallery-caption {\n\t\t\t\tmargin-left: 0;\n\t\t\t}\n\t\t\t\/* see gallery_shortcode() in wp-includes\/media.php *\/\n\t\t<\/style>\n\t\t<div id='gallery-1' class='gallery galleryid-20609 gallery-columns-2 gallery-size-thumbnail'><dl class='gallery-item'>\n\t\t\t<dt class='gallery-icon landscape'>\n\t\t\t\t<a href='https:\/\/www.riogrande.rs.gov.br\/smed\/wp-content\/uploads\/2017\/02\/20170224-ped-zenir-image00.jpg' rel=\"lightbox[20609]\"><img loading=\"lazy\" decoding=\"async\" width=\"150\" height=\"150\" src=\"https:\/\/www.riogrande.rs.gov.br\/smed\/wp-content\/uploads\/2017\/02\/20170224-ped-zenir-image00-150x150.jpg\" class=\"attachment-thumbnail size-thumbnail\" alt=\"\" aria-describedby=\"gallery-1-20610\" \/><\/a>\n\t\t\t<\/dt>\n\t\t\t\t<dd class='wp-caption-text gallery-caption' id='gallery-1-20610'>\n\t\t\t\tCr\u00e9dito: EMEF Zenir de Souza Braga\n\t\t\t\t<\/dd><\/dl><dl class='gallery-item'>\n\t\t\t<dt class='gallery-icon landscape'>\n\t\t\t\t<a href='https:\/\/www.riogrande.rs.gov.br\/smed\/wp-content\/uploads\/2017\/02\/20170224-ped-zenir-image01.jpg' rel=\"lightbox[20609]\"><img loading=\"lazy\" decoding=\"async\" width=\"150\" height=\"150\" src=\"https:\/\/www.riogrande.rs.gov.br\/smed\/wp-content\/uploads\/2017\/02\/20170224-ped-zenir-image01-150x150.jpg\" class=\"attachment-thumbnail size-thumbnail\" alt=\"\" aria-describedby=\"gallery-1-20611\" \/><\/a>\n\t\t\t<\/dt>\n\t\t\t\t<dd class='wp-caption-text gallery-caption' id='gallery-1-20611'>\n\t\t\t\tCr\u00e9dito: EMEF Zenir de Souza Braga\n\t\t\t\t<\/dd><\/dl><br style=\"clear: both\" \/><dl class='gallery-item'>\n\t\t\t<dt class='gallery-icon portrait'>\n\t\t\t\t<a href='https:\/\/www.riogrande.rs.gov.br\/smed\/wp-content\/uploads\/2017\/02\/20170224-ped-zenir-image02.jpg' rel=\"lightbox[20609]\"><img loading=\"lazy\" decoding=\"async\" width=\"150\" height=\"150\" src=\"https:\/\/www.riogrande.rs.gov.br\/smed\/wp-content\/uploads\/2017\/02\/20170224-ped-zenir-image02-150x150.jpg\" class=\"attachment-thumbnail size-thumbnail\" alt=\"\" aria-describedby=\"gallery-1-20612\" \/><\/a>\n\t\t\t<\/dt>\n\t\t\t\t<dd class='wp-caption-text gallery-caption' id='gallery-1-20612'>\n\t\t\t\tCr\u00e9dito: EMEF Zenir de Souza Braga\n\t\t\t\t<\/dd><\/dl><dl class='gallery-item'>\n\t\t\t<dt class='gallery-icon landscape'>\n\t\t\t\t<a href='https:\/\/www.riogrande.rs.gov.br\/smed\/wp-content\/uploads\/2017\/02\/20170224-ped-zenir-image03.jpg' rel=\"lightbox[20609]\"><img loading=\"lazy\" decoding=\"async\" width=\"150\" height=\"150\" src=\"https:\/\/www.riogrande.rs.gov.br\/smed\/wp-content\/uploads\/2017\/02\/20170224-ped-zenir-image03-150x150.jpg\" class=\"attachment-thumbnail size-thumbnail\" alt=\"\" aria-describedby=\"gallery-1-20613\" \/><\/a>\n\t\t\t<\/dt>\n\t\t\t\t<dd class='wp-caption-text gallery-caption' id='gallery-1-20613'>\n\t\t\t\tCr\u00e9dito: EMEF Zenir de Souza Braga\n\t\t\t\t<\/dd><\/dl><br style=\"clear: both\" \/>\n\t\t<\/div>\n\n<p style=\"text-align: justify;\">Na Escola Municipal de Ensino Fundamental Prof.\u00aa <b>Zenir de Souza Braga<\/b>, que est\u00e1 localizada no bairro Trevo, duas professoras de Matem\u00e1tica desenvolveram atividades de pesquisa e debate para celebrar os \u201c280 anos de funda\u00e7\u00e3o da cidade do Rio Grande\u201d.<\/p>\n<p style=\"text-align: justify;\"><!--more--><\/p>\n<p style=\"text-align: justify;\">Nas turmas do 7\u00ba Ano, a professora Vanda Gaut\u00e9rio apresentou aos alunos o filme \u201cO Corcunda de Notre Dame\u201d, inspirado no livro de mesmo nome, do autor Victor Hugo. Ap\u00f3s assistirem ao filme, os alunos debateram sobre o respeito \u00e0s diferen\u00e7as, o poder da igreja na \u00e9poca e o destino dos livros, al\u00e9m de analisarem as caracter\u00edsticas da catedral francesa, local onde o personagem vivia.<\/p>\n<p style=\"text-align: justify;\">\u201c<b>Partimos para a pesquisa sobre a Igreja de Nossa Senhora do Carmo, em Rio Grande, que foi constru\u00edda em estilo arquitet\u00f4nico neog\u00f3tico, dando destaque para sua fachada (vitrais), ab\u00f3badas g\u00f3ticas, portas ogivais, uma ros\u00e1cea decorada com elementos florais geometrizados na grande arcada e in\u00fameras g\u00e1rgulas nas bases de seus campan\u00e1rios. Tamb\u00e9m procuramos saber mais sobre a Catedral de S\u00e3o Pedro, por ser um lugar antropol\u00f3gico, identit\u00e1rio e de arquitetura barroca<\/b>\u201d, explicou a professora Vanda.<\/p>\n<p style=\"text-align: justify;\">De acordo com a professora Vanda Gaut\u00e9rio, essa pesquisa dar\u00e1 subs\u00eddios para que o trabalho ocorra de forma interdisciplinar, envolvendo, ao longo do ano, as disciplinas de Matem\u00e1tica (geometria) e de Artes.<\/p>\n<p style=\"text-align: justify;\">Nas turmas dos 6\u00ba Anos, a professora Priscila Mo\u00e7o trabalhou a constru\u00e7\u00e3o de cartazes com dados sobre o Munic\u00edpio, os quais foram pesquisados pelos alunos, levando-os a descobrirem informa\u00e7\u00f5es que at\u00e9 ent\u00e3o eles nem faziam ideia.<\/p>\n<p>&nbsp;<\/p>\n<p style=\"text-align: right;\"><em>SMEd<\/em><br \/>\n<em> Roberton Reis<\/em><br \/>\n<em> Com informa\u00e7\u00f5es da EMEF Prof.\u00aa Zenir de Souza Braga<\/em><\/p>\n","protected":false},"excerpt":{"rendered":"<p>Na Escola Municipal de Ensino Fundamental Prof.\u00aa Zenir de Souza Braga, que est\u00e1 localizada no bairro Trevo, duas professoras de Matem\u00e1tica desenvolveram atividades de pesquisa e debate para celebrar os \u201c280 anos de funda\u00e7\u00e3o da cidade do Rio Grande\u201d.<\/p>\n","protected":false},"author":7,"featured_media":0,"comment_status":"closed","ping_status":"closed","sticky":false,"template":"","format":"standard","meta":{"footnotes":""},"categories":[45,1,13],"tags":[],"class_list":["post-20609","post","type-post","status-publish","format-standard","hentry","category-280anosriogrande","category-noticias","category-pedagogico"],"_links":{"self":[{"href":"https:\/\/www.riogrande.rs.gov.br\/smed\/index.php?rest_route=\/wp\/v2\/posts\/20609"}],"collection":[{"href":"https:\/\/www.riogrande.rs.gov.br\/smed\/index.php?rest_route=\/wp\/v2\/posts"}],"about":[{"href":"https:\/\/www.riogrande.rs.gov.br\/smed\/index.php?rest_route=\/wp\/v2\/types\/post"}],"author":[{"embeddable":true,"href":"https:\/\/www.riogrande.rs.gov.br\/smed\/index.php?rest_route=\/wp\/v2\/users\/7"}],"replies":[{"embeddable":true,"href":"https:\/\/www.riogrande.rs.gov.br\/smed\/index.php?rest_route=%2Fwp%2Fv2%2Fcomments&post=20609"}],"version-history":[{"count":2,"href":"https:\/\/www.riogrande.rs.gov.br\/smed\/index.php?rest_route=\/wp\/v2\/posts\/20609\/revisions"}],"predecessor-version":[{"id":20864,"href":"https:\/\/www.riogrande.rs.gov.br\/smed\/index.php?rest_route=\/wp\/v2\/posts\/20609\/revisions\/20864"}],"wp:attachment":[{"href":"https:\/\/www.riogrande.rs.gov.br\/smed\/index.php?rest_route=%2Fwp%2Fv2%2Fmedia&parent=20609"}],"wp:term":[{"taxonomy":"category","embeddable":true,"href":"https:\/\/www.riogrande.rs.gov.br\/smed\/index.php?rest_route=%2Fwp%2Fv2%2Fcategories&post=20609"},{"taxonomy":"post_tag","embeddable":true,"href":"https:\/\/www.riogrande.rs.gov.br\/smed\/index.php?rest_route=%2Fwp%2Fv2%2Ftags&post=20609"}],"curies":[{"name":"wp","href":"https:\/\/api.w.org\/{rel}","templated":true}]}}