{"id":20601,"date":"2017-02-24T18:25:58","date_gmt":"2017-02-24T21:25:58","guid":{"rendered":"http:\/\/www.riogrande.rs.gov.br\/smed\/?p=20601"},"modified":"2017-03-10T16:00:59","modified_gmt":"2017-03-10T19:00:59","slug":"alunos-da-emef-pedro-carlos-peixoto-primo-visitaram-o-horto-municipal-do-cassino","status":"publish","type":"post","link":"https:\/\/www.riogrande.rs.gov.br\/smed\/?p=20601","title":{"rendered":"Alunos da EMEF Pedro Carlos Peixoto Primo visitaram o Horto Municipal do Cassino"},"content":{"rendered":"\n\t\t<style type=\"text\/css\">\n\t\t\t#gallery-1 {\n\t\t\t\tmargin: auto;\n\t\t\t}\n\t\t\t#gallery-1 .gallery-item {\n\t\t\t\tfloat: left;\n\t\t\t\tmargin-top: 10px;\n\t\t\t\ttext-align: center;\n\t\t\t\twidth: 50%;\n\t\t\t}\n\t\t\t#gallery-1 img {\n\t\t\t\tborder: 2px solid #cfcfcf;\n\t\t\t}\n\t\t\t#gallery-1 .gallery-caption {\n\t\t\t\tmargin-left: 0;\n\t\t\t}\n\t\t\t\/* see gallery_shortcode() in wp-includes\/media.php *\/\n\t\t<\/style>\n\t\t<div id='gallery-1' class='gallery galleryid-20601 gallery-columns-2 gallery-size-thumbnail'><dl class='gallery-item'>\n\t\t\t<dt class='gallery-icon landscape'>\n\t\t\t\t<a href='https:\/\/www.riogrande.rs.gov.br\/smed\/wp-content\/uploads\/2017\/02\/20170224-ped-horto-image00.png.jpg' rel=\"lightbox[20601]\"><img loading=\"lazy\" decoding=\"async\" width=\"150\" height=\"150\" src=\"https:\/\/www.riogrande.rs.gov.br\/smed\/wp-content\/uploads\/2017\/02\/20170224-ped-horto-image00.png-150x150.jpg\" class=\"attachment-thumbnail size-thumbnail\" alt=\"\" aria-describedby=\"gallery-1-20602\" \/><\/a>\n\t\t\t<\/dt>\n\t\t\t\t<dd class='wp-caption-text gallery-caption' id='gallery-1-20602'>\n\t\t\t\tDivulga\u00e7\u00e3o\n\t\t\t\t<\/dd><\/dl><dl class='gallery-item'>\n\t\t\t<dt class='gallery-icon landscape'>\n\t\t\t\t<a href='https:\/\/www.riogrande.rs.gov.br\/smed\/wp-content\/uploads\/2017\/02\/20170224-ped-horto-image01.jpg' rel=\"lightbox[20601]\"><img loading=\"lazy\" decoding=\"async\" width=\"150\" height=\"150\" src=\"https:\/\/www.riogrande.rs.gov.br\/smed\/wp-content\/uploads\/2017\/02\/20170224-ped-horto-image01-150x150.jpg\" class=\"attachment-thumbnail size-thumbnail\" alt=\"\" aria-describedby=\"gallery-1-20603\" \/><\/a>\n\t\t\t<\/dt>\n\t\t\t\t<dd class='wp-caption-text gallery-caption' id='gallery-1-20603'>\n\t\t\t\tDivulga\u00e7\u00e3o\n\t\t\t\t<\/dd><\/dl><br style=\"clear: both\" \/><dl class='gallery-item'>\n\t\t\t<dt class='gallery-icon portrait'>\n\t\t\t\t<a href='https:\/\/www.riogrande.rs.gov.br\/smed\/wp-content\/uploads\/2017\/02\/20170224-ped-horto-image02.png.jpg' rel=\"lightbox[20601]\"><img loading=\"lazy\" decoding=\"async\" width=\"150\" height=\"150\" src=\"https:\/\/www.riogrande.rs.gov.br\/smed\/wp-content\/uploads\/2017\/02\/20170224-ped-horto-image02.png-150x150.jpg\" class=\"attachment-thumbnail size-thumbnail\" alt=\"\" aria-describedby=\"gallery-1-20604\" \/><\/a>\n\t\t\t<\/dt>\n\t\t\t\t<dd class='wp-caption-text gallery-caption' id='gallery-1-20604'>\n\t\t\t\tDivulga\u00e7\u00e3o\n\t\t\t\t<\/dd><\/dl><dl class='gallery-item'>\n\t\t\t<dt class='gallery-icon portrait'>\n\t\t\t\t<a href='https:\/\/www.riogrande.rs.gov.br\/smed\/wp-content\/uploads\/2017\/02\/20170224-ped-horto-image03.png.jpg' rel=\"lightbox[20601]\"><img loading=\"lazy\" decoding=\"async\" width=\"150\" height=\"150\" src=\"https:\/\/www.riogrande.rs.gov.br\/smed\/wp-content\/uploads\/2017\/02\/20170224-ped-horto-image03.png-150x150.jpg\" class=\"attachment-thumbnail size-thumbnail\" alt=\"\" aria-describedby=\"gallery-1-20605\" \/><\/a>\n\t\t\t<\/dt>\n\t\t\t\t<dd class='wp-caption-text gallery-caption' id='gallery-1-20605'>\n\t\t\t\tDivulga\u00e7\u00e3o\n\t\t\t\t<\/dd><\/dl><br style=\"clear: both\" \/>\n\t\t<\/div>\n\n<p style=\"text-align: justify;\">Na tarde do dia <b>22 de fevereiro<\/b>, os alunos do 4\u00ba Ano da Escola Municipal de Ensino Fundamental <b>Pedro Carlos Peixoto Primo<\/b>, acompanhados das professoras Isabel Baptista e Driele Silva, e das monitoras Ana Fl\u00e1via e Carolina Andreski, participaram de atividades alusivas aos 280 anos de Rio Grande realizadas no Horto Municipal do Cassino, onde prestigiaram a cerim\u00f4nia de lan\u00e7amento do \u201c<b>Guia de Arboriza\u00e7\u00e3o Urbana Municipal<\/b>\u201d e, juntamente com o Prefeito Alexandre Lindenmeyer, realizaram o plantio da \u201c<b>\u00c1rvore Lunar<\/b>\u201d.<\/p>\n<p style=\"text-align: justify;\"><!--more--><\/p>\n<p style=\"text-align: justify;\">\u201c<b>Segundo informa\u00e7\u00f5es dadas na ocasi\u00e3o, as sementes da \u2018\u00c1rvore Lunar\u2019 (Sequoia Americana) foram transportadas pela miss\u00e3o espacial norte-americana Apolo XIV, germinaram durante a viagem e, posteriormente, foram enviadas a alguns parques do mundo. No Brasil, de tr\u00eas mudas, apenas a \u00e1rvore de Santa Rosa, plantada no Parque de Exposi\u00e7\u00f5es, no ano de 1981, sobreviveu. Dela foram feitos clones, sendo que um deles foi plantado na ocasi\u00e3o, no Horto Municipal do Cassino<\/b>\u201d, explicou a dire\u00e7\u00e3o da Escola.<\/p>\n<p style=\"text-align: justify;\">Ap\u00f3s participarem da cerim\u00f4nia e de um piquenique escolar, as crian\u00e7as brincaram, conheceram o espa\u00e7o do Horto, como as estufas e a Oficina de Reciclagem, onde s\u00e3o produzidos os objetos que decoram as festividades do Balne\u00e1rio Cassino, al\u00e9m de receberem exemplares do Guia de Arboriza\u00e7\u00e3o Urbana Municipal, que foram distribu\u00eddos \u00e0 comunidade escolar.<\/p>\n<p>&nbsp;<\/p>\n<p style=\"text-align: right;\"><em>SMEd<\/em><br \/>\n<em> Roberton Reis<\/em><br \/>\n<em> Com informa\u00e7\u00f5es da EMEF Pedro Carlos Peixoto Primo<\/em><\/p>\n","protected":false},"excerpt":{"rendered":"<p>Na tarde do dia 22 de fevereiro, os alunos do 4\u00ba Ano da Escola Municipal de Ensino Fundamental Pedro Carlos Peixoto Primo, acompanhados das professoras Isabel Baptista e Driele Silva, e das monitoras Ana Fl\u00e1via e Carolina Andreski, participaram de atividades alusivas aos 280 anos de Rio Grande realizadas no Horto Municipal do Cassino, onde [&hellip;]<\/p>\n","protected":false},"author":7,"featured_media":0,"comment_status":"closed","ping_status":"closed","sticky":false,"template":"","format":"standard","meta":{"footnotes":""},"categories":[45,1,13],"tags":[],"class_list":["post-20601","post","type-post","status-publish","format-standard","hentry","category-280anosriogrande","category-noticias","category-pedagogico"],"_links":{"self":[{"href":"https:\/\/www.riogrande.rs.gov.br\/smed\/index.php?rest_route=\/wp\/v2\/posts\/20601"}],"collection":[{"href":"https:\/\/www.riogrande.rs.gov.br\/smed\/index.php?rest_route=\/wp\/v2\/posts"}],"about":[{"href":"https:\/\/www.riogrande.rs.gov.br\/smed\/index.php?rest_route=\/wp\/v2\/types\/post"}],"author":[{"embeddable":true,"href":"https:\/\/www.riogrande.rs.gov.br\/smed\/index.php?rest_route=\/wp\/v2\/users\/7"}],"replies":[{"embeddable":true,"href":"https:\/\/www.riogrande.rs.gov.br\/smed\/index.php?rest_route=%2Fwp%2Fv2%2Fcomments&post=20601"}],"version-history":[{"count":3,"href":"https:\/\/www.riogrande.rs.gov.br\/smed\/index.php?rest_route=\/wp\/v2\/posts\/20601\/revisions"}],"predecessor-version":[{"id":20631,"href":"https:\/\/www.riogrande.rs.gov.br\/smed\/index.php?rest_route=\/wp\/v2\/posts\/20601\/revisions\/20631"}],"wp:attachment":[{"href":"https:\/\/www.riogrande.rs.gov.br\/smed\/index.php?rest_route=%2Fwp%2Fv2%2Fmedia&parent=20601"}],"wp:term":[{"taxonomy":"category","embeddable":true,"href":"https:\/\/www.riogrande.rs.gov.br\/smed\/index.php?rest_route=%2Fwp%2Fv2%2Fcategories&post=20601"},{"taxonomy":"post_tag","embeddable":true,"href":"https:\/\/www.riogrande.rs.gov.br\/smed\/index.php?rest_route=%2Fwp%2Fv2%2Ftags&post=20601"}],"curies":[{"name":"wp","href":"https:\/\/api.w.org\/{rel}","templated":true}]}}