{"id":20580,"date":"2017-02-23T18:20:28","date_gmt":"2017-02-23T21:20:28","guid":{"rendered":"http:\/\/www.riogrande.rs.gov.br\/smed\/?p=20580"},"modified":"2017-02-23T18:20:28","modified_gmt":"2017-02-23T21:20:28","slug":"alunos-da-emef-navegantes-visitaram-a-biblioteca-rio-grandense","status":"publish","type":"post","link":"https:\/\/www.riogrande.rs.gov.br\/smed\/?p=20580","title":{"rendered":"ALUNOS DA EMEF NAVEGANTES VISITARAM A BIBLIOTECA RIO-GRANDENSE"},"content":{"rendered":"<div id=\"attachment_20581\" style=\"width: 495px\" class=\"wp-caption aligncenter\"><a href=\"http:\/\/www.riogrande.rs.gov.br\/smed\/wp-content\/uploads\/2017\/02\/20170223-pmrg2.jpg\" rel=\"lightbox[20580]\"><img loading=\"lazy\" decoding=\"async\" aria-describedby=\"caption-attachment-20581\" class=\"size-medium wp-image-20581\" src=\"http:\/\/www.riogrande.rs.gov.br\/smed\/wp-content\/uploads\/2017\/02\/20170223-pmrg2-485x323.jpg\" alt=\"\" width=\"485\" height=\"323\" srcset=\"https:\/\/www.riogrande.rs.gov.br\/smed\/wp-content\/uploads\/2017\/02\/20170223-pmrg2-485x323.jpg 485w, https:\/\/www.riogrande.rs.gov.br\/smed\/wp-content\/uploads\/2017\/02\/20170223-pmrg2-311x207.jpg 311w, https:\/\/www.riogrande.rs.gov.br\/smed\/wp-content\/uploads\/2017\/02\/20170223-pmrg2.jpg 700w\" sizes=\"(max-width: 485px) 100vw, 485px\" \/><\/a><p id=\"caption-attachment-20581\" class=\"wp-caption-text\">Cr\u00e9dito: Bruno Pires<\/p><\/div>\n<p style=\"text-align: justify;\">Fonte: <a href=\"http:\/\/www.riogrande.rs.gov.br\/pagina\/index.php\/noticias\/detalhes+13ef19d,,executivo-realiza-visitacao-guiada-na-biblioteca-rio-grandense.html#.WK871jjLJ9A\" target=\"_blank\"><strong>www.riogrande.rs.gov.br<\/strong><\/a><\/p>\n<p class=\"sizeable\" style=\"text-align: justify;\">Em comemora\u00e7\u00e3o aos 280 de funda\u00e7\u00e3o do Munic\u00edpio do Rio Grande, a Prefeitura realizou, na tarde desta quinta-feira (23), uma visita\u00e7\u00e3o guiada na Biblioteca Rio-Grandense. A Escola Municipal de Ensino Fundamental Navegantes compareceu na visita com alunos do 5\u00ba ano.<\/p>\n<p class=\"sizeable\" style=\"text-align: justify;\"><!--more--><\/p>\n<p class=\"sizeable\" style=\"text-align: justify;\">\n<p class=\"sizeable\" style=\"text-align: justify;\">A bibliotec\u00e1ria respons\u00e1vel pela visita\u00e7\u00e3o, Simone Grafulha, apresentou para cerca de 20 alunos as principais salas da biblioteca &#8211; \u00a0Silva Paes e Augusto Duprat, al\u00e9m da exposi\u00e7\u00e3o \u201cBibliotheca Rio-Grandense: Atrav\u00e9s dos tempos\u201d, que est\u00e1 aberta ao p\u00fablico no local.<\/p>\n<p class=\"sizeable\" style=\"text-align: justify;\">As professoras Sonia Ribeiro e Vanessa da Costa acompanharam os alunos da EMEF Navegantes que, ap\u00f3s a visita\u00e7\u00e3o, foram aos Museus da Cidade e Sacro juntamente com as representantes do N\u00facleo de Educa\u00e7\u00e3o Ambiental e Patrimonial da Secretaria da Educa\u00e7\u00e3o (SMED), a assessora Maria do Carmo Aguiar, e a coordenadora, F\u00e1tima Barbosa.<\/p>\n<p class=\"sizeable\" style=\"text-align: justify;\"><strong>Programa\u00e7\u00e3o 280 anos <\/strong><\/p>\n<p class=\"sizeable\" style=\"text-align: justify;\">A programa\u00e7\u00e3o de anivers\u00e1rio da cidade segue at\u00e9 amanh\u00e3 (24), quando\u00a0o Prefeito Municipal, Alexandre Lindenmeyer,\u00a0ir\u00e1 passar nas Escolas de Ensino Fundamental onde ser\u00e3o realizadas uma s\u00e9rie de atividades. As escolas que receber\u00e3o a comitiva do Executivo s\u00e3o: Dolores Garcia (Parque Guanabara), Ana Neri (Bolaxa) e tamb\u00e9m na Escola Bil\u00edngue Carmem Regina Teixeira Baldino (Centro). No per\u00edodo da tarde as institui\u00e7\u00f5es que ir\u00e3o receber a presen\u00e7a do Prefeito ser\u00e3o as Escolas, Zelly Pereira Esmeraldo (Cidade de \u00c1gueda), Assis Brasil (Santa Rosa) e Ant\u00f4nio Carlos Lopes (S\u00edtio Santa Cruz).<\/p>\n<p class=\"sizeable\"><strong><a href=\"http:\/\/www.riogrande.rs.gov.br\/pagina\/index.php\/noticias\/detalhes+13eed89,,prefeito-municipal-ira-realizar-visitas-em-escolas-do-municipio.html#.WK8vrtwrLIU\" target=\"_blank\">Mais informa\u00e7\u00f5es<\/a><\/strong><\/p>\n<p class=\"sizeable\" style=\"text-align: right;\"><em>\u00a0<\/em><\/p>\n<p class=\"sizeable\" style=\"text-align: right;\"><em>Assessoria de Comunica\u00e7\u00e3o\/ PMRG<\/em><\/p>\n","protected":false},"excerpt":{"rendered":"<p>Fonte: www.riogrande.rs.gov.br Em comemora\u00e7\u00e3o aos 280 de funda\u00e7\u00e3o do Munic\u00edpio do Rio Grande, a Prefeitura realizou, na tarde desta quinta-feira (23), uma visita\u00e7\u00e3o guiada na Biblioteca Rio-Grandense. A Escola Municipal de Ensino Fundamental Navegantes compareceu na visita com alunos do 5\u00ba ano.<\/p>\n","protected":false},"author":7,"featured_media":0,"comment_status":"closed","ping_status":"closed","sticky":false,"template":"","format":"standard","meta":{"footnotes":""},"categories":[1,13],"tags":[],"class_list":["post-20580","post","type-post","status-publish","format-standard","hentry","category-noticias","category-pedagogico"],"_links":{"self":[{"href":"https:\/\/www.riogrande.rs.gov.br\/smed\/index.php?rest_route=\/wp\/v2\/posts\/20580"}],"collection":[{"href":"https:\/\/www.riogrande.rs.gov.br\/smed\/index.php?rest_route=\/wp\/v2\/posts"}],"about":[{"href":"https:\/\/www.riogrande.rs.gov.br\/smed\/index.php?rest_route=\/wp\/v2\/types\/post"}],"author":[{"embeddable":true,"href":"https:\/\/www.riogrande.rs.gov.br\/smed\/index.php?rest_route=\/wp\/v2\/users\/7"}],"replies":[{"embeddable":true,"href":"https:\/\/www.riogrande.rs.gov.br\/smed\/index.php?rest_route=%2Fwp%2Fv2%2Fcomments&post=20580"}],"version-history":[{"count":1,"href":"https:\/\/www.riogrande.rs.gov.br\/smed\/index.php?rest_route=\/wp\/v2\/posts\/20580\/revisions"}],"predecessor-version":[{"id":20582,"href":"https:\/\/www.riogrande.rs.gov.br\/smed\/index.php?rest_route=\/wp\/v2\/posts\/20580\/revisions\/20582"}],"wp:attachment":[{"href":"https:\/\/www.riogrande.rs.gov.br\/smed\/index.php?rest_route=%2Fwp%2Fv2%2Fmedia&parent=20580"}],"wp:term":[{"taxonomy":"category","embeddable":true,"href":"https:\/\/www.riogrande.rs.gov.br\/smed\/index.php?rest_route=%2Fwp%2Fv2%2Fcategories&post=20580"},{"taxonomy":"post_tag","embeddable":true,"href":"https:\/\/www.riogrande.rs.gov.br\/smed\/index.php?rest_route=%2Fwp%2Fv2%2Ftags&post=20580"}],"curies":[{"name":"wp","href":"https:\/\/api.w.org\/{rel}","templated":true}]}}