{"id":20570,"date":"2017-02-23T17:57:44","date_gmt":"2017-02-23T20:57:44","guid":{"rendered":"http:\/\/www.riogrande.rs.gov.br\/smed\/?p=20570"},"modified":"2017-03-10T16:02:01","modified_gmt":"2017-03-10T19:02:01","slug":"20570","status":"publish","type":"post","link":"https:\/\/www.riogrande.rs.gov.br\/smed\/?p=20570","title":{"rendered":"PREFEITO MUNICIPAL IR\u00c1 REALIZAR VISITAS EM ESCOLAS DO MUNIC\u00cdPIO"},"content":{"rendered":"<div id=\"attachment_20571\" style=\"width: 495px\" class=\"wp-caption aligncenter\"><a href=\"http:\/\/www.riogrande.rs.gov.br\/smed\/wp-content\/uploads\/2017\/02\/20170223-pmrg1.jpg\" rel=\"lightbox[20570]\"><img loading=\"lazy\" decoding=\"async\" aria-describedby=\"caption-attachment-20571\" class=\"size-medium wp-image-20571\" src=\"http:\/\/www.riogrande.rs.gov.br\/smed\/wp-content\/uploads\/2017\/02\/20170223-pmrg1-485x272.jpg\" alt=\"\" width=\"485\" height=\"272\" srcset=\"https:\/\/www.riogrande.rs.gov.br\/smed\/wp-content\/uploads\/2017\/02\/20170223-pmrg1-485x272.jpg 485w, https:\/\/www.riogrande.rs.gov.br\/smed\/wp-content\/uploads\/2017\/02\/20170223-pmrg1-369x207.jpg 369w, https:\/\/www.riogrande.rs.gov.br\/smed\/wp-content\/uploads\/2017\/02\/20170223-pmrg1.jpg 700w\" sizes=\"(max-width: 485px) 100vw, 485px\" \/><\/a><p id=\"caption-attachment-20571\" class=\"wp-caption-text\">Cr\u00e9dito: SMCRI<\/p><\/div>\n<p style=\"text-align: justify;\">Fonte: <a href=\"http:\/\/www.riogrande.rs.gov.br\/pagina\/index.php\/noticias\/detalhes+13eed89,,prefeito-municipal-ira-realizar-visitas-em-escolas-do-municipio.html#.WK9LY_pv_R1\" target=\"_blank\"><strong>www.riogrande.rs.gov.br<\/strong><\/a><\/p>\n<p style=\"text-align: justify;\">Seguindo o cronograma de festividades alusivo aos 280 anos da funda\u00e7\u00e3o da Cidade do Rio Grande, o Prefeito Municipal, Alexandre Lindenmeyer, ir\u00e1 realizar uma s\u00e9rie de visitas, nesta sexta-feira (24), em escolas do nosso Munic\u00edpio.<\/p>\n<p style=\"text-align: justify;\"><!--more--><\/p>\n<p style=\"text-align: justify;\">Pela parte da manh\u00e3, o Chefe do Executivo ir\u00e1 passar nas Escolas de Ensino Fundamental, Dolores Garcia (Parque Guanabara), Ana Neri (Bolaxa) e tamb\u00e9m na Escola Bil\u00edngue Carmem Regina Teixeira Baldino (Centro). No per\u00edodo da tarde as institui\u00e7\u00f5es que ir\u00e3o receber a presen\u00e7a do Prefeito ser\u00e3o as Escolas, Zelly Pereira Esmeraldo (Cidade de \u00c1gueda), Assis Brasil (Santa Rosa) e Ant\u00f4nio Carlos Lopes (S\u00edtio Santa Cruz).<\/p>\n<p style=\"text-align: justify;\">Ser\u00e3o desenvolvidas uma s\u00e9rie de atividades durante a passada da comitiva do Executivo. Confira o cronograma abaixo:<\/p>\n<p style=\"text-align: justify;\">8h30min\u00a0\u2013 EMEF Dolores Garcia: exposi\u00e7\u00e3o com fotografias; apresenta\u00e7\u00e3o cultural gauchesca e sarau po\u00e9tico.<\/p>\n<p style=\"text-align: justify;\">09h30min \u2013 EMEF Ana Neri: carta ao Prefeito lida pelos alunos; exposi\u00e7\u00e3o de trabalhos referente aos 280 anos da funda\u00e7\u00e3o do Munic\u00edpio, e tamb\u00e9m aos 70 anos da Escola.<\/p>\n<p style=\"text-align: justify;\">10h30min &#8211; Escola Bil\u00edngue Carmem Regina Teixeira Baldino: exposi\u00e7\u00e3o de trabalhos focados no anivers\u00e1rio da Cidade e v\u00eddeo em libras sobre a hist\u00f3ria do Munic\u00edpio<\/p>\n<p style=\"text-align: justify;\">13h30min\u00a0&#8211; EMEF Zelly Esmeraldo: exposi\u00e7\u00e3o de trabalhos focados no anivers\u00e1rio da Cidade.<\/p>\n<p style=\"text-align: justify;\">14h30min\u00a0\u2013 EMEF Assis Brasil: baile de carnaval com tem\u00e1tica referente ao anivers\u00e1rio do Munic\u00edpio; apresenta\u00e7\u00e3o de bloco carnavalesco e apresenta\u00e7\u00e3o de trabalhos realizados pelos alunos.<\/p>\n<p style=\"text-align: justify;\">15h30min\u00a0\u2013 EMEF Ant\u00f4nio Lopes: exposi\u00e7\u00e3o de trabalhos e apresenta\u00e7\u00e3o da Banda Marcial, regida pelo Instrutor Tuti.<\/p>\n","protected":false},"excerpt":{"rendered":"<p>Fonte: www.riogrande.rs.gov.br Seguindo o cronograma de festividades alusivo aos 280 anos da funda\u00e7\u00e3o da Cidade do Rio Grande, o Prefeito Municipal, Alexandre Lindenmeyer, ir\u00e1 realizar uma s\u00e9rie de visitas, nesta sexta-feira (24), em escolas do nosso Munic\u00edpio.<\/p>\n","protected":false},"author":7,"featured_media":0,"comment_status":"closed","ping_status":"closed","sticky":false,"template":"","format":"standard","meta":{"footnotes":""},"categories":[45,1],"tags":[],"class_list":["post-20570","post","type-post","status-publish","format-standard","hentry","category-280anosriogrande","category-noticias"],"_links":{"self":[{"href":"https:\/\/www.riogrande.rs.gov.br\/smed\/index.php?rest_route=\/wp\/v2\/posts\/20570"}],"collection":[{"href":"https:\/\/www.riogrande.rs.gov.br\/smed\/index.php?rest_route=\/wp\/v2\/posts"}],"about":[{"href":"https:\/\/www.riogrande.rs.gov.br\/smed\/index.php?rest_route=\/wp\/v2\/types\/post"}],"author":[{"embeddable":true,"href":"https:\/\/www.riogrande.rs.gov.br\/smed\/index.php?rest_route=\/wp\/v2\/users\/7"}],"replies":[{"embeddable":true,"href":"https:\/\/www.riogrande.rs.gov.br\/smed\/index.php?rest_route=%2Fwp%2Fv2%2Fcomments&post=20570"}],"version-history":[{"count":3,"href":"https:\/\/www.riogrande.rs.gov.br\/smed\/index.php?rest_route=\/wp\/v2\/posts\/20570\/revisions"}],"predecessor-version":[{"id":20574,"href":"https:\/\/www.riogrande.rs.gov.br\/smed\/index.php?rest_route=\/wp\/v2\/posts\/20570\/revisions\/20574"}],"wp:attachment":[{"href":"https:\/\/www.riogrande.rs.gov.br\/smed\/index.php?rest_route=%2Fwp%2Fv2%2Fmedia&parent=20570"}],"wp:term":[{"taxonomy":"category","embeddable":true,"href":"https:\/\/www.riogrande.rs.gov.br\/smed\/index.php?rest_route=%2Fwp%2Fv2%2Fcategories&post=20570"},{"taxonomy":"post_tag","embeddable":true,"href":"https:\/\/www.riogrande.rs.gov.br\/smed\/index.php?rest_route=%2Fwp%2Fv2%2Ftags&post=20570"}],"curies":[{"name":"wp","href":"https:\/\/api.w.org\/{rel}","templated":true}]}}