{"id":20568,"date":"2017-02-22T22:19:27","date_gmt":"2017-02-23T01:19:27","guid":{"rendered":"http:\/\/www.riogrande.rs.gov.br\/smed\/?p=20568"},"modified":"2017-02-22T22:19:27","modified_gmt":"2017-02-23T01:19:27","slug":"smed-realizara-reuniao-com-professores-das-salas-de-recursosmultifuncionais-nos-dias-23-e-24","status":"publish","type":"post","link":"https:\/\/www.riogrande.rs.gov.br\/smed\/?p=20568","title":{"rendered":"SMEd realizar\u00e1 reuni\u00e3o com Professores das Salas de Recursos\/Multifuncionais nos dias 23 e 24"},"content":{"rendered":"<p style=\"text-align: justify;\">A Secretaria de Munic\u00edpio da Educa\u00e7\u00e3o de Rio Grande (SMEd), atrav\u00e9s do N\u00facleo de Diversidade e Inclus\u00e3o, realizar\u00e1, nos dias <b>23 e 24 de fevereiro<\/b>, na Escola Municipal \u00a0para a Diversidade Cultural e Inclus\u00e3o <b>Escola Viva<\/b>, reuni\u00f5es extraordin\u00e1rias, por Polos, com as Professoras das Salas de Recursos\/Multifuncionais.<\/p>\n<p style=\"text-align: justify;\"><!--more--><\/p>\n<p style=\"text-align: justify;\">\n<p style=\"text-align: justify;\">Confira abaixo o quadro com dias, hor\u00e1rios e Polos especificados, para que os Professores das Salas de Recursos\/Multifuncionais possam participar, conforme o seu turno de trabalho.<\/p>\n<p>&nbsp;<\/p>\n<table style=\"width: 90%;\" border=\"1\">\n<tbody>\n<tr>\n<td style=\"text-align: center;\">Data<\/td>\n<td style=\"text-align: center;\">Hor\u00e1rio<\/td>\n<td style=\"text-align: center;\">P\u00fablico (turno)<\/td>\n<\/tr>\n<tr>\n<td style=\"text-align: center;\">23\/02<\/td>\n<td style=\"text-align: center;\">8h30min<\/td>\n<td style=\"text-align: center;\">Polos 1 e 2 \u00a0(manh\u00e3)<\/td>\n<\/tr>\n<tr>\n<td style=\"text-align: center;\">23\/02<\/td>\n<td style=\"text-align: center;\">10h30min<\/td>\n<td style=\"text-align: center;\">Polos 3 e 4 (manh\u00e3)<\/td>\n<\/tr>\n<tr>\n<td style=\"text-align: center;\">23\/02<\/td>\n<td style=\"text-align: center;\">13h30min<\/td>\n<td style=\"text-align: center;\">Polos 1 e 2 (tarde)<\/td>\n<\/tr>\n<tr>\n<td style=\"text-align: center;\">23\/02<\/td>\n<td style=\"text-align: center;\">15h30min<\/td>\n<td style=\"text-align: center;\">Polos 3 e 4 (tarde)<\/td>\n<\/tr>\n<tr>\n<td style=\"text-align: center;\">24\/02<\/td>\n<td style=\"text-align: center;\">8h30min<\/td>\n<td style=\"text-align: center;\">Polos 5 e 8 (manh\u00e3)<\/td>\n<\/tr>\n<tr>\n<td style=\"text-align: center;\">24\/02<\/td>\n<td style=\"text-align: center;\">13h30min<\/td>\n<td style=\"text-align: center;\">Polos 5 e 8 (tarde)<\/td>\n<\/tr>\n<tr>\n<td style=\"text-align: center;\">24\/02<\/td>\n<td style=\"text-align: center;\">15h30min<\/td>\n<td style=\"text-align: center;\">Polos 6 e 7 (manh\u00e3 e tarde)<\/td>\n<\/tr>\n<\/tbody>\n<\/table>\n<p>&nbsp;<\/p>\n<p style=\"text-align: right;\"><em>SMEd<\/em><br \/>\n<em> Roberton Reis<\/em><\/p>\n","protected":false},"excerpt":{"rendered":"<p>A Secretaria de Munic\u00edpio da Educa\u00e7\u00e3o de Rio Grande (SMEd), atrav\u00e9s do N\u00facleo de Diversidade e Inclus\u00e3o, realizar\u00e1, nos dias 23 e 24 de fevereiro, na Escola Municipal \u00a0para a Diversidade Cultural e Inclus\u00e3o Escola Viva, reuni\u00f5es extraordin\u00e1rias, por Polos, com as Professoras das Salas de Recursos\/Multifuncionais.<\/p>\n","protected":false},"author":7,"featured_media":0,"comment_status":"closed","ping_status":"closed","sticky":false,"template":"","format":"standard","meta":{"footnotes":""},"categories":[1,13],"tags":[],"class_list":["post-20568","post","type-post","status-publish","format-standard","hentry","category-noticias","category-pedagogico"],"_links":{"self":[{"href":"https:\/\/www.riogrande.rs.gov.br\/smed\/index.php?rest_route=\/wp\/v2\/posts\/20568"}],"collection":[{"href":"https:\/\/www.riogrande.rs.gov.br\/smed\/index.php?rest_route=\/wp\/v2\/posts"}],"about":[{"href":"https:\/\/www.riogrande.rs.gov.br\/smed\/index.php?rest_route=\/wp\/v2\/types\/post"}],"author":[{"embeddable":true,"href":"https:\/\/www.riogrande.rs.gov.br\/smed\/index.php?rest_route=\/wp\/v2\/users\/7"}],"replies":[{"embeddable":true,"href":"https:\/\/www.riogrande.rs.gov.br\/smed\/index.php?rest_route=%2Fwp%2Fv2%2Fcomments&post=20568"}],"version-history":[{"count":1,"href":"https:\/\/www.riogrande.rs.gov.br\/smed\/index.php?rest_route=\/wp\/v2\/posts\/20568\/revisions"}],"predecessor-version":[{"id":20569,"href":"https:\/\/www.riogrande.rs.gov.br\/smed\/index.php?rest_route=\/wp\/v2\/posts\/20568\/revisions\/20569"}],"wp:attachment":[{"href":"https:\/\/www.riogrande.rs.gov.br\/smed\/index.php?rest_route=%2Fwp%2Fv2%2Fmedia&parent=20568"}],"wp:term":[{"taxonomy":"category","embeddable":true,"href":"https:\/\/www.riogrande.rs.gov.br\/smed\/index.php?rest_route=%2Fwp%2Fv2%2Fcategories&post=20568"},{"taxonomy":"post_tag","embeddable":true,"href":"https:\/\/www.riogrande.rs.gov.br\/smed\/index.php?rest_route=%2Fwp%2Fv2%2Ftags&post=20568"}],"curies":[{"name":"wp","href":"https:\/\/api.w.org\/{rel}","templated":true}]}}