{"id":20557,"date":"2017-02-22T21:31:33","date_gmt":"2017-02-23T00:31:33","guid":{"rendered":"http:\/\/www.riogrande.rs.gov.br\/smed\/?p=20557"},"modified":"2017-02-22T21:31:33","modified_gmt":"2017-02-23T00:31:33","slug":"foi-realizado-hoje-22-o-lancamento-do-guia-de-arborizacao-urbana-e-piquenique-escolar","status":"publish","type":"post","link":"https:\/\/www.riogrande.rs.gov.br\/smed\/?p=20557","title":{"rendered":"FOI REALIZADO HOJE (22) O LAN\u00c7AMENTO DO GUIA DE ARBORIZA\u00c7\u00c3O URBANA E PIQUENIQUE ESCOLAR"},"content":{"rendered":"\n\t\t<style type=\"text\/css\">\n\t\t\t#gallery-1 {\n\t\t\t\tmargin: auto;\n\t\t\t}\n\t\t\t#gallery-1 .gallery-item {\n\t\t\t\tfloat: left;\n\t\t\t\tmargin-top: 10px;\n\t\t\t\ttext-align: center;\n\t\t\t\twidth: 33%;\n\t\t\t}\n\t\t\t#gallery-1 img {\n\t\t\t\tborder: 2px solid #cfcfcf;\n\t\t\t}\n\t\t\t#gallery-1 .gallery-caption {\n\t\t\t\tmargin-left: 0;\n\t\t\t}\n\t\t\t\/* see gallery_shortcode() in wp-includes\/media.php *\/\n\t\t<\/style>\n\t\t<div id='gallery-1' class='gallery galleryid-20557 gallery-columns-3 gallery-size-thumbnail'><dl class='gallery-item'>\n\t\t\t<dt class='gallery-icon landscape'>\n\t\t\t\t<a href='https:\/\/www.riogrande.rs.gov.br\/smed\/wp-content\/uploads\/2017\/02\/20170222-pmrg1.jpg' rel=\"lightbox[20557]\"><img loading=\"lazy\" decoding=\"async\" width=\"150\" height=\"150\" src=\"https:\/\/www.riogrande.rs.gov.br\/smed\/wp-content\/uploads\/2017\/02\/20170222-pmrg1-150x150.jpg\" class=\"attachment-thumbnail size-thumbnail\" alt=\"\" aria-describedby=\"gallery-1-20558\" \/><\/a>\n\t\t\t<\/dt>\n\t\t\t\t<dd class='wp-caption-text gallery-caption' id='gallery-1-20558'>\n\t\t\t\tCr\u00e9dito: Marcos Jatahy\n\t\t\t\t<\/dd><\/dl><dl class='gallery-item'>\n\t\t\t<dt class='gallery-icon landscape'>\n\t\t\t\t<a href='https:\/\/www.riogrande.rs.gov.br\/smed\/wp-content\/uploads\/2017\/02\/20170222-pmrg2.jpg' rel=\"lightbox[20557]\"><img loading=\"lazy\" decoding=\"async\" width=\"150\" height=\"150\" src=\"https:\/\/www.riogrande.rs.gov.br\/smed\/wp-content\/uploads\/2017\/02\/20170222-pmrg2-150x150.jpg\" class=\"attachment-thumbnail size-thumbnail\" alt=\"\" aria-describedby=\"gallery-1-20559\" \/><\/a>\n\t\t\t<\/dt>\n\t\t\t\t<dd class='wp-caption-text gallery-caption' id='gallery-1-20559'>\n\t\t\t\tCr\u00e9dito: Marcos Jatahy\n\t\t\t\t<\/dd><\/dl><dl class='gallery-item'>\n\t\t\t<dt class='gallery-icon landscape'>\n\t\t\t\t<a href='https:\/\/www.riogrande.rs.gov.br\/smed\/wp-content\/uploads\/2017\/02\/20170222-pmrg3.jpg' rel=\"lightbox[20557]\"><img loading=\"lazy\" decoding=\"async\" width=\"150\" height=\"150\" src=\"https:\/\/www.riogrande.rs.gov.br\/smed\/wp-content\/uploads\/2017\/02\/20170222-pmrg3-150x150.jpg\" class=\"attachment-thumbnail size-thumbnail\" alt=\"\" aria-describedby=\"gallery-1-20560\" \/><\/a>\n\t\t\t<\/dt>\n\t\t\t\t<dd class='wp-caption-text gallery-caption' id='gallery-1-20560'>\n\t\t\t\tCr\u00e9dito: Marcos Jatahy\n\t\t\t\t<\/dd><\/dl><br style=\"clear: both\" \/><dl class='gallery-item'>\n\t\t\t<dt class='gallery-icon landscape'>\n\t\t\t\t<a href='https:\/\/www.riogrande.rs.gov.br\/smed\/wp-content\/uploads\/2017\/02\/20170222-pmrg4.jpg' rel=\"lightbox[20557]\"><img loading=\"lazy\" decoding=\"async\" width=\"150\" height=\"150\" src=\"https:\/\/www.riogrande.rs.gov.br\/smed\/wp-content\/uploads\/2017\/02\/20170222-pmrg4-150x150.jpg\" class=\"attachment-thumbnail size-thumbnail\" alt=\"\" aria-describedby=\"gallery-1-20561\" \/><\/a>\n\t\t\t<\/dt>\n\t\t\t\t<dd class='wp-caption-text gallery-caption' id='gallery-1-20561'>\n\t\t\t\tCr\u00e9dito: Marcos Jatahy\n\t\t\t\t<\/dd><\/dl><dl class='gallery-item'>\n\t\t\t<dt class='gallery-icon landscape'>\n\t\t\t\t<a href='https:\/\/www.riogrande.rs.gov.br\/smed\/wp-content\/uploads\/2017\/02\/20170222-pmrg5.jpg' rel=\"lightbox[20557]\"><img loading=\"lazy\" decoding=\"async\" width=\"150\" height=\"150\" src=\"https:\/\/www.riogrande.rs.gov.br\/smed\/wp-content\/uploads\/2017\/02\/20170222-pmrg5-150x150.jpg\" class=\"attachment-thumbnail size-thumbnail\" alt=\"\" aria-describedby=\"gallery-1-20562\" \/><\/a>\n\t\t\t<\/dt>\n\t\t\t\t<dd class='wp-caption-text gallery-caption' id='gallery-1-20562'>\n\t\t\t\tCr\u00e9dito: Marcos Jatahy\n\t\t\t\t<\/dd><\/dl><dl class='gallery-item'>\n\t\t\t<dt class='gallery-icon landscape'>\n\t\t\t\t<a href='https:\/\/www.riogrande.rs.gov.br\/smed\/wp-content\/uploads\/2017\/02\/20170222-pmrg6.jpg' rel=\"lightbox[20557]\"><img loading=\"lazy\" decoding=\"async\" width=\"150\" height=\"150\" src=\"https:\/\/www.riogrande.rs.gov.br\/smed\/wp-content\/uploads\/2017\/02\/20170222-pmrg6-150x150.jpg\" class=\"attachment-thumbnail size-thumbnail\" alt=\"\" aria-describedby=\"gallery-1-20563\" \/><\/a>\n\t\t\t<\/dt>\n\t\t\t\t<dd class='wp-caption-text gallery-caption' id='gallery-1-20563'>\n\t\t\t\tCr\u00e9dito: Marcos Jatahy\n\t\t\t\t<\/dd><\/dl><br style=\"clear: both\" \/><dl class='gallery-item'>\n\t\t\t<dt class='gallery-icon landscape'>\n\t\t\t\t<a href='https:\/\/www.riogrande.rs.gov.br\/smed\/wp-content\/uploads\/2017\/02\/20170222-pmrg7.jpg' rel=\"lightbox[20557]\"><img loading=\"lazy\" decoding=\"async\" width=\"150\" height=\"150\" src=\"https:\/\/www.riogrande.rs.gov.br\/smed\/wp-content\/uploads\/2017\/02\/20170222-pmrg7-150x150.jpg\" class=\"attachment-thumbnail size-thumbnail\" alt=\"\" aria-describedby=\"gallery-1-20564\" \/><\/a>\n\t\t\t<\/dt>\n\t\t\t\t<dd class='wp-caption-text gallery-caption' id='gallery-1-20564'>\n\t\t\t\tCr\u00e9dito: Marcos Jatahy\n\t\t\t\t<\/dd><\/dl><dl class='gallery-item'>\n\t\t\t<dt class='gallery-icon landscape'>\n\t\t\t\t<a href='https:\/\/www.riogrande.rs.gov.br\/smed\/wp-content\/uploads\/2017\/02\/20170222-pmrg8.jpg' rel=\"lightbox[20557]\"><img loading=\"lazy\" decoding=\"async\" width=\"150\" height=\"150\" src=\"https:\/\/www.riogrande.rs.gov.br\/smed\/wp-content\/uploads\/2017\/02\/20170222-pmrg8-150x150.jpg\" class=\"attachment-thumbnail size-thumbnail\" alt=\"\" aria-describedby=\"gallery-1-20565\" \/><\/a>\n\t\t\t<\/dt>\n\t\t\t\t<dd class='wp-caption-text gallery-caption' id='gallery-1-20565'>\n\t\t\t\tCr\u00e9dito: Marcos Jatahy\n\t\t\t\t<\/dd><\/dl><dl class='gallery-item'>\n\t\t\t<dt class='gallery-icon landscape'>\n\t\t\t\t<a href='https:\/\/www.riogrande.rs.gov.br\/smed\/wp-content\/uploads\/2017\/02\/20170222-pmrg9.jpg' rel=\"lightbox[20557]\"><img loading=\"lazy\" decoding=\"async\" width=\"150\" height=\"150\" src=\"https:\/\/www.riogrande.rs.gov.br\/smed\/wp-content\/uploads\/2017\/02\/20170222-pmrg9-150x150.jpg\" class=\"attachment-thumbnail size-thumbnail\" alt=\"\" aria-describedby=\"gallery-1-20566\" \/><\/a>\n\t\t\t<\/dt>\n\t\t\t\t<dd class='wp-caption-text gallery-caption' id='gallery-1-20566'>\n\t\t\t\tCr\u00e9dito: Marcos Jatahy\n\t\t\t\t<\/dd><\/dl><br style=\"clear: both\" \/>\n\t\t<\/div>\n\n<p style=\"text-align: justify;\">Fonte: <a href=\"http:\/\/www.riogrande.rs.gov.br\/pagina\/index.php\/noticias\/detalhes+13ed925,,foi-realizado-hoje-22-o-lancamento-do-guia-de-arborizacao-urbana-e-piquenique-escolar.html#.WK4rOvpv_R1\" target=\"_blank\"><strong>www.riogrande.rs.gov.br<\/strong><\/a><\/p>\n<p class=\"sizeable\" style=\"text-align: justify;\">Na tarde de hoje (22), no Horto Municipal do Cassino, aconteceram o lan\u00e7amento do Guia de Arboriza\u00e7\u00e3o Urbana Municipal e o Piquenique escolar com turmas da Escola da rede municipal Pedro Carlos Peixoto Primo e da Escola de Educa\u00e7\u00e3o Infantil Quer\u00eancia. As atividades fizeram parte da programa\u00e7\u00e3o de comemora\u00e7\u00e3o dos 280 anos do Munic\u00edpio que segue at\u00e9 a pr\u00f3xima quinta-feira.<\/p>\n<p class=\"sizeable\" style=\"text-align: justify;\"><!--more--><\/p>\n<p class=\"sizeable\" style=\"text-align: justify;\">\n<p class=\"sizeable\" style=\"text-align: justify;\">Na ocasi\u00e3o, al\u00e9m dos alunos que participaram do piquenique, estavam presentes o Prefeito Municipal Alexandre Lindenmeyer e outras autoridades como o Secret\u00e1rio do Meio Ambiente, Eduardo Morrone, o Secret\u00e1rio adjunto da SMMA, Luiz Arthur Filho, o Engenheiro Agr\u00f4nomo tamb\u00e9m da SMMA, J\u00falio Camacho, a Assessora de gabinete da SMed, Adriana de Carvalho, o Superintendente da SMEd, Felipe Alonso dos Santos, entre outros.<\/p>\n<p class=\"sizeable\" style=\"text-align: justify;\">O Guia de Arboriza\u00e7\u00e3o Municipal foi lan\u00e7ado com o objetivo de servir de instrumento t\u00e9cnico para uso da arboriza\u00e7\u00e3o no Munic\u00edpio. De acordo com o Secret\u00e1rio adjunto da SMMA, Luiz Arthur Filho, o guia poder\u00e1 ser usado como aux\u00edlio tanto pela comunidade, quanto em atividades de educa\u00e7\u00e3o ambiental e por empresas locais.<\/p>\n<p class=\"sizeable\" style=\"text-align: justify;\">Por outro lado o Engenheiro Agr\u00f4nomo da SMMA, J\u00falio Camacho, comentou que: <em>\u201c<strong>O processo de elabora\u00e7\u00e3o desse novo instrumento de aux\u00edlio \u00e0 arboriza\u00e7\u00e3o urbana inicia a partir da Lei 6832 de 2009, que disp\u00f5e sobre o Plano Diretor de Arboriza\u00e7\u00e3o Urbana e regula O que plantar? Como plantar? e, Onde plantar? entre outras orienta\u00e7\u00f5es.<\/strong>\u201d <\/em>Ainda de acordo com o Engenheiro da SMMA, a Lei basicamente especifica o plantio de pelo menos 70% de esp\u00e9cies nativas, que consequentemente se adaptam melhor a nossa regi\u00e3o.<\/p>\n<p class=\"sizeable\" style=\"text-align: justify;\">Ap\u00f3s acompanharem o Lan\u00e7amento do Guia, os alunos juntamente com o Prefeito Alexandre Lindenmeyer, realizaram o plantio da planta \u201c\u00c1rvore Lunar\u201d, e, em seguida \u00a0seguiram para o piquenique e passeio pelo Horto.<\/p>\n<p class=\"sizeable\" style=\"text-align: justify;\">De acordo com a assessora de gabinete Adriana Matos de Carvalho, da Secretaria de Educa\u00e7\u00e3o (SMEd), que organizou o piquenique, em parceria com a Secretaria de Munic\u00edpio do Cassino (SMC): <em>\u201c <strong>A partir da ideia da realiza\u00e7\u00e3o de atividades para comemora\u00e7\u00e3o dos 280 anos do Munic\u00edpio, n\u00f3s pensamos em trazer as escolas para participarem desse piquenique tamb\u00e9m com o objetivo de potencializar que as crian\u00e7as reconhe\u00e7am os espa\u00e7os p\u00fablicos da cidade, para que cada vez mais fam\u00edlias frequentem esses lugares e interajam com eles.<\/strong>\u201d<\/em><\/p>\n<p class=\"sizeable\" style=\"text-align: justify;\"><strong>\u00a0HIST\u00d3RIA DA \u00c1RVORE LUNAR<\/strong><\/p>\n<p class=\"sizeable\" style=\"text-align: justify;\">As sementes da \u00e1rvore lunar (Sequoia Americana), foram transportadas pela miss\u00e3o especial norte-americana Apolo XIV, germinou durante a viagem e posteriormente foi enviada a alguns parques do mundo.<\/p>\n<p class=\"sizeable\" style=\"text-align: justify;\">No Brasil, de tr\u00eas mudas, apenas a \u00e1rvore de Santa Rosa, plantada no Parque de Exposi\u00e7\u00f5es, no ano de 1981, sobreviveu.\u00a0 Os clones dessa planta foram feitos pelo Professor Vilson Cambranel, depois de uma longa pesquisa. A \u00e1rvore foi adotada pela 4\u00aa Indum\u00f3veis Internacional como s\u00edmbolo de reflorestamento.<\/p>\n<p class=\"sizeable\">\n<p class=\"sizeable\" style=\"text-align: right;\"><em>Assessoria de Comunica\u00e7\u00e3o\/PMRG<\/em><\/p>\n","protected":false},"excerpt":{"rendered":"<p>Fonte: www.riogrande.rs.gov.br Na tarde de hoje (22), no Horto Municipal do Cassino, aconteceram o lan\u00e7amento do Guia de Arboriza\u00e7\u00e3o Urbana Municipal e o Piquenique escolar com turmas da Escola da rede municipal Pedro Carlos Peixoto Primo e da Escola de Educa\u00e7\u00e3o Infantil Quer\u00eancia. As atividades fizeram parte da programa\u00e7\u00e3o de comemora\u00e7\u00e3o dos 280 anos do [&hellip;]<\/p>\n","protected":false},"author":7,"featured_media":0,"comment_status":"closed","ping_status":"closed","sticky":false,"template":"","format":"standard","meta":{"footnotes":""},"categories":[1],"tags":[],"class_list":["post-20557","post","type-post","status-publish","format-standard","hentry","category-noticias"],"_links":{"self":[{"href":"https:\/\/www.riogrande.rs.gov.br\/smed\/index.php?rest_route=\/wp\/v2\/posts\/20557"}],"collection":[{"href":"https:\/\/www.riogrande.rs.gov.br\/smed\/index.php?rest_route=\/wp\/v2\/posts"}],"about":[{"href":"https:\/\/www.riogrande.rs.gov.br\/smed\/index.php?rest_route=\/wp\/v2\/types\/post"}],"author":[{"embeddable":true,"href":"https:\/\/www.riogrande.rs.gov.br\/smed\/index.php?rest_route=\/wp\/v2\/users\/7"}],"replies":[{"embeddable":true,"href":"https:\/\/www.riogrande.rs.gov.br\/smed\/index.php?rest_route=%2Fwp%2Fv2%2Fcomments&post=20557"}],"version-history":[{"count":1,"href":"https:\/\/www.riogrande.rs.gov.br\/smed\/index.php?rest_route=\/wp\/v2\/posts\/20557\/revisions"}],"predecessor-version":[{"id":20567,"href":"https:\/\/www.riogrande.rs.gov.br\/smed\/index.php?rest_route=\/wp\/v2\/posts\/20557\/revisions\/20567"}],"wp:attachment":[{"href":"https:\/\/www.riogrande.rs.gov.br\/smed\/index.php?rest_route=%2Fwp%2Fv2%2Fmedia&parent=20557"}],"wp:term":[{"taxonomy":"category","embeddable":true,"href":"https:\/\/www.riogrande.rs.gov.br\/smed\/index.php?rest_route=%2Fwp%2Fv2%2Fcategories&post=20557"},{"taxonomy":"post_tag","embeddable":true,"href":"https:\/\/www.riogrande.rs.gov.br\/smed\/index.php?rest_route=%2Fwp%2Fv2%2Ftags&post=20557"}],"curies":[{"name":"wp","href":"https:\/\/api.w.org\/{rel}","templated":true}]}}