{"id":20551,"date":"2017-02-21T22:01:15","date_gmt":"2017-02-22T01:01:15","guid":{"rendered":"http:\/\/www.riogrande.rs.gov.br\/smed\/?p=20551"},"modified":"2017-03-10T16:02:23","modified_gmt":"2017-03-10T19:02:23","slug":"smed-realizara-acao-alusiva-aos-280-anos-de-rio-grande-nesta-quarta-feira-22","status":"publish","type":"post","link":"https:\/\/www.riogrande.rs.gov.br\/smed\/?p=20551","title":{"rendered":"SMEd realizar\u00e1 a\u00e7\u00e3o alusiva aos 280 anos de Rio Grande nesta quarta-feira, 22"},"content":{"rendered":"<div id=\"attachment_20552\" style=\"width: 495px\" class=\"wp-caption aligncenter\"><a href=\"http:\/\/www.riogrande.rs.gov.br\/smed\/wp-content\/uploads\/2017\/02\/20170221-riogrande-image00.jpg\" rel=\"lightbox[20551]\"><img loading=\"lazy\" decoding=\"async\" aria-describedby=\"caption-attachment-20552\" class=\"size-medium wp-image-20552\" src=\"http:\/\/www.riogrande.rs.gov.br\/smed\/wp-content\/uploads\/2017\/02\/20170221-riogrande-image00-485x485.jpg\" alt=\"\" width=\"485\" height=\"485\" srcset=\"https:\/\/www.riogrande.rs.gov.br\/smed\/wp-content\/uploads\/2017\/02\/20170221-riogrande-image00-485x485.jpg 485w, https:\/\/www.riogrande.rs.gov.br\/smed\/wp-content\/uploads\/2017\/02\/20170221-riogrande-image00-150x150.jpg 150w, https:\/\/www.riogrande.rs.gov.br\/smed\/wp-content\/uploads\/2017\/02\/20170221-riogrande-image00-768x768.jpg 768w, https:\/\/www.riogrande.rs.gov.br\/smed\/wp-content\/uploads\/2017\/02\/20170221-riogrande-image00-207x207.jpg 207w, https:\/\/www.riogrande.rs.gov.br\/smed\/wp-content\/uploads\/2017\/02\/20170221-riogrande-image00.jpg 800w\" sizes=\"(max-width: 485px) 100vw, 485px\" \/><\/a><p id=\"caption-attachment-20552\" class=\"wp-caption-text\">Divulga\u00e7\u00e3o<\/p><\/div>\n<p style=\"text-align: justify;\">A Secretaria de Munic\u00edpio da Educa\u00e7\u00e3o de Rio Grande, atrav\u00e9s do N\u00facleo de Educa\u00e7\u00e3o Ambiental e Patrimonial, realizar\u00e1, nesta quarta-feira, <b>22 de fevereiro<\/b>, \u00e0s <b>17h<\/b>, no <b>Sal\u00e3o do Sobrado dos Azulejos<\/b>, uma atividade voltada aos servidores da SMEd, intitulada \u201c<b>Roda de Conversa 280 anos da Cidade do Rio Grande<\/b>&#8220;, a qual contar\u00e1 com a participa\u00e7\u00e3o do jornalista e escritor Willy Cesar, patrono da 44\u00aa Feira do Livro da FURG; e da poetisa Estela Chaplin.<\/p>\n<p>&nbsp;<\/p>\n<p style=\"text-align: right;\"><em>SMEd<\/em><br \/>\n<em> Roberton Reis<\/em><\/p>\n","protected":false},"excerpt":{"rendered":"<p>A Secretaria de Munic\u00edpio da Educa\u00e7\u00e3o de Rio Grande, atrav\u00e9s do N\u00facleo de Educa\u00e7\u00e3o Ambiental e Patrimonial, realizar\u00e1, nesta quarta-feira, 22 de fevereiro, \u00e0s 17h, no Sal\u00e3o do Sobrado dos Azulejos, uma atividade voltada aos servidores da SMEd, intitulada \u201cRoda de Conversa 280 anos da Cidade do Rio Grande&#8220;, a qual contar\u00e1 com a participa\u00e7\u00e3o [&hellip;]<\/p>\n","protected":false},"author":7,"featured_media":0,"comment_status":"closed","ping_status":"closed","sticky":false,"template":"","format":"standard","meta":{"footnotes":""},"categories":[45,1],"tags":[],"class_list":["post-20551","post","type-post","status-publish","format-standard","hentry","category-280anosriogrande","category-noticias"],"_links":{"self":[{"href":"https:\/\/www.riogrande.rs.gov.br\/smed\/index.php?rest_route=\/wp\/v2\/posts\/20551"}],"collection":[{"href":"https:\/\/www.riogrande.rs.gov.br\/smed\/index.php?rest_route=\/wp\/v2\/posts"}],"about":[{"href":"https:\/\/www.riogrande.rs.gov.br\/smed\/index.php?rest_route=\/wp\/v2\/types\/post"}],"author":[{"embeddable":true,"href":"https:\/\/www.riogrande.rs.gov.br\/smed\/index.php?rest_route=\/wp\/v2\/users\/7"}],"replies":[{"embeddable":true,"href":"https:\/\/www.riogrande.rs.gov.br\/smed\/index.php?rest_route=%2Fwp%2Fv2%2Fcomments&post=20551"}],"version-history":[{"count":1,"href":"https:\/\/www.riogrande.rs.gov.br\/smed\/index.php?rest_route=\/wp\/v2\/posts\/20551\/revisions"}],"predecessor-version":[{"id":20553,"href":"https:\/\/www.riogrande.rs.gov.br\/smed\/index.php?rest_route=\/wp\/v2\/posts\/20551\/revisions\/20553"}],"wp:attachment":[{"href":"https:\/\/www.riogrande.rs.gov.br\/smed\/index.php?rest_route=%2Fwp%2Fv2%2Fmedia&parent=20551"}],"wp:term":[{"taxonomy":"category","embeddable":true,"href":"https:\/\/www.riogrande.rs.gov.br\/smed\/index.php?rest_route=%2Fwp%2Fv2%2Fcategories&post=20551"},{"taxonomy":"post_tag","embeddable":true,"href":"https:\/\/www.riogrande.rs.gov.br\/smed\/index.php?rest_route=%2Fwp%2Fv2%2Ftags&post=20551"}],"curies":[{"name":"wp","href":"https:\/\/api.w.org\/{rel}","templated":true}]}}