{"id":20531,"date":"2017-02-21T15:49:30","date_gmt":"2017-02-21T18:49:30","guid":{"rendered":"http:\/\/www.riogrande.rs.gov.br\/smed\/?p=20531"},"modified":"2017-03-10T16:02:49","modified_gmt":"2017-03-10T19:02:49","slug":"emef-rui-poester-promovera-semana-de-atividades-alusivas-aos-280-anos-de-rio-grande","status":"publish","type":"post","link":"https:\/\/www.riogrande.rs.gov.br\/smed\/?p=20531","title":{"rendered":"EMEF Rui Poester promover\u00e1 Semana de Atividades alusivas aos 280 anos de Rio Grande"},"content":{"rendered":"\n\t\t<style type=\"text\/css\">\n\t\t\t#gallery-1 {\n\t\t\t\tmargin: auto;\n\t\t\t}\n\t\t\t#gallery-1 .gallery-item {\n\t\t\t\tfloat: left;\n\t\t\t\tmargin-top: 10px;\n\t\t\t\ttext-align: center;\n\t\t\t\twidth: 50%;\n\t\t\t}\n\t\t\t#gallery-1 img {\n\t\t\t\tborder: 2px solid #cfcfcf;\n\t\t\t}\n\t\t\t#gallery-1 .gallery-caption {\n\t\t\t\tmargin-left: 0;\n\t\t\t}\n\t\t\t\/* see gallery_shortcode() in wp-includes\/media.php *\/\n\t\t<\/style>\n\t\t<div id='gallery-1' class='gallery galleryid-20531 gallery-columns-2 gallery-size-thumbnail'><dl class='gallery-item'>\n\t\t\t<dt class='gallery-icon landscape'>\n\t\t\t\t<a href='https:\/\/www.riogrande.rs.gov.br\/smed\/wp-content\/uploads\/2017\/02\/20170221-poester-image00.jpg' rel=\"lightbox[20531]\"><img loading=\"lazy\" decoding=\"async\" width=\"150\" height=\"150\" src=\"https:\/\/www.riogrande.rs.gov.br\/smed\/wp-content\/uploads\/2017\/02\/20170221-poester-image00-150x150.jpg\" class=\"attachment-thumbnail size-thumbnail\" alt=\"\" aria-describedby=\"gallery-1-20532\" \/><\/a>\n\t\t\t<\/dt>\n\t\t\t\t<dd class='wp-caption-text gallery-caption' id='gallery-1-20532'>\n\t\t\t\tEMEF Dr. Rui Poester Peixoto\n\t\t\t\t<\/dd><\/dl><dl class='gallery-item'>\n\t\t\t<dt class='gallery-icon landscape'>\n\t\t\t\t<a href='https:\/\/www.riogrande.rs.gov.br\/smed\/wp-content\/uploads\/2017\/02\/20170221-poester-image01.jpg' rel=\"lightbox[20531]\"><img loading=\"lazy\" decoding=\"async\" width=\"150\" height=\"150\" src=\"https:\/\/www.riogrande.rs.gov.br\/smed\/wp-content\/uploads\/2017\/02\/20170221-poester-image01-150x150.jpg\" class=\"attachment-thumbnail size-thumbnail\" alt=\"\" aria-describedby=\"gallery-1-20533\" \/><\/a>\n\t\t\t<\/dt>\n\t\t\t\t<dd class='wp-caption-text gallery-caption' id='gallery-1-20533'>\n\t\t\t\tEMEF Dr. Rui Poester Peixoto\n\t\t\t\t<\/dd><\/dl><br style=\"clear: both\" \/>\n\t\t<\/div>\n\n<p style=\"text-align: justify;\"><span style=\"font-weight: 400;\">A cidade do Rio Grande completou 280 anos de sua funda\u00e7\u00e3o no \u00faltimo domingo, 19 de fevereiro, e diversas a\u00e7\u00f5es ser\u00e3o realizadas ao longo deste ano para celebrar esta data hist\u00f3rica. Muitas escolas da rede p\u00fablica municipal de ensino de Rio Grande j\u00e1 se organizaram para realizar atividades comemorativas, envolvendo as suas comunidades escolares.<\/span><\/p>\n<p style=\"text-align: justify;\"><!--more--><\/p>\n<p style=\"text-align: justify;\"><span style=\"font-weight: 400;\">Na Escola Municipal de Ensino Fundamental Dr. Rui Poester Peixoto, que est\u00e1 localizada no bairro S\u00e3o Miguel, n\u00e3o ser\u00e1 diferente. De acordo com as coordenadoras pedag\u00f3gicas Carla Pedra e Carla Montanh\u00eas, ser\u00e3o realizadas, no per\u00edodo de 20 a 24 de fevereiro, uma s\u00e9rie de atividades alusivas aos 280 anos do Munic\u00edpio, em todas as modalidades de ensino.<\/span><\/p>\n<p style=\"text-align: justify;\"><span style=\"font-weight: 400;\">Na Educa\u00e7\u00e3o de Jovens e Adultos (EJA), a professora Rosana \u00a0Alave levar\u00e1 para a Escola pessoas que falar\u00e3o sobre o Porto de Rio Grande (IV Etapa do II Bloco); os alunos levar\u00e3o algu\u00e9m da comunidade que falar\u00e1 sobre o Jockey Club (I Etapa do II Bloco); e a senhora Jandira, ex-aluna da EJA, que trabalhou na F\u00e1brica Rheingantz, falar\u00e1 \u00a0sobre essa experi\u00eancia (II Etapa do II Bloco).<\/span><\/p>\n<p style=\"text-align: justify;\"><span style=\"font-weight: 400;\">A professora Iracina far\u00e1 pesquisas sobre os times de futebol do nosso Munic\u00edpio com os meninos; j\u00e1 as meninas pesquisar\u00e3o sobre pessoas ilustres da nossa Cidade, bem como figuras pitorescas, como &#8220;Bugio&#8221;, Marta Rocha e Maria do Embalo. Estas pesquisas culminar\u00e3o em Semin\u00e1rios, que os alunos apresentar\u00e3o entre as turmas, para falar sobre as suas descobertas.<\/span><\/p>\n<p style=\"text-align: justify;\"><span style=\"font-weight: 400;\">Nos Anos Finais, turno da tarde, a professora Melissa, de Hist\u00f3ria, trabalhar\u00e1 com a tem\u00e1tica &#8220;<\/span><b>A percep\u00e7\u00e3o de Rio Grande atrav\u00e9s de imagens<\/b><span style=\"font-weight: 400;\">&#8220;. Nos Anos Finais, turno da manh\u00e3, a professora Rosana Alave trabalhar\u00e1 com os 7\u00ba Anos sobre o emprego do nome de pessoas em pr\u00e9dios p\u00fablicos em Rio Grande, como Wilson Branco, Roberto Bastos Tellechea, Eliezer Rios, Valdomiro Lima, Carlos Santos. Com os 9\u00ba Anos, Rosana abordar\u00e1 a import\u00e2ncia econ\u00f4mica da Refinaria Ipiranga, Anselmi, F\u00e1brica Nova e f\u00e1bricas de peixe no Munic\u00edpio. A professora Ana Paula, com o 5\u00ba ano e com a EJA, \u00a0trabalhar\u00e1 a tem\u00e1tica \u201c<\/span><b>Rio Grande no contexto brasileiro<\/b><span style=\"font-weight: 400;\">\u201d.<\/span><\/p>\n<p style=\"text-align: justify;\"><span style=\"font-weight: 400;\">Segundo as coordenadoras \u00b4pedag\u00f3gicas Carla Pedra e Carla Montanh\u00eas, durante todo o ano letivo ser\u00e3o realizadas atividades que tenham como objetivo valorizar o nosso Munic\u00edpio.<\/span><\/p>\n<p>&nbsp;<\/p>\n<p style=\"text-align: right;\"><em>SMEd<\/em><br \/>\n<em> Roberton Reis<\/em><br \/>\n<em> Com informa\u00e7\u00f5es da EMEF Dr. Rui Poester Peixoto<\/em><\/p>\n","protected":false},"excerpt":{"rendered":"<p>A cidade do Rio Grande completou 280 anos de sua funda\u00e7\u00e3o no \u00faltimo domingo, 19 de fevereiro, e diversas a\u00e7\u00f5es ser\u00e3o realizadas ao longo deste ano para celebrar esta data hist\u00f3rica. Muitas escolas da rede p\u00fablica municipal de ensino de Rio Grande j\u00e1 se organizaram para realizar atividades comemorativas, envolvendo as suas comunidades escolares.<\/p>\n","protected":false},"author":7,"featured_media":0,"comment_status":"closed","ping_status":"closed","sticky":false,"template":"","format":"standard","meta":{"footnotes":""},"categories":[45,1,13],"tags":[],"class_list":["post-20531","post","type-post","status-publish","format-standard","hentry","category-280anosriogrande","category-noticias","category-pedagogico"],"_links":{"self":[{"href":"https:\/\/www.riogrande.rs.gov.br\/smed\/index.php?rest_route=\/wp\/v2\/posts\/20531"}],"collection":[{"href":"https:\/\/www.riogrande.rs.gov.br\/smed\/index.php?rest_route=\/wp\/v2\/posts"}],"about":[{"href":"https:\/\/www.riogrande.rs.gov.br\/smed\/index.php?rest_route=\/wp\/v2\/types\/post"}],"author":[{"embeddable":true,"href":"https:\/\/www.riogrande.rs.gov.br\/smed\/index.php?rest_route=\/wp\/v2\/users\/7"}],"replies":[{"embeddable":true,"href":"https:\/\/www.riogrande.rs.gov.br\/smed\/index.php?rest_route=%2Fwp%2Fv2%2Fcomments&post=20531"}],"version-history":[{"count":2,"href":"https:\/\/www.riogrande.rs.gov.br\/smed\/index.php?rest_route=\/wp\/v2\/posts\/20531\/revisions"}],"predecessor-version":[{"id":20868,"href":"https:\/\/www.riogrande.rs.gov.br\/smed\/index.php?rest_route=\/wp\/v2\/posts\/20531\/revisions\/20868"}],"wp:attachment":[{"href":"https:\/\/www.riogrande.rs.gov.br\/smed\/index.php?rest_route=%2Fwp%2Fv2%2Fmedia&parent=20531"}],"wp:term":[{"taxonomy":"category","embeddable":true,"href":"https:\/\/www.riogrande.rs.gov.br\/smed\/index.php?rest_route=%2Fwp%2Fv2%2Fcategories&post=20531"},{"taxonomy":"post_tag","embeddable":true,"href":"https:\/\/www.riogrande.rs.gov.br\/smed\/index.php?rest_route=%2Fwp%2Fv2%2Ftags&post=20531"}],"curies":[{"name":"wp","href":"https:\/\/api.w.org\/{rel}","templated":true}]}}