{"id":20523,"date":"2017-02-20T19:39:08","date_gmt":"2017-02-20T22:39:08","guid":{"rendered":"http:\/\/www.riogrande.rs.gov.br\/smed\/?p=20523"},"modified":"2017-03-10T16:03:16","modified_gmt":"2017-03-10T19:03:16","slug":"prefeitura-promove-visitacao-de-alunos-da-rede-municipal-a-museus-da-furg","status":"publish","type":"post","link":"https:\/\/www.riogrande.rs.gov.br\/smed\/?p=20523","title":{"rendered":"PREFEITURA PROMOVE VISITA\u00c7\u00c3O DE ALUNOS DA REDE MUNICIPAL A MUSEUS DA FURG"},"content":{"rendered":"<div id=\"attachment_20524\" style=\"width: 495px\" class=\"wp-caption aligncenter\"><a href=\"http:\/\/www.riogrande.rs.gov.br\/smed\/wp-content\/uploads\/2017\/02\/20170220-pmrg1.jpg\" rel=\"lightbox[20523]\"><img loading=\"lazy\" decoding=\"async\" aria-describedby=\"caption-attachment-20524\" class=\"size-medium wp-image-20524\" src=\"http:\/\/www.riogrande.rs.gov.br\/smed\/wp-content\/uploads\/2017\/02\/20170220-pmrg1-485x272.jpg\" alt=\"\" width=\"485\" height=\"272\" srcset=\"https:\/\/www.riogrande.rs.gov.br\/smed\/wp-content\/uploads\/2017\/02\/20170220-pmrg1-485x272.jpg 485w, https:\/\/www.riogrande.rs.gov.br\/smed\/wp-content\/uploads\/2017\/02\/20170220-pmrg1-369x207.jpg 369w, https:\/\/www.riogrande.rs.gov.br\/smed\/wp-content\/uploads\/2017\/02\/20170220-pmrg1.jpg 700w\" sizes=\"(max-width: 485px) 100vw, 485px\" \/><\/a><p id=\"caption-attachment-20524\" class=\"wp-caption-text\">Divulga\u00e7\u00e3o<\/p><\/div>\n<p>Fonte: <a href=\"http:\/\/www.riogrande.rs.gov.br\/pagina\/index.php\/noticias\/detalhes+13e9b11,,prefeitura-promove-visitacao-de-alunos-da-rede-municipal-a-museus-da-furg.html#.WKtuQfpv_R1\" target=\"_blank\"><strong>www.riogrande.rs.gov.br<\/strong><\/a><\/p>\n<p class=\"sizeable\" style=\"text-align: justify;\">O Executivo Municipal, atrav\u00e9s da Secretaria de Educa\u00e7\u00e3o (SMED), com o apoio da Universidade Federal do Rio Grande (FURG), realiza amanh\u00e3 (21) uma visita\u00e7\u00e3o ao\u00a0Museu\u00a0Oceanogr\u00e1fico e Museu da Ilha da P\u00f3lvora com os alunos da Escola Municipal de Ensino Fundamental\u00a0Eli\u00e9zer\u00a0Carvalho Rios \u00e0s 14h.<\/p>\n<p class=\"sizeable\" style=\"text-align: justify;\"><!--more--><\/p>\n<p class=\"sizeable\" style=\"text-align: justify;\">A visita faz parte da programa\u00e7\u00e3o em comemora\u00e7\u00e3o aos 280 anos de funda\u00e7\u00e3o da Cidade do Rio Grande. Em anexo segue a programa\u00e7\u00e3o completa das atividades realizadas pelo Executivo juntamente com parceiros locais.<\/p>\n<p class=\"sizeable\" style=\"text-align: right;\"><em>Assessoria de Comunica\u00e7\u00e3o\/ PMRG<\/em><\/p>\n","protected":false},"excerpt":{"rendered":"<p>Fonte: www.riogrande.rs.gov.br O Executivo Municipal, atrav\u00e9s da Secretaria de Educa\u00e7\u00e3o (SMED), com o apoio da Universidade Federal do Rio Grande (FURG), realiza amanh\u00e3 (21) uma visita\u00e7\u00e3o ao\u00a0Museu\u00a0Oceanogr\u00e1fico e Museu da Ilha da P\u00f3lvora com os alunos da Escola Municipal de Ensino Fundamental\u00a0Eli\u00e9zer\u00a0Carvalho Rios \u00e0s 14h.<\/p>\n","protected":false},"author":7,"featured_media":0,"comment_status":"closed","ping_status":"closed","sticky":false,"template":"","format":"standard","meta":{"footnotes":""},"categories":[45,1],"tags":[],"class_list":["post-20523","post","type-post","status-publish","format-standard","hentry","category-280anosriogrande","category-noticias"],"_links":{"self":[{"href":"https:\/\/www.riogrande.rs.gov.br\/smed\/index.php?rest_route=\/wp\/v2\/posts\/20523"}],"collection":[{"href":"https:\/\/www.riogrande.rs.gov.br\/smed\/index.php?rest_route=\/wp\/v2\/posts"}],"about":[{"href":"https:\/\/www.riogrande.rs.gov.br\/smed\/index.php?rest_route=\/wp\/v2\/types\/post"}],"author":[{"embeddable":true,"href":"https:\/\/www.riogrande.rs.gov.br\/smed\/index.php?rest_route=\/wp\/v2\/users\/7"}],"replies":[{"embeddable":true,"href":"https:\/\/www.riogrande.rs.gov.br\/smed\/index.php?rest_route=%2Fwp%2Fv2%2Fcomments&post=20523"}],"version-history":[{"count":2,"href":"https:\/\/www.riogrande.rs.gov.br\/smed\/index.php?rest_route=\/wp\/v2\/posts\/20523\/revisions"}],"predecessor-version":[{"id":20870,"href":"https:\/\/www.riogrande.rs.gov.br\/smed\/index.php?rest_route=\/wp\/v2\/posts\/20523\/revisions\/20870"}],"wp:attachment":[{"href":"https:\/\/www.riogrande.rs.gov.br\/smed\/index.php?rest_route=%2Fwp%2Fv2%2Fmedia&parent=20523"}],"wp:term":[{"taxonomy":"category","embeddable":true,"href":"https:\/\/www.riogrande.rs.gov.br\/smed\/index.php?rest_route=%2Fwp%2Fv2%2Fcategories&post=20523"},{"taxonomy":"post_tag","embeddable":true,"href":"https:\/\/www.riogrande.rs.gov.br\/smed\/index.php?rest_route=%2Fwp%2Fv2%2Ftags&post=20523"}],"curies":[{"name":"wp","href":"https:\/\/api.w.org\/{rel}","templated":true}]}}