{"id":20501,"date":"2017-02-17T20:51:48","date_gmt":"2017-02-17T22:51:48","guid":{"rendered":"http:\/\/www.riogrande.rs.gov.br\/smed\/?p=20501"},"modified":"2017-03-10T16:03:01","modified_gmt":"2017-03-10T19:03:01","slug":"emefs-alcides-maia-e-porto-seguro-inauguram-espacos-para-homenagear-os-280-anos-do-municipio","status":"publish","type":"post","link":"https:\/\/www.riogrande.rs.gov.br\/smed\/?p=20501","title":{"rendered":"EMEFs Alcides Maia e Porto Seguro inauguram espa\u00e7os para homenagear os 280 anos do Munic\u00edpio"},"content":{"rendered":"\n\t\t<style type=\"text\/css\">\n\t\t\t#gallery-1 {\n\t\t\t\tmargin: auto;\n\t\t\t}\n\t\t\t#gallery-1 .gallery-item {\n\t\t\t\tfloat: left;\n\t\t\t\tmargin-top: 10px;\n\t\t\t\ttext-align: center;\n\t\t\t\twidth: 50%;\n\t\t\t}\n\t\t\t#gallery-1 img {\n\t\t\t\tborder: 2px solid #cfcfcf;\n\t\t\t}\n\t\t\t#gallery-1 .gallery-caption {\n\t\t\t\tmargin-left: 0;\n\t\t\t}\n\t\t\t\/* see gallery_shortcode() in wp-includes\/media.php *\/\n\t\t<\/style>\n\t\t<div id='gallery-1' class='gallery galleryid-20501 gallery-columns-2 gallery-size-thumbnail'><dl class='gallery-item'>\n\t\t\t<dt class='gallery-icon landscape'>\n\t\t\t\t<a href='https:\/\/www.riogrande.rs.gov.br\/smed\/wp-content\/uploads\/2017\/02\/20170217-ped-alcides_maia-image01-1.jpg' rel=\"lightbox[20501]\"><img loading=\"lazy\" decoding=\"async\" width=\"150\" height=\"150\" src=\"https:\/\/www.riogrande.rs.gov.br\/smed\/wp-content\/uploads\/2017\/02\/20170217-ped-alcides_maia-image01-1-150x150.jpg\" class=\"attachment-thumbnail size-thumbnail\" alt=\"\" aria-describedby=\"gallery-1-20503\" \/><\/a>\n\t\t\t<\/dt>\n\t\t\t\t<dd class='wp-caption-text gallery-caption' id='gallery-1-20503'>\n\t\t\t\tEMEF Porto Seguro\n\t\t\t\t<\/dd><\/dl><dl class='gallery-item'>\n\t\t\t<dt class='gallery-icon portrait'>\n\t\t\t\t<a href='https:\/\/www.riogrande.rs.gov.br\/smed\/wp-content\/uploads\/2017\/02\/20170217-ped-alcides_maia-image02-1.jpg' rel=\"lightbox[20501]\"><img loading=\"lazy\" decoding=\"async\" width=\"150\" height=\"150\" src=\"https:\/\/www.riogrande.rs.gov.br\/smed\/wp-content\/uploads\/2017\/02\/20170217-ped-alcides_maia-image02-1-150x150.jpg\" class=\"attachment-thumbnail size-thumbnail\" alt=\"\" aria-describedby=\"gallery-1-20504\" \/><\/a>\n\t\t\t<\/dt>\n\t\t\t\t<dd class='wp-caption-text gallery-caption' id='gallery-1-20504'>\n\t\t\t\tEMEF Porto Seguro\n\t\t\t\t<\/dd><\/dl><br style=\"clear: both\" \/><dl class='gallery-item'>\n\t\t\t<dt class='gallery-icon landscape'>\n\t\t\t\t<a href='https:\/\/www.riogrande.rs.gov.br\/smed\/wp-content\/uploads\/2017\/02\/20170217-ped-alcides_maia-image03-1.jpg' rel=\"lightbox[20501]\"><img loading=\"lazy\" decoding=\"async\" width=\"150\" height=\"150\" src=\"https:\/\/www.riogrande.rs.gov.br\/smed\/wp-content\/uploads\/2017\/02\/20170217-ped-alcides_maia-image03-1-150x150.jpg\" class=\"attachment-thumbnail size-thumbnail\" alt=\"\" aria-describedby=\"gallery-1-20505\" \/><\/a>\n\t\t\t<\/dt>\n\t\t\t\t<dd class='wp-caption-text gallery-caption' id='gallery-1-20505'>\n\t\t\t\tEMEF Alcides Maia\n\t\t\t\t<\/dd><\/dl><dl class='gallery-item'>\n\t\t\t<dt class='gallery-icon portrait'>\n\t\t\t\t<a href='https:\/\/www.riogrande.rs.gov.br\/smed\/wp-content\/uploads\/2017\/02\/20170217-ped-alcides_maia-image00-1.jpg' rel=\"lightbox[20501]\"><img loading=\"lazy\" decoding=\"async\" width=\"150\" height=\"150\" src=\"https:\/\/www.riogrande.rs.gov.br\/smed\/wp-content\/uploads\/2017\/02\/20170217-ped-alcides_maia-image00-1-150x150.jpg\" class=\"attachment-thumbnail size-thumbnail\" alt=\"\" aria-describedby=\"gallery-1-20502\" \/><\/a>\n\t\t\t<\/dt>\n\t\t\t\t<dd class='wp-caption-text gallery-caption' id='gallery-1-20502'>\n\t\t\t\tEMEF Alcides Maia\n\t\t\t\t<\/dd><\/dl><br style=\"clear: both\" \/>\n\t\t<\/div>\n\n<p style=\"text-align: justify;\">No pr\u00f3ximo dia <b>19 de fevereiro<\/b>, a cidade do Rio Grande completar\u00e1 mais um ano de sua funda\u00e7\u00e3o e, nesse sentido, as Escolas Municipais de Ensino Fundamental <b>Alcides Maia<\/b>, que est\u00e1 localizada no Cap\u00e3o Seco; e <b>Porto Seguro<\/b>, localizada no bairro Parque Marinha, j\u00e1 iniciaram suas homenagens aos 280 anos do Munic\u00edpio.<\/p>\n<p style=\"text-align: justify;\"><!--more--><\/p>\n<p style=\"text-align: justify;\">Para tanto, a bibliotec\u00e1ria Cintia Bodim montou espa\u00e7os nas duas bibliotecas escolares em que atua, contendo materiais de pesquisa e imagens relacionadas \u00e0 Cidade, onde alunos e professores poder\u00e3o acessar para realizar atividades e conhecer um pouco mais sobre as quest\u00f5es hist\u00f3ricas, os principais pontos tur\u00edsticos e algumas curiosidades referentes \u00e0 cidade do Rio Grande.<\/p>\n<p style=\"text-align: right;\"><em>SMEd<\/em><br \/>\n<em> Roberton Reis<\/em><\/p>\n","protected":false},"excerpt":{"rendered":"<p>No pr\u00f3ximo dia 19 de fevereiro, a cidade do Rio Grande completar\u00e1 mais um ano de sua funda\u00e7\u00e3o e, nesse sentido, as Escolas Municipais de Ensino Fundamental Alcides Maia, que est\u00e1 localizada no Cap\u00e3o Seco; e Porto Seguro, localizada no bairro Parque Marinha, j\u00e1 iniciaram suas homenagens aos 280 anos do Munic\u00edpio.<\/p>\n","protected":false},"author":7,"featured_media":0,"comment_status":"closed","ping_status":"closed","sticky":false,"template":"","format":"standard","meta":{"footnotes":""},"categories":[45,1],"tags":[],"class_list":["post-20501","post","type-post","status-publish","format-standard","hentry","category-280anosriogrande","category-noticias"],"_links":{"self":[{"href":"https:\/\/www.riogrande.rs.gov.br\/smed\/index.php?rest_route=\/wp\/v2\/posts\/20501"}],"collection":[{"href":"https:\/\/www.riogrande.rs.gov.br\/smed\/index.php?rest_route=\/wp\/v2\/posts"}],"about":[{"href":"https:\/\/www.riogrande.rs.gov.br\/smed\/index.php?rest_route=\/wp\/v2\/types\/post"}],"author":[{"embeddable":true,"href":"https:\/\/www.riogrande.rs.gov.br\/smed\/index.php?rest_route=\/wp\/v2\/users\/7"}],"replies":[{"embeddable":true,"href":"https:\/\/www.riogrande.rs.gov.br\/smed\/index.php?rest_route=%2Fwp%2Fv2%2Fcomments&post=20501"}],"version-history":[{"count":2,"href":"https:\/\/www.riogrande.rs.gov.br\/smed\/index.php?rest_route=\/wp\/v2\/posts\/20501\/revisions"}],"predecessor-version":[{"id":20869,"href":"https:\/\/www.riogrande.rs.gov.br\/smed\/index.php?rest_route=\/wp\/v2\/posts\/20501\/revisions\/20869"}],"wp:attachment":[{"href":"https:\/\/www.riogrande.rs.gov.br\/smed\/index.php?rest_route=%2Fwp%2Fv2%2Fmedia&parent=20501"}],"wp:term":[{"taxonomy":"category","embeddable":true,"href":"https:\/\/www.riogrande.rs.gov.br\/smed\/index.php?rest_route=%2Fwp%2Fv2%2Fcategories&post=20501"},{"taxonomy":"post_tag","embeddable":true,"href":"https:\/\/www.riogrande.rs.gov.br\/smed\/index.php?rest_route=%2Fwp%2Fv2%2Ftags&post=20501"}],"curies":[{"name":"wp","href":"https:\/\/api.w.org\/{rel}","templated":true}]}}