{"id":20499,"date":"2017-02-17T13:19:07","date_gmt":"2017-02-17T15:19:07","guid":{"rendered":"http:\/\/www.riogrande.rs.gov.br\/smed\/?p=20499"},"modified":"2017-02-17T13:19:07","modified_gmt":"2017-02-17T15:19:07","slug":"smed-retorna-ao-horario-normal-de-expediente-na-proxima-segunda-feira-20","status":"publish","type":"post","link":"https:\/\/www.riogrande.rs.gov.br\/smed\/?p=20499","title":{"rendered":"SMEd retorna ao hor\u00e1rio normal de expediente na pr\u00f3xima segunda-feira, 20"},"content":{"rendered":"<p style=\"text-align: justify;\">A Secretaria de Munic\u00edpio da Educa\u00e7\u00e3o de Rio Grande (SMEd), atendendo \u00e0s suas peculiaridades, informa que na pr\u00f3xima segunda-feira, <b>20 de fevereiro<\/b>, retornar\u00e1 ao seu hor\u00e1rio normal de expediente, <b>das 13h \u00e0s 19h<\/b>. Lembramos que as demais Secretarias seguem com expediente no hor\u00e1rio das 9h \u00e0s 15h. Nos dias<b> 27 e 28 de fevereiro<\/b> n\u00e3o haver\u00e1 expediente.<\/p>\n<p style=\"text-align: right;\"><em>SMEd<\/em><\/p>\n","protected":false},"excerpt":{"rendered":"<p>A Secretaria de Munic\u00edpio da Educa\u00e7\u00e3o de Rio Grande (SMEd), atendendo \u00e0s suas peculiaridades, informa que na pr\u00f3xima segunda-feira, 20 de fevereiro, retornar\u00e1 ao seu hor\u00e1rio normal de expediente, das 13h \u00e0s 19h. Lembramos que as demais Secretarias seguem com expediente no hor\u00e1rio das 9h \u00e0s 15h. Nos dias 27 e 28 de fevereiro n\u00e3o [&hellip;]<\/p>\n","protected":false},"author":7,"featured_media":0,"comment_status":"closed","ping_status":"closed","sticky":false,"template":"","format":"standard","meta":{"footnotes":""},"categories":[1,13],"tags":[],"class_list":["post-20499","post","type-post","status-publish","format-standard","hentry","category-noticias","category-pedagogico"],"_links":{"self":[{"href":"https:\/\/www.riogrande.rs.gov.br\/smed\/index.php?rest_route=\/wp\/v2\/posts\/20499"}],"collection":[{"href":"https:\/\/www.riogrande.rs.gov.br\/smed\/index.php?rest_route=\/wp\/v2\/posts"}],"about":[{"href":"https:\/\/www.riogrande.rs.gov.br\/smed\/index.php?rest_route=\/wp\/v2\/types\/post"}],"author":[{"embeddable":true,"href":"https:\/\/www.riogrande.rs.gov.br\/smed\/index.php?rest_route=\/wp\/v2\/users\/7"}],"replies":[{"embeddable":true,"href":"https:\/\/www.riogrande.rs.gov.br\/smed\/index.php?rest_route=%2Fwp%2Fv2%2Fcomments&post=20499"}],"version-history":[{"count":1,"href":"https:\/\/www.riogrande.rs.gov.br\/smed\/index.php?rest_route=\/wp\/v2\/posts\/20499\/revisions"}],"predecessor-version":[{"id":20500,"href":"https:\/\/www.riogrande.rs.gov.br\/smed\/index.php?rest_route=\/wp\/v2\/posts\/20499\/revisions\/20500"}],"wp:attachment":[{"href":"https:\/\/www.riogrande.rs.gov.br\/smed\/index.php?rest_route=%2Fwp%2Fv2%2Fmedia&parent=20499"}],"wp:term":[{"taxonomy":"category","embeddable":true,"href":"https:\/\/www.riogrande.rs.gov.br\/smed\/index.php?rest_route=%2Fwp%2Fv2%2Fcategories&post=20499"},{"taxonomy":"post_tag","embeddable":true,"href":"https:\/\/www.riogrande.rs.gov.br\/smed\/index.php?rest_route=%2Fwp%2Fv2%2Ftags&post=20499"}],"curies":[{"name":"wp","href":"https:\/\/api.w.org\/{rel}","templated":true}]}}