{"id":20494,"date":"2017-02-17T13:17:29","date_gmt":"2017-02-17T15:17:29","guid":{"rendered":"http:\/\/www.riogrande.rs.gov.br\/smed\/?p=20494"},"modified":"2017-02-17T13:17:29","modified_gmt":"2017-02-17T15:17:29","slug":"alunos-da-escola-valdir-castro-lancaram-livro-de-poemas-na-44a-feira-do-livro","status":"publish","type":"post","link":"https:\/\/www.riogrande.rs.gov.br\/smed\/?p=20494","title":{"rendered":"Alunos da Escola Valdir Castro lan\u00e7aram Livro de Poemas na 44\u00aa Feira do Livro"},"content":{"rendered":"\n\t\t<style type=\"text\/css\">\n\t\t\t#gallery-1 {\n\t\t\t\tmargin: auto;\n\t\t\t}\n\t\t\t#gallery-1 .gallery-item {\n\t\t\t\tfloat: left;\n\t\t\t\tmargin-top: 10px;\n\t\t\t\ttext-align: center;\n\t\t\t\twidth: 33%;\n\t\t\t}\n\t\t\t#gallery-1 img {\n\t\t\t\tborder: 2px solid #cfcfcf;\n\t\t\t}\n\t\t\t#gallery-1 .gallery-caption {\n\t\t\t\tmargin-left: 0;\n\t\t\t}\n\t\t\t\/* see gallery_shortcode() in wp-includes\/media.php *\/\n\t\t<\/style>\n\t\t<div id='gallery-1' class='gallery galleryid-20494 gallery-columns-3 gallery-size-thumbnail'><dl class='gallery-item'>\n\t\t\t<dt class='gallery-icon landscape'>\n\t\t\t\t<a href='https:\/\/www.riogrande.rs.gov.br\/smed\/wp-content\/uploads\/2017\/02\/20170217-ped-valdir-image00.jpg' rel=\"lightbox[20494]\"><img loading=\"lazy\" decoding=\"async\" width=\"150\" height=\"150\" src=\"https:\/\/www.riogrande.rs.gov.br\/smed\/wp-content\/uploads\/2017\/02\/20170217-ped-valdir-image00-150x150.jpg\" class=\"attachment-thumbnail size-thumbnail\" alt=\"\" aria-describedby=\"gallery-1-20495\" \/><\/a>\n\t\t\t<\/dt>\n\t\t\t\t<dd class='wp-caption-text gallery-caption' id='gallery-1-20495'>\n\t\t\t\tCr\u00e9dito: EMEFTI Valdir Castro\n\t\t\t\t<\/dd><\/dl><dl class='gallery-item'>\n\t\t\t<dt class='gallery-icon portrait'>\n\t\t\t\t<a href='https:\/\/www.riogrande.rs.gov.br\/smed\/wp-content\/uploads\/2017\/02\/20170217-ped-valdir-image01.jpg' rel=\"lightbox[20494]\"><img loading=\"lazy\" decoding=\"async\" width=\"150\" height=\"150\" src=\"https:\/\/www.riogrande.rs.gov.br\/smed\/wp-content\/uploads\/2017\/02\/20170217-ped-valdir-image01-150x150.jpg\" class=\"attachment-thumbnail size-thumbnail\" alt=\"\" aria-describedby=\"gallery-1-20496\" \/><\/a>\n\t\t\t<\/dt>\n\t\t\t\t<dd class='wp-caption-text gallery-caption' id='gallery-1-20496'>\n\t\t\t\tCr\u00e9dito: EMEFTI Valdir Castro\n\t\t\t\t<\/dd><\/dl><dl class='gallery-item'>\n\t\t\t<dt class='gallery-icon landscape'>\n\t\t\t\t<a href='https:\/\/www.riogrande.rs.gov.br\/smed\/wp-content\/uploads\/2017\/02\/20170217-ped-valdir-image02.jpg' rel=\"lightbox[20494]\"><img loading=\"lazy\" decoding=\"async\" width=\"150\" height=\"150\" src=\"https:\/\/www.riogrande.rs.gov.br\/smed\/wp-content\/uploads\/2017\/02\/20170217-ped-valdir-image02-150x150.jpg\" class=\"attachment-thumbnail size-thumbnail\" alt=\"\" aria-describedby=\"gallery-1-20497\" \/><\/a>\n\t\t\t<\/dt>\n\t\t\t\t<dd class='wp-caption-text gallery-caption' id='gallery-1-20497'>\n\t\t\t\tCr\u00e9dito: EMEFTI Valdir Castro\n\t\t\t\t<\/dd><\/dl><br style=\"clear: both\" \/>\n\t\t<\/div>\n\n<p style=\"text-align: justify;\">Fruto de um trabalho desenvolvido com os alunos do Bloco Desenvolvimento I (6\u00ba ano) da Escola Municipal de Ensino Fundamental em Tempo Integral Professor Valdir Castro, que est\u00e1 localizada no bairro Santa Rosa, o livro \u201c<b>No mundo dos nossos poemas<\/b>\u201d foi lan\u00e7ado no dia <b>03 de fevereiro<\/b>, na \u00a0<b>44\u00aa Feira do Livro da FURG<\/b>.<\/p>\n<p style=\"text-align: justify;\"><!--more--><\/p>\n<p style=\"text-align: justify;\">\n<p style=\"text-align: justify;\">A atividade de descoberta e produ\u00e7\u00e3o de poemas teve in\u00edcio nas aulas de L\u00edngua Portuguesa e acabaram se estendendo por todo o espa\u00e7o escolar em que os alunos desse bloco circulavam. A partir de ent\u00e3o, os educandos passaram a produzir poemas n\u00e3o s\u00f3 para a disciplina de L\u00edngua Portuguesa, mas tamb\u00e9m para presentear colegas e familiares, postar nas redes sociais, ou, ent\u00e3o, apenas pelo prazer da cria\u00e7\u00e3o.<\/p>\n<p style=\"text-align: justify;\">\u201c<b>Ap\u00f3s a realiza\u00e7\u00e3o de um sarau, onde os pequenos grandes poetas tiveram a oportunidade de conhecer os poemas dos seus colegas, nossos escritores decidiram que queriam publicar um livro com seus textos, para que outras pessoas, dos mais diferentes lugares, pudessem conhecer suas poesias, al\u00e9m de poderem eternizar as produ\u00e7\u00f5es realizadas com tanto empenho e criatividade\u201d<\/b>, explicou a professora Ana Luisa Feij\u00f3 Cosme.<\/p>\n<p style=\"text-align: justify;\">Al\u00e9m dos poemas dos alunos do Bloco Desenvolvimento I, o livro \u201cNo mundo dos nossos poemas\u201d tamb\u00e9m conta com a participa\u00e7\u00e3o especial de alunos dos demais blocos, os quais tamb\u00e9m se motivaram a contribuir com essa produ\u00e7\u00e3o.<\/p>\n<p style=\"text-align: justify;\">Segundo Ana Luisa, \u201c<b>o resultado dessa jornada no mundo da poesia \u00e9 o livro lan\u00e7ado na 44\u00aa Feira do Livro da FURG, uma reuni\u00e3o dos textos produzidos pelos alunos, que tamb\u00e9m ilustraram seus poemas. Como a capa nos mostra, vivemos num mundo onde tudo pode ser poesia, basta olharmos com cuidado e sensibilidade<\/b>\u201d.<\/p>\n<p>&nbsp;<\/p>\n<p style=\"text-align: right;\"><em>SMEd<\/em><br \/>\n<em> Roberton Reis<\/em><br \/>\n<em> Com informa\u00e7\u00f5es da EMEFTI Valdir Castro<\/em><\/p>\n<p>&nbsp;<\/p>\n","protected":false},"excerpt":{"rendered":"<p>Fruto de um trabalho desenvolvido com os alunos do Bloco Desenvolvimento I (6\u00ba ano) da Escola Municipal de Ensino Fundamental em Tempo Integral Professor Valdir Castro, que est\u00e1 localizada no bairro Santa Rosa, o livro \u201cNo mundo dos nossos poemas\u201d foi lan\u00e7ado no dia 03 de fevereiro, na \u00a044\u00aa Feira do Livro da FURG.<\/p>\n","protected":false},"author":7,"featured_media":0,"comment_status":"closed","ping_status":"closed","sticky":false,"template":"","format":"standard","meta":{"footnotes":""},"categories":[1,13],"tags":[],"class_list":["post-20494","post","type-post","status-publish","format-standard","hentry","category-noticias","category-pedagogico"],"_links":{"self":[{"href":"https:\/\/www.riogrande.rs.gov.br\/smed\/index.php?rest_route=\/wp\/v2\/posts\/20494"}],"collection":[{"href":"https:\/\/www.riogrande.rs.gov.br\/smed\/index.php?rest_route=\/wp\/v2\/posts"}],"about":[{"href":"https:\/\/www.riogrande.rs.gov.br\/smed\/index.php?rest_route=\/wp\/v2\/types\/post"}],"author":[{"embeddable":true,"href":"https:\/\/www.riogrande.rs.gov.br\/smed\/index.php?rest_route=\/wp\/v2\/users\/7"}],"replies":[{"embeddable":true,"href":"https:\/\/www.riogrande.rs.gov.br\/smed\/index.php?rest_route=%2Fwp%2Fv2%2Fcomments&post=20494"}],"version-history":[{"count":1,"href":"https:\/\/www.riogrande.rs.gov.br\/smed\/index.php?rest_route=\/wp\/v2\/posts\/20494\/revisions"}],"predecessor-version":[{"id":20498,"href":"https:\/\/www.riogrande.rs.gov.br\/smed\/index.php?rest_route=\/wp\/v2\/posts\/20494\/revisions\/20498"}],"wp:attachment":[{"href":"https:\/\/www.riogrande.rs.gov.br\/smed\/index.php?rest_route=%2Fwp%2Fv2%2Fmedia&parent=20494"}],"wp:term":[{"taxonomy":"category","embeddable":true,"href":"https:\/\/www.riogrande.rs.gov.br\/smed\/index.php?rest_route=%2Fwp%2Fv2%2Fcategories&post=20494"},{"taxonomy":"post_tag","embeddable":true,"href":"https:\/\/www.riogrande.rs.gov.br\/smed\/index.php?rest_route=%2Fwp%2Fv2%2Ftags&post=20494"}],"curies":[{"name":"wp","href":"https:\/\/api.w.org\/{rel}","templated":true}]}}