{"id":20473,"date":"2017-02-16T20:35:43","date_gmt":"2017-02-16T22:35:43","guid":{"rendered":"http:\/\/www.riogrande.rs.gov.br\/smed\/?p=20473"},"modified":"2017-02-16T20:35:43","modified_gmt":"2017-02-16T22:35:43","slug":"aula-inaugural-2017-a-vida-e-a-arte-de-costurar-sonhos","status":"publish","type":"post","link":"https:\/\/www.riogrande.rs.gov.br\/smed\/?p=20473","title":{"rendered":"Aula Inaugural 2017: \u201cA vida \u00e9 a arte de costurar sonhos\u201d"},"content":{"rendered":"\n\t\t<style type=\"text\/css\">\n\t\t\t#gallery-1 {\n\t\t\t\tmargin: auto;\n\t\t\t}\n\t\t\t#gallery-1 .gallery-item {\n\t\t\t\tfloat: left;\n\t\t\t\tmargin-top: 10px;\n\t\t\t\ttext-align: center;\n\t\t\t\twidth: 33%;\n\t\t\t}\n\t\t\t#gallery-1 img {\n\t\t\t\tborder: 2px solid #cfcfcf;\n\t\t\t}\n\t\t\t#gallery-1 .gallery-caption {\n\t\t\t\tmargin-left: 0;\n\t\t\t}\n\t\t\t\/* see gallery_shortcode() in wp-includes\/media.php *\/\n\t\t<\/style>\n\t\t<div id='gallery-1' class='gallery galleryid-20473 gallery-columns-3 gallery-size-thumbnail'><dl class='gallery-item'>\n\t\t\t<dt class='gallery-icon landscape'>\n\t\t\t\t<a href='https:\/\/www.riogrande.rs.gov.br\/smed\/wp-content\/uploads\/2017\/02\/20170216-aula_inaugural-image02.jpg' rel=\"lightbox[20473]\"><img loading=\"lazy\" decoding=\"async\" width=\"150\" height=\"150\" src=\"https:\/\/www.riogrande.rs.gov.br\/smed\/wp-content\/uploads\/2017\/02\/20170216-aula_inaugural-image02-150x150.jpg\" class=\"attachment-thumbnail size-thumbnail\" alt=\"\" aria-describedby=\"gallery-1-20476\" \/><\/a>\n\t\t\t<\/dt>\n\t\t\t\t<dd class='wp-caption-text gallery-caption' id='gallery-1-20476'>\n\t\t\t\tCr\u00e9dito: Roberton Reis\n\t\t\t\t<\/dd><\/dl><dl class='gallery-item'>\n\t\t\t<dt class='gallery-icon landscape'>\n\t\t\t\t<a href='https:\/\/www.riogrande.rs.gov.br\/smed\/wp-content\/uploads\/2017\/02\/20170216-aula_inaugural-image01.jpg' rel=\"lightbox[20473]\"><img loading=\"lazy\" decoding=\"async\" width=\"150\" height=\"150\" src=\"https:\/\/www.riogrande.rs.gov.br\/smed\/wp-content\/uploads\/2017\/02\/20170216-aula_inaugural-image01-150x150.jpg\" class=\"attachment-thumbnail size-thumbnail\" alt=\"\" aria-describedby=\"gallery-1-20475\" \/><\/a>\n\t\t\t<\/dt>\n\t\t\t\t<dd class='wp-caption-text gallery-caption' id='gallery-1-20475'>\n\t\t\t\tCr\u00e9dito: Roberton Reis\n\t\t\t\t<\/dd><\/dl><dl class='gallery-item'>\n\t\t\t<dt class='gallery-icon landscape'>\n\t\t\t\t<a href='https:\/\/www.riogrande.rs.gov.br\/smed\/wp-content\/uploads\/2017\/02\/20170216-aula_inaugural-image08.jpg' rel=\"lightbox[20473]\"><img loading=\"lazy\" decoding=\"async\" width=\"150\" height=\"150\" src=\"https:\/\/www.riogrande.rs.gov.br\/smed\/wp-content\/uploads\/2017\/02\/20170216-aula_inaugural-image08-150x150.jpg\" class=\"attachment-thumbnail size-thumbnail\" alt=\"\" aria-describedby=\"gallery-1-20482\" \/><\/a>\n\t\t\t<\/dt>\n\t\t\t\t<dd class='wp-caption-text gallery-caption' id='gallery-1-20482'>\n\t\t\t\tCr\u00e9dito: Roberton Reis\n\t\t\t\t<\/dd><\/dl><br style=\"clear: both\" \/><dl class='gallery-item'>\n\t\t\t<dt class='gallery-icon landscape'>\n\t\t\t\t<a href='https:\/\/www.riogrande.rs.gov.br\/smed\/wp-content\/uploads\/2017\/02\/20170216-aula_inaugural-image03.jpg' rel=\"lightbox[20473]\"><img loading=\"lazy\" decoding=\"async\" width=\"150\" height=\"150\" src=\"https:\/\/www.riogrande.rs.gov.br\/smed\/wp-content\/uploads\/2017\/02\/20170216-aula_inaugural-image03-150x150.jpg\" class=\"attachment-thumbnail size-thumbnail\" alt=\"\" aria-describedby=\"gallery-1-20477\" \/><\/a>\n\t\t\t<\/dt>\n\t\t\t\t<dd class='wp-caption-text gallery-caption' id='gallery-1-20477'>\n\t\t\t\tCr\u00e9dito: Roberton Reis\n\t\t\t\t<\/dd><\/dl><dl class='gallery-item'>\n\t\t\t<dt class='gallery-icon landscape'>\n\t\t\t\t<a href='https:\/\/www.riogrande.rs.gov.br\/smed\/wp-content\/uploads\/2017\/02\/20170216-aula_inaugural-image00.jpg' rel=\"lightbox[20473]\"><img loading=\"lazy\" decoding=\"async\" width=\"150\" height=\"150\" src=\"https:\/\/www.riogrande.rs.gov.br\/smed\/wp-content\/uploads\/2017\/02\/20170216-aula_inaugural-image00-150x150.jpg\" class=\"attachment-thumbnail size-thumbnail\" alt=\"\" aria-describedby=\"gallery-1-20474\" \/><\/a>\n\t\t\t<\/dt>\n\t\t\t\t<dd class='wp-caption-text gallery-caption' id='gallery-1-20474'>\n\t\t\t\tCr\u00e9dito: Roberton Reis\n\t\t\t\t<\/dd><\/dl><dl class='gallery-item'>\n\t\t\t<dt class='gallery-icon landscape'>\n\t\t\t\t<a href='https:\/\/www.riogrande.rs.gov.br\/smed\/wp-content\/uploads\/2017\/02\/20170216-aula_inaugural-image09.jpg' rel=\"lightbox[20473]\"><img loading=\"lazy\" decoding=\"async\" width=\"150\" height=\"150\" src=\"https:\/\/www.riogrande.rs.gov.br\/smed\/wp-content\/uploads\/2017\/02\/20170216-aula_inaugural-image09-150x150.jpg\" class=\"attachment-thumbnail size-thumbnail\" alt=\"\" aria-describedby=\"gallery-1-20483\" \/><\/a>\n\t\t\t<\/dt>\n\t\t\t\t<dd class='wp-caption-text gallery-caption' id='gallery-1-20483'>\n\t\t\t\tCr\u00e9dito: Roberton Reis\n\t\t\t\t<\/dd><\/dl><br style=\"clear: both\" \/><dl class='gallery-item'>\n\t\t\t<dt class='gallery-icon landscape'>\n\t\t\t\t<a href='https:\/\/www.riogrande.rs.gov.br\/smed\/wp-content\/uploads\/2017\/02\/20170216-aula_inaugural-image11.jpg' rel=\"lightbox[20473]\"><img loading=\"lazy\" decoding=\"async\" width=\"150\" height=\"150\" src=\"https:\/\/www.riogrande.rs.gov.br\/smed\/wp-content\/uploads\/2017\/02\/20170216-aula_inaugural-image11-150x150.jpg\" class=\"attachment-thumbnail size-thumbnail\" alt=\"\" aria-describedby=\"gallery-1-20485\" \/><\/a>\n\t\t\t<\/dt>\n\t\t\t\t<dd class='wp-caption-text gallery-caption' id='gallery-1-20485'>\n\t\t\t\tCr\u00e9dito: Roberton Reis\n\t\t\t\t<\/dd><\/dl><dl class='gallery-item'>\n\t\t\t<dt class='gallery-icon landscape'>\n\t\t\t\t<a href='https:\/\/www.riogrande.rs.gov.br\/smed\/wp-content\/uploads\/2017\/02\/20170216-aula_inaugural-image10.jpg' rel=\"lightbox[20473]\"><img loading=\"lazy\" decoding=\"async\" width=\"150\" height=\"150\" src=\"https:\/\/www.riogrande.rs.gov.br\/smed\/wp-content\/uploads\/2017\/02\/20170216-aula_inaugural-image10-150x150.jpg\" class=\"attachment-thumbnail size-thumbnail\" alt=\"\" aria-describedby=\"gallery-1-20484\" \/><\/a>\n\t\t\t<\/dt>\n\t\t\t\t<dd class='wp-caption-text gallery-caption' id='gallery-1-20484'>\n\t\t\t\tCr\u00e9dito: Roberton Reis\n\t\t\t\t<\/dd><\/dl><dl class='gallery-item'>\n\t\t\t<dt class='gallery-icon landscape'>\n\t\t\t\t<a href='https:\/\/www.riogrande.rs.gov.br\/smed\/wp-content\/uploads\/2017\/02\/20170216-aula_inaugural-image07.jpg' rel=\"lightbox[20473]\"><img loading=\"lazy\" decoding=\"async\" width=\"150\" height=\"150\" src=\"https:\/\/www.riogrande.rs.gov.br\/smed\/wp-content\/uploads\/2017\/02\/20170216-aula_inaugural-image07-150x150.jpg\" class=\"attachment-thumbnail size-thumbnail\" alt=\"\" aria-describedby=\"gallery-1-20481\" \/><\/a>\n\t\t\t<\/dt>\n\t\t\t\t<dd class='wp-caption-text gallery-caption' id='gallery-1-20481'>\n\t\t\t\tCr\u00e9dito: Roberton Reis\n\t\t\t\t<\/dd><\/dl><br style=\"clear: both\" \/><dl class='gallery-item'>\n\t\t\t<dt class='gallery-icon landscape'>\n\t\t\t\t<a href='https:\/\/www.riogrande.rs.gov.br\/smed\/wp-content\/uploads\/2017\/02\/20170216-aula_inaugural-image05.jpg' rel=\"lightbox[20473]\"><img loading=\"lazy\" decoding=\"async\" width=\"150\" height=\"150\" src=\"https:\/\/www.riogrande.rs.gov.br\/smed\/wp-content\/uploads\/2017\/02\/20170216-aula_inaugural-image05-150x150.jpg\" class=\"attachment-thumbnail size-thumbnail\" alt=\"\" aria-describedby=\"gallery-1-20479\" \/><\/a>\n\t\t\t<\/dt>\n\t\t\t\t<dd class='wp-caption-text gallery-caption' id='gallery-1-20479'>\n\t\t\t\tCr\u00e9dito: Roberton Reis\n\t\t\t\t<\/dd><\/dl><dl class='gallery-item'>\n\t\t\t<dt class='gallery-icon landscape'>\n\t\t\t\t<a href='https:\/\/www.riogrande.rs.gov.br\/smed\/wp-content\/uploads\/2017\/02\/20170216-aula_inaugural-image04.jpg' rel=\"lightbox[20473]\"><img loading=\"lazy\" decoding=\"async\" width=\"150\" height=\"150\" src=\"https:\/\/www.riogrande.rs.gov.br\/smed\/wp-content\/uploads\/2017\/02\/20170216-aula_inaugural-image04-150x150.jpg\" class=\"attachment-thumbnail size-thumbnail\" alt=\"\" aria-describedby=\"gallery-1-20478\" \/><\/a>\n\t\t\t<\/dt>\n\t\t\t\t<dd class='wp-caption-text gallery-caption' id='gallery-1-20478'>\n\t\t\t\tCr\u00e9dito: Roberton Reis\n\t\t\t\t<\/dd><\/dl><dl class='gallery-item'>\n\t\t\t<dt class='gallery-icon landscape'>\n\t\t\t\t<a href='https:\/\/www.riogrande.rs.gov.br\/smed\/wp-content\/uploads\/2017\/02\/20170216-aula_inaugural-image06.jpg' rel=\"lightbox[20473]\"><img loading=\"lazy\" decoding=\"async\" width=\"150\" height=\"150\" src=\"https:\/\/www.riogrande.rs.gov.br\/smed\/wp-content\/uploads\/2017\/02\/20170216-aula_inaugural-image06-150x150.jpg\" class=\"attachment-thumbnail size-thumbnail\" alt=\"\" aria-describedby=\"gallery-1-20480\" \/><\/a>\n\t\t\t<\/dt>\n\t\t\t\t<dd class='wp-caption-text gallery-caption' id='gallery-1-20480'>\n\t\t\t\tCr\u00e9dito: Roberton Reis\n\t\t\t\t<\/dd><\/dl><br style=\"clear: both\" \/>\n\t\t<\/div>\n\n<p style=\"text-align: justify;\">A Secretaria de Munic\u00edpio da Educa\u00e7\u00e3o de Rio Grande (SMEd), na \u00faltima ter\u00e7a-feira, <b>14 de fevereiro<\/b>, realizou, no <b>Audit\u00f3rio do CIDEC-Sul\/FURG<\/b>, a <b>Aula Inaugural da Rede P\u00fablica Municipal de Ensino<\/b>, a qual contou com a presen\u00e7a de professores, gestores escolares e demais trabalhadores em educa\u00e7\u00e3o, al\u00e9m de autoridades municipais.<\/p>\n<p style=\"text-align: justify;\"><!--more--><\/p>\n<p style=\"text-align: justify;\">\n<p style=\"text-align: justify;\">Compuseram a Mesa de Honra da Cerim\u00f4nia de Abertura Oficial do Ano Letivo 2017, as seguintes autoridades: Alexandre Lindenmeyer, prefeito de Rio Grande; Andr\u00e9a Westphal, representante da C\u00e2mara Municipal de Vereadores; Ingrid Wally, secret\u00e1ria de Munic\u00edpio da Educa\u00e7\u00e3o; Daniel Prado, pr\u00f3-reitor de Extens\u00e3o e Cultura da FURG, representando a Reitora Cleuza Dias; Rosana Pfarrius, representando os Conselhos ligados \u00e0 Educa\u00e7\u00e3o; e Rosane Gutierres, representando o SINTERG.<\/p>\n<p style=\"text-align: justify;\">Em seu pronunciamento, o prefeito Alexandre destacou que \u201c<b>se tem algo do qual n\u00f3s devemos nos orgulhar, \u00e9 o trabalho que vem sendo realizado pela Secretaria da Educa\u00e7\u00e3o, pois \u00e9, sem d\u00favida, um trabalho que faz a diferen\u00e7a na vida dos nossos 22 mil alunos<\/b>\u201d. \u201c<b>Em rela\u00e7\u00e3o aos 280 anos do nosso Munic\u00edpio, quero convidar a todos para que participem das atividades que ser\u00e3o realizadas no m\u00eas de fevereiro e ao longo do ano, incluindo tamb\u00e9m atividades promovidas nas nossas escolas, valorizando, assim, o nosso sentimento de pertencimento ao nosso Munic\u00edpio<\/b>\u201d, finalizou Lindenmeyer.<\/p>\n<p style=\"text-align: justify;\">Considerando os 280 anos de funda\u00e7\u00e3o da cidade do Rio Grande e os trabalhos desenvolvidos pelas escolas municipais e por cada professor, durante o processo formativo de 2016, a Aula Inaugural deste ano objetivou fazer a \u201ccostura\u201d entre os desafios da forma\u00e7\u00e3o de professores, a interdisciplinaridade e a hist\u00f3ria da Cidade. Nesse sentido, o cen\u00e1rio do evento foi a m\u00e1quina de costura, em alus\u00e3o ao p\u00f3rtico de Rio Grande, ao empoderamento da mulher e sua contribui\u00e7\u00e3o na constru\u00e7\u00e3o do Munic\u00edpio a partir do trabalho na ind\u00fastria t\u00eaxtil e das colchas de retalhos das escolas da Rede Municipal.<\/p>\n<p style=\"text-align: justify;\">O Professor Moacir Langone de Souza, Mestre e Doutor em Educa\u00e7\u00e3o Ambiental pelo PPGEA da FURG e coordenador do Curso de Qu\u00edmica\/Licenciatura, que atua na forma\u00e7\u00e3o de professores, subiu ao palco para, em uma bate-papo com o p\u00fablico, \u201calinhavar\u201d os desafios da forma\u00e7\u00e3o \u00a0no espa\u00e7o escolar e a sua capacidade de qualificar as a\u00e7\u00f5es educativas.<\/p>\n<p style=\"text-align: justify;\">A Cerim\u00f4nia de Abertura do Ano Letivo 2017 tamb\u00e9m contou com dois marcantes momentos culturais. O primeiro foi com a apresenta\u00e7\u00e3o musical da \u201c<b>Fam\u00edlia Prado<\/b>\u201d, composta pelos professores Morgana e Daniel Prado, e pela aluna da EMEF Ana Neri, Vit\u00f3ria Prado, acompanhados pelo m\u00fasico Mauro S\u00e1. O segundo, que encerrou a Aula Inaugural, foi a pe\u00e7a teatral \u00a0\u201cHist\u00f3rias de uma mala s\u00f3\u201d, com a atriz rio-grandina Elisa Lucas, do Grupo Teatral Capitu.<\/p>\n<p>&nbsp;<\/p>\n<p style=\"text-align: right;\"><em>SMEd<\/em><br \/>\n<em> Roberton Reis<\/em><\/p>\n","protected":false},"excerpt":{"rendered":"<p>A Secretaria de Munic\u00edpio da Educa\u00e7\u00e3o de Rio Grande (SMEd), na \u00faltima ter\u00e7a-feira, 14 de fevereiro, realizou, no Audit\u00f3rio do CIDEC-Sul\/FURG, a Aula Inaugural da Rede P\u00fablica Municipal de Ensino, a qual contou com a presen\u00e7a de professores, gestores escolares e demais trabalhadores em educa\u00e7\u00e3o, al\u00e9m de autoridades municipais.<\/p>\n","protected":false},"author":7,"featured_media":0,"comment_status":"closed","ping_status":"closed","sticky":false,"template":"","format":"standard","meta":{"footnotes":""},"categories":[1,13],"tags":[],"class_list":["post-20473","post","type-post","status-publish","format-standard","hentry","category-noticias","category-pedagogico"],"_links":{"self":[{"href":"https:\/\/www.riogrande.rs.gov.br\/smed\/index.php?rest_route=\/wp\/v2\/posts\/20473"}],"collection":[{"href":"https:\/\/www.riogrande.rs.gov.br\/smed\/index.php?rest_route=\/wp\/v2\/posts"}],"about":[{"href":"https:\/\/www.riogrande.rs.gov.br\/smed\/index.php?rest_route=\/wp\/v2\/types\/post"}],"author":[{"embeddable":true,"href":"https:\/\/www.riogrande.rs.gov.br\/smed\/index.php?rest_route=\/wp\/v2\/users\/7"}],"replies":[{"embeddable":true,"href":"https:\/\/www.riogrande.rs.gov.br\/smed\/index.php?rest_route=%2Fwp%2Fv2%2Fcomments&post=20473"}],"version-history":[{"count":1,"href":"https:\/\/www.riogrande.rs.gov.br\/smed\/index.php?rest_route=\/wp\/v2\/posts\/20473\/revisions"}],"predecessor-version":[{"id":20486,"href":"https:\/\/www.riogrande.rs.gov.br\/smed\/index.php?rest_route=\/wp\/v2\/posts\/20473\/revisions\/20486"}],"wp:attachment":[{"href":"https:\/\/www.riogrande.rs.gov.br\/smed\/index.php?rest_route=%2Fwp%2Fv2%2Fmedia&parent=20473"}],"wp:term":[{"taxonomy":"category","embeddable":true,"href":"https:\/\/www.riogrande.rs.gov.br\/smed\/index.php?rest_route=%2Fwp%2Fv2%2Fcategories&post=20473"},{"taxonomy":"post_tag","embeddable":true,"href":"https:\/\/www.riogrande.rs.gov.br\/smed\/index.php?rest_route=%2Fwp%2Fv2%2Ftags&post=20473"}],"curies":[{"name":"wp","href":"https:\/\/api.w.org\/{rel}","templated":true}]}}