{"id":20469,"date":"2017-02-16T12:22:05","date_gmt":"2017-02-16T14:22:05","guid":{"rendered":"http:\/\/www.riogrande.rs.gov.br\/smed\/?p=20469"},"modified":"2017-02-16T12:22:41","modified_gmt":"2017-02-16T14:22:41","slug":"alunos-da-rede-municipal-de-ensino-retornam-as-atividades","status":"publish","type":"post","link":"https:\/\/www.riogrande.rs.gov.br\/smed\/?p=20469","title":{"rendered":"ALUNOS DA REDE MUNICIPAL DE ENSINO RETORNAM \u00c0S ATIVIDADES"},"content":{"rendered":"<div id=\"attachment_20470\" style=\"width: 370px\" class=\"wp-caption aligncenter\"><a href=\"http:\/\/www.riogrande.rs.gov.br\/smed\/wp-content\/uploads\/2017\/02\/20170216-jornalagora1.jpg\" rel=\"lightbox[20469]\"><img loading=\"lazy\" decoding=\"async\" aria-describedby=\"caption-attachment-20470\" class=\"size-full wp-image-20470\" src=\"http:\/\/www.riogrande.rs.gov.br\/smed\/wp-content\/uploads\/2017\/02\/20170216-jornalagora1.jpg\" alt=\"\" width=\"360\" height=\"270\" srcset=\"https:\/\/www.riogrande.rs.gov.br\/smed\/wp-content\/uploads\/2017\/02\/20170216-jornalagora1.jpg 360w, https:\/\/www.riogrande.rs.gov.br\/smed\/wp-content\/uploads\/2017\/02\/20170216-jornalagora1-276x207.jpg 276w\" sizes=\"(max-width: 360px) 100vw, 360px\" \/><\/a><p id=\"caption-attachment-20470\" class=\"wp-caption-text\">Cr\u00e9dito: F\u00e1bio Dutra<\/p><\/div>\n<p style=\"text-align: justify;\" align=\"justify\">Fonte <a href=\"http:\/\/www.jornalagora.com.br\" target=\"_blank\"><strong>www.jornalagora.com.br<\/strong><\/a><\/p>\n<p style=\"text-align: justify;\" align=\"justify\"><strong>ALINE RODRIGUES<br \/>\n<\/strong> <a href=\"mailto:aline@jornalagora.com.br\">aline@jornalagora.com.br<\/a><\/p>\n<p style=\"text-align: justify;\">Os alunos da Rede P\u00fablica Municipal de Ensino retornaram \u00e0s aulas na manh\u00e3 de ontem (15), entretanto a aula inaugural foi realizada na noite da ter\u00e7a-feira (14), no Cidec-Sul da Furg. De acordo com informa\u00e7\u00f5es do Executivo Municipal, participaram da aula inaugural professores, diretores, funcion\u00e1rios da Secretaria de Munic\u00edpio da Educa\u00e7\u00e3o (SMEd) e autoridades da cidade. Ainda segundo informa\u00e7\u00f5es da assessoria da Prefeitura, a aula inaugural foi repleta de atividades que envolveram teatro, m\u00fasica e forma\u00e7\u00e3o.<\/p>\n<p style=\"text-align: justify;\"><!--more--><\/p>\n<p style=\"text-align: justify;\">No \u00faltimo dia 10, a SMEd ainda promoveu um encontro entre os gestores da rede, que foi realizado na Emef Cipriano Porto Alegre, o qual teve como objetivo o acolhimento desses profissionais, visando um bom come\u00e7o de ano letivo. No encontro, os profissionais tratar\u00e3o, tamb\u00e9m, sobre os informes pedag\u00f3gicos e administrativos. Conforme dados da assessoria da Prefeitura, 74 escolas retomaram as atividades ontem, o que representa o retorno de cerca de 22 mil alunos.<\/p>\n<p style=\"text-align: justify;\"><strong>REDE PRIVADA E ESTADUAL<\/strong><\/p>\n<p style=\"text-align: justify;\">J\u00e1 na Rede Privada, as aulas tiveram in\u00edcio na \u00faltima segunda-feira (13). Na Rede Estadual, o retorno ocorre no pr\u00f3ximo dia 6 de mar\u00e7o. Em entrevista ao Agora, recentemente, a coordenadora da 18\u00aa Coordenadoria Regional da Educa\u00e7\u00e3o (CRE), Janete Pinto, explicou que os professores retornam entre os dias 2 e 3 de mar\u00e7o.<\/p>\n<p style=\"text-align: justify;\">Na ocasi\u00e3o, a coordenadora enfatizou que, no come\u00e7o do m\u00eas, os professores j\u00e1 estar\u00e3o se reunindo para dar seguimento na organiza\u00e7\u00e3o do in\u00edcio do ano letivo. \u201cNa realidade, as aulas come\u00e7am no dia 6, mas, antes disso, todos os professores j\u00e1 ter\u00e3o come\u00e7ado os trabalhos e todas as escolas estaduais do Munic\u00edpio devem iniciar as atividades no dia 6, mesmo aquelas que est\u00e3o em obras\u201d, destacou \u00e0 \u00e9poca.<\/p>\n","protected":false},"excerpt":{"rendered":"<p>Fonte www.jornalagora.com.br ALINE RODRIGUES aline@jornalagora.com.br Os alunos da Rede P\u00fablica Municipal de Ensino retornaram \u00e0s aulas na manh\u00e3 de ontem (15), entretanto a aula inaugural foi realizada na noite da ter\u00e7a-feira (14), no Cidec-Sul da Furg. De acordo com informa\u00e7\u00f5es do Executivo Municipal, participaram da aula inaugural professores, diretores, funcion\u00e1rios da Secretaria de Munic\u00edpio da [&hellip;]<\/p>\n","protected":false},"author":7,"featured_media":0,"comment_status":"closed","ping_status":"closed","sticky":false,"template":"","format":"standard","meta":{"footnotes":""},"categories":[1],"tags":[],"class_list":["post-20469","post","type-post","status-publish","format-standard","hentry","category-noticias"],"_links":{"self":[{"href":"https:\/\/www.riogrande.rs.gov.br\/smed\/index.php?rest_route=\/wp\/v2\/posts\/20469"}],"collection":[{"href":"https:\/\/www.riogrande.rs.gov.br\/smed\/index.php?rest_route=\/wp\/v2\/posts"}],"about":[{"href":"https:\/\/www.riogrande.rs.gov.br\/smed\/index.php?rest_route=\/wp\/v2\/types\/post"}],"author":[{"embeddable":true,"href":"https:\/\/www.riogrande.rs.gov.br\/smed\/index.php?rest_route=\/wp\/v2\/users\/7"}],"replies":[{"embeddable":true,"href":"https:\/\/www.riogrande.rs.gov.br\/smed\/index.php?rest_route=%2Fwp%2Fv2%2Fcomments&post=20469"}],"version-history":[{"count":2,"href":"https:\/\/www.riogrande.rs.gov.br\/smed\/index.php?rest_route=\/wp\/v2\/posts\/20469\/revisions"}],"predecessor-version":[{"id":20472,"href":"https:\/\/www.riogrande.rs.gov.br\/smed\/index.php?rest_route=\/wp\/v2\/posts\/20469\/revisions\/20472"}],"wp:attachment":[{"href":"https:\/\/www.riogrande.rs.gov.br\/smed\/index.php?rest_route=%2Fwp%2Fv2%2Fmedia&parent=20469"}],"wp:term":[{"taxonomy":"category","embeddable":true,"href":"https:\/\/www.riogrande.rs.gov.br\/smed\/index.php?rest_route=%2Fwp%2Fv2%2Fcategories&post=20469"},{"taxonomy":"post_tag","embeddable":true,"href":"https:\/\/www.riogrande.rs.gov.br\/smed\/index.php?rest_route=%2Fwp%2Fv2%2Ftags&post=20469"}],"curies":[{"name":"wp","href":"https:\/\/api.w.org\/{rel}","templated":true}]}}