{"id":20444,"date":"2017-02-14T14:13:32","date_gmt":"2017-02-14T16:13:32","guid":{"rendered":"http:\/\/www.riogrande.rs.gov.br\/smed\/?p=20444"},"modified":"2017-02-14T14:15:54","modified_gmt":"2017-02-14T16:15:54","slug":"novo-predio-da-escola-olavo-bilac-deve-ser-entregue-no-final-do-ano","status":"publish","type":"post","link":"https:\/\/www.riogrande.rs.gov.br\/smed\/?p=20444","title":{"rendered":"NOVO PR\u00c9DIO DA ESCOLA OLAVO BILAC DEVE SER ENTREGUE NO FINAL DO ANO"},"content":{"rendered":"<div id=\"attachment_20446\" style=\"width: 310px\" class=\"wp-caption aligncenter\"><a href=\"http:\/\/www.riogrande.rs.gov.br\/smed\/wp-content\/uploads\/2017\/02\/20170214-jornalagora1.jpg\" rel=\"lightbox[20444]\"><img loading=\"lazy\" decoding=\"async\" aria-describedby=\"caption-attachment-20446\" class=\"size-full wp-image-20446\" src=\"http:\/\/www.riogrande.rs.gov.br\/smed\/wp-content\/uploads\/2017\/02\/20170214-jornalagora1.jpg\" alt=\"\" width=\"300\" height=\"225\" srcset=\"https:\/\/www.riogrande.rs.gov.br\/smed\/wp-content\/uploads\/2017\/02\/20170214-jornalagora1.jpg 300w, https:\/\/www.riogrande.rs.gov.br\/smed\/wp-content\/uploads\/2017\/02\/20170214-jornalagora1-276x207.jpg 276w\" sizes=\"(max-width: 300px) 100vw, 300px\" \/><\/a><p id=\"caption-attachment-20446\" class=\"wp-caption-text\">Cr\u00e9dito: F\u00e1bio Dutra<\/p><\/div>\n<p style=\"text-align: justify;\">Fonte: <a href=\"http:\/\/www.jornalagora.com.br\" target=\"_blank\"><strong>www.jornalagora.com.br<\/strong><\/a><\/p>\n<p style=\"text-align: justify;\">Or\u00e7ada em cerca R$ 3.7 milh\u00f5es, obra est\u00e1 em fase de coloca\u00e7\u00e3o do telhado e falta ainda finalizar aberturas e acabamentos<\/p>\n<p style=\"text-align: justify;\"><!--more--><\/p>\n<p style=\"text-align: justify;\"><strong>POR TATIANE FERNANDES<\/strong><br \/>\n<strong> tati@jornalagora.com.br<\/strong><\/p>\n<p style=\"text-align: justify;\">Atendendo a uma demanda antiga da comunidade da E.M.E.F. Olavo Bilac, est\u00e1 em constru\u00e7\u00e3o um novo pr\u00e9dio para a escola, na vila da Quinta. A expectativa \u00e9 de que a obra, or\u00e7ada em cerca R$ 3.7 milh\u00f5es, seja entregue at\u00e9 o final deste ano. A nova escola est\u00e1 sendo constru\u00edda ao lado da atual, \u00e0s margens da BR-392.<\/p>\n<p style=\"text-align: justify;\">Segundo informa\u00e7\u00f5es da secret\u00e1ria de Munic\u00edpio de Educa\u00e7\u00e3o, Ingrid Wally Jorge, o contrato para a constru\u00e7\u00e3o do novo pr\u00e9dio, firmado em julho do ano passado, vence no pr\u00f3ximo m\u00eas. Entretanto a obra est\u00e1 em fase de coloca\u00e7\u00e3o do telhado e falta ainda finalizar aberturas e acabamentos. Assim, a secret\u00e1ria afirma que o contrato dever\u00e1 sofrer novo aditivo. Ingrid informou que o projeto \u00e9 de 2013 e compreende uma escola muito mais ampla e com melhor infraestrutura para atender a comunidade.<\/p>\n<p style=\"text-align: justify;\">A demanda pelo pr\u00e9dio novo \u00e9 antiga, porque, com as obras de duplica\u00e7\u00e3o da ERS-734, em meados de 2011, uma parte da escola foi demolida. De acordo com o diretor do estabelecimento, Paulo Sequeira Junior, com as obras da estrada, a escola perdeu um p\u00e1tio pequeno, a sala de inform\u00e1tica, uma sala de aula e uma secretaria. Disse que, na \u00e9poca, o Departamento Nacional de Infraestrutura de Transportes (Dnit) construiu tr\u00eas salas de madeira, provis\u00f3rias, mas que est\u00e3o em utiliza\u00e7\u00e3o ainda. Outro transtorno, segundo o diretor, \u00e9 que a porta de entrada e de sa\u00edda dos alunos ficou muito pr\u00f3ximo \u00e0 estrada, causando grande risco aos estudantes.<\/p>\n<p style=\"text-align: justify;\">Sobre o novo pr\u00e9dio em constru\u00e7\u00e3o, Junior afirmou que est\u00e1 muito melhor localizado e que, al\u00e9m disso, trata-se de um pr\u00e9dio modelo. Ele disse que \u00e9 um pr\u00e9dio muito grande e que, com a mudan\u00e7a, a Olavo Bilac poder\u00e1 ser uma das maiores escolas do Munic\u00edpio.<\/p>\n<p style=\"text-align: justify;\">De acordo com ele, o pr\u00e9dio atual comporta 350 alunos e o novo dobrar\u00e1 a capacidade. Haver\u00e1, segundo ele, laborat\u00f3rios muito bem estruturados, uma biblioteca grande, salas de professores e inform\u00e1tica.<\/p>\n<p style=\"text-align: justify;\">O ex-secret\u00e1rio de Educa\u00e7\u00e3o do Munic\u00edpio, vereador Andr\u00e9 Lemes (PT), informou que o novo pr\u00e9dio, bem maior que o atual, foi pensado para ampliar as vagas para a Educa\u00e7\u00e3o Infantil na comunidade da Quinta. Sobre a destina\u00e7\u00e3o do pr\u00e9dio atual, disse que ainda nada foi definido, mas contou que defende que se viabilize um novo Cras ou que abrigue alguma outra atividade voltada \u00e0 assist\u00eancia social ou para a Sa\u00fade. Entretanto, infornou que houve tamb\u00e9m a proposta de utilizar o local para a constru\u00e7\u00e3o de uma pra\u00e7a.<\/p>\n","protected":false},"excerpt":{"rendered":"<p>Fonte: www.jornalagora.com.br Or\u00e7ada em cerca R$ 3.7 milh\u00f5es, obra est\u00e1 em fase de coloca\u00e7\u00e3o do telhado e falta ainda finalizar aberturas e acabamentos<\/p>\n","protected":false},"author":7,"featured_media":0,"comment_status":"closed","ping_status":"closed","sticky":false,"template":"","format":"standard","meta":{"footnotes":""},"categories":[1],"tags":[],"class_list":["post-20444","post","type-post","status-publish","format-standard","hentry","category-noticias"],"_links":{"self":[{"href":"https:\/\/www.riogrande.rs.gov.br\/smed\/index.php?rest_route=\/wp\/v2\/posts\/20444"}],"collection":[{"href":"https:\/\/www.riogrande.rs.gov.br\/smed\/index.php?rest_route=\/wp\/v2\/posts"}],"about":[{"href":"https:\/\/www.riogrande.rs.gov.br\/smed\/index.php?rest_route=\/wp\/v2\/types\/post"}],"author":[{"embeddable":true,"href":"https:\/\/www.riogrande.rs.gov.br\/smed\/index.php?rest_route=\/wp\/v2\/users\/7"}],"replies":[{"embeddable":true,"href":"https:\/\/www.riogrande.rs.gov.br\/smed\/index.php?rest_route=%2Fwp%2Fv2%2Fcomments&post=20444"}],"version-history":[{"count":3,"href":"https:\/\/www.riogrande.rs.gov.br\/smed\/index.php?rest_route=\/wp\/v2\/posts\/20444\/revisions"}],"predecessor-version":[{"id":20448,"href":"https:\/\/www.riogrande.rs.gov.br\/smed\/index.php?rest_route=\/wp\/v2\/posts\/20444\/revisions\/20448"}],"wp:attachment":[{"href":"https:\/\/www.riogrande.rs.gov.br\/smed\/index.php?rest_route=%2Fwp%2Fv2%2Fmedia&parent=20444"}],"wp:term":[{"taxonomy":"category","embeddable":true,"href":"https:\/\/www.riogrande.rs.gov.br\/smed\/index.php?rest_route=%2Fwp%2Fv2%2Fcategories&post=20444"},{"taxonomy":"post_tag","embeddable":true,"href":"https:\/\/www.riogrande.rs.gov.br\/smed\/index.php?rest_route=%2Fwp%2Fv2%2Ftags&post=20444"}],"curies":[{"name":"wp","href":"https:\/\/api.w.org\/{rel}","templated":true}]}}