{"id":20425,"date":"2017-02-08T14:03:43","date_gmt":"2017-02-08T16:03:43","guid":{"rendered":"http:\/\/www.riogrande.rs.gov.br\/smed\/?p=20425"},"modified":"2017-02-08T14:03:43","modified_gmt":"2017-02-08T16:03:43","slug":"smed-realizara-reuniao-com-gestores-das-escolas-municipais-no-dia-10","status":"publish","type":"post","link":"https:\/\/www.riogrande.rs.gov.br\/smed\/?p=20425","title":{"rendered":"SMEd realizar\u00e1 reuni\u00e3o com Gestores das Escolas Municipais no dia 10"},"content":{"rendered":"<p style=\"text-align: justify;\"><span style=\"font-weight: 400;\">A Secretaria de Munic\u00edpio da Educa\u00e7\u00e3o de Rio Grande (SMEd) realizar\u00e1, na pr\u00f3xima sexta-feira, <\/span><b>10 de fevereiro<\/b><span style=\"font-weight: 400;\">, \u00e0s <\/span><b>09h<\/b><span style=\"font-weight: 400;\">, no Audit\u00f3rio da <\/span><b>EMEF Cipriano Porto Alegre<\/b><span style=\"font-weight: 400;\">, reuni\u00e3o geral com os gestores das escolas da rede p\u00fablica municipal de ensino. Al\u00e9m de informes pedag\u00f3gicos e administrativos, esta reuni\u00e3o ter\u00e1 como pauta o <\/span><span style=\"font-weight: 400;\">acolhimento aos gestores para o bom in\u00edcio do Ano Letivo 2017.<\/span><\/p>\n<p style=\"text-align: right;\"><i><span style=\"font-weight: 400;\">SMEd<\/span><\/i><\/p>\n","protected":false},"excerpt":{"rendered":"<p>A Secretaria de Munic\u00edpio da Educa\u00e7\u00e3o de Rio Grande (SMEd) realizar\u00e1, na pr\u00f3xima sexta-feira, 10 de fevereiro, \u00e0s 09h, no Audit\u00f3rio da EMEF Cipriano Porto Alegre, reuni\u00e3o geral com os gestores das escolas da rede p\u00fablica municipal de ensino. Al\u00e9m de informes pedag\u00f3gicos e administrativos, esta reuni\u00e3o ter\u00e1 como pauta o acolhimento aos gestores para [&hellip;]<\/p>\n","protected":false},"author":7,"featured_media":0,"comment_status":"closed","ping_status":"closed","sticky":false,"template":"","format":"standard","meta":{"footnotes":""},"categories":[1,13],"tags":[],"class_list":["post-20425","post","type-post","status-publish","format-standard","hentry","category-noticias","category-pedagogico"],"_links":{"self":[{"href":"https:\/\/www.riogrande.rs.gov.br\/smed\/index.php?rest_route=\/wp\/v2\/posts\/20425"}],"collection":[{"href":"https:\/\/www.riogrande.rs.gov.br\/smed\/index.php?rest_route=\/wp\/v2\/posts"}],"about":[{"href":"https:\/\/www.riogrande.rs.gov.br\/smed\/index.php?rest_route=\/wp\/v2\/types\/post"}],"author":[{"embeddable":true,"href":"https:\/\/www.riogrande.rs.gov.br\/smed\/index.php?rest_route=\/wp\/v2\/users\/7"}],"replies":[{"embeddable":true,"href":"https:\/\/www.riogrande.rs.gov.br\/smed\/index.php?rest_route=%2Fwp%2Fv2%2Fcomments&post=20425"}],"version-history":[{"count":1,"href":"https:\/\/www.riogrande.rs.gov.br\/smed\/index.php?rest_route=\/wp\/v2\/posts\/20425\/revisions"}],"predecessor-version":[{"id":20426,"href":"https:\/\/www.riogrande.rs.gov.br\/smed\/index.php?rest_route=\/wp\/v2\/posts\/20425\/revisions\/20426"}],"wp:attachment":[{"href":"https:\/\/www.riogrande.rs.gov.br\/smed\/index.php?rest_route=%2Fwp%2Fv2%2Fmedia&parent=20425"}],"wp:term":[{"taxonomy":"category","embeddable":true,"href":"https:\/\/www.riogrande.rs.gov.br\/smed\/index.php?rest_route=%2Fwp%2Fv2%2Fcategories&post=20425"},{"taxonomy":"post_tag","embeddable":true,"href":"https:\/\/www.riogrande.rs.gov.br\/smed\/index.php?rest_route=%2Fwp%2Fv2%2Ftags&post=20425"}],"curies":[{"name":"wp","href":"https:\/\/api.w.org\/{rel}","templated":true}]}}