{"id":20411,"date":"2017-02-06T13:40:07","date_gmt":"2017-02-06T15:40:07","guid":{"rendered":"http:\/\/www.riogrande.rs.gov.br\/smed\/?p=20411"},"modified":"2017-02-06T13:45:17","modified_gmt":"2017-02-06T15:45:17","slug":"nucleo-de-alimentacao-escolar-da-smed-divulga-cardapios-de-marco-para-as-escolas-da-rede-municipal","status":"publish","type":"post","link":"https:\/\/www.riogrande.rs.gov.br\/smed\/?p=20411","title":{"rendered":"N\u00facleo de Alimenta\u00e7\u00e3o Escolar da SMEd divulga Card\u00e1pios de Mar\u00e7o para as Escolas da Rede Municipal"},"content":{"rendered":"<p style=\"text-align: justify;\">O <b>N\u00facleo de Alimenta\u00e7\u00e3o Escolar<\/b> (NAE) da Secretaria de Munic\u00edpio da Educa\u00e7\u00e3o de Rio Grande (SMEd) divulga os <a href=\"http:\/\/www.riogrande.rs.gov.br\/smed\/?page_id=9951\" target=\"_blank\"><b>Card\u00e1pios<\/b><\/a> para as Escolas da rede p\u00fablica municipal de ensino, relativos ao m\u00eas de <b>mar\u00e7o<\/b>, incluindo <a href=\"http:\/\/www.riogrande.rs.gov.br\/smed\/?page_id=9951\" target=\"_blank\"><b>Card\u00e1pios<\/b><\/a> espec\u00edficos para diab\u00e9ticos, cel\u00edacos e intolerantes \u00e0 lactose.<\/p>\n<p>&nbsp;<\/p>\n<p style=\"text-align: right;\"><em>SMEd<\/em><br \/>\n<em> Roberton Reis<\/em><\/p>\n","protected":false},"excerpt":{"rendered":"<p>O N\u00facleo de Alimenta\u00e7\u00e3o Escolar (NAE) da Secretaria de Munic\u00edpio da Educa\u00e7\u00e3o de Rio Grande (SMEd) divulga os Card\u00e1pios para as Escolas da rede p\u00fablica municipal de ensino, relativos ao m\u00eas de mar\u00e7o, incluindo Card\u00e1pios espec\u00edficos para diab\u00e9ticos, cel\u00edacos e intolerantes \u00e0 lactose. &nbsp; SMEd Roberton Reis<\/p>\n","protected":false},"author":7,"featured_media":0,"comment_status":"closed","ping_status":"closed","sticky":false,"template":"","format":"standard","meta":{"footnotes":""},"categories":[1,13],"tags":[],"class_list":["post-20411","post","type-post","status-publish","format-standard","hentry","category-noticias","category-pedagogico"],"_links":{"self":[{"href":"https:\/\/www.riogrande.rs.gov.br\/smed\/index.php?rest_route=\/wp\/v2\/posts\/20411"}],"collection":[{"href":"https:\/\/www.riogrande.rs.gov.br\/smed\/index.php?rest_route=\/wp\/v2\/posts"}],"about":[{"href":"https:\/\/www.riogrande.rs.gov.br\/smed\/index.php?rest_route=\/wp\/v2\/types\/post"}],"author":[{"embeddable":true,"href":"https:\/\/www.riogrande.rs.gov.br\/smed\/index.php?rest_route=\/wp\/v2\/users\/7"}],"replies":[{"embeddable":true,"href":"https:\/\/www.riogrande.rs.gov.br\/smed\/index.php?rest_route=%2Fwp%2Fv2%2Fcomments&post=20411"}],"version-history":[{"count":2,"href":"https:\/\/www.riogrande.rs.gov.br\/smed\/index.php?rest_route=\/wp\/v2\/posts\/20411\/revisions"}],"predecessor-version":[{"id":20421,"href":"https:\/\/www.riogrande.rs.gov.br\/smed\/index.php?rest_route=\/wp\/v2\/posts\/20411\/revisions\/20421"}],"wp:attachment":[{"href":"https:\/\/www.riogrande.rs.gov.br\/smed\/index.php?rest_route=%2Fwp%2Fv2%2Fmedia&parent=20411"}],"wp:term":[{"taxonomy":"category","embeddable":true,"href":"https:\/\/www.riogrande.rs.gov.br\/smed\/index.php?rest_route=%2Fwp%2Fv2%2Fcategories&post=20411"},{"taxonomy":"post_tag","embeddable":true,"href":"https:\/\/www.riogrande.rs.gov.br\/smed\/index.php?rest_route=%2Fwp%2Fv2%2Ftags&post=20411"}],"curies":[{"name":"wp","href":"https:\/\/api.w.org\/{rel}","templated":true}]}}