{"id":20401,"date":"2017-02-03T13:48:37","date_gmt":"2017-02-03T15:48:37","guid":{"rendered":"http:\/\/www.riogrande.rs.gov.br\/smed\/?p=20401"},"modified":"2017-02-03T13:48:37","modified_gmt":"2017-02-03T15:48:37","slug":"plantoes-nas-escolas-da-rede-municipal-iniciaram-na-quarta-feira-1o","status":"publish","type":"post","link":"https:\/\/www.riogrande.rs.gov.br\/smed\/?p=20401","title":{"rendered":"Plant\u00f5es nas Escolas da Rede Municipal iniciaram na quarta-feira, 1\u00ba"},"content":{"rendered":"<p style=\"text-align: justify;\">Na \u00faltima quarta-feira, <b>1\u00ba de fevereiro<\/b>, as escolas da rede p\u00fablica municipal de ensino de Rio Grande iniciaram os plant\u00f5es para atendimento ao p\u00fablico. Na oportunidade, muitas das equipes diretivas j\u00e1 aproveitaram para preparar a acolhida aos seus professores, bem como realizar o planejamento do ano letivo 2017.<\/p>\n<p style=\"text-align: justify;\"><!--more--><\/p>\n<p style=\"text-align: justify;\">\n<p style=\"text-align: justify;\">Novos plant\u00f5es ocorrer\u00e3o nos dias <b>08 e 09 de fevereiro<\/b>, <b>das 09h \u00e0s 15h<\/b>. A \u201c<b>Aula Inaugural de abertura oficial do ano letivo 2017<\/b>\u201d ser\u00e1 no dia <b>14 de fevereiro<\/b>, <b>\u00e0s 19h<\/b> no <b>Cidec Sul da Furg<\/b>. J\u00e1 no dia <b>15<\/b> iniciam as atividades do ano letivo para os estudantes em toda rede municipal.<\/p>\n<p style=\"text-align: right;\"><em>SMEd<\/em><\/p>\n","protected":false},"excerpt":{"rendered":"<p>Na \u00faltima quarta-feira, 1\u00ba de fevereiro, as escolas da rede p\u00fablica municipal de ensino de Rio Grande iniciaram os plant\u00f5es para atendimento ao p\u00fablico. Na oportunidade, muitas das equipes diretivas j\u00e1 aproveitaram para preparar a acolhida aos seus professores, bem como realizar o planejamento do ano letivo 2017.<\/p>\n","protected":false},"author":7,"featured_media":0,"comment_status":"closed","ping_status":"closed","sticky":false,"template":"","format":"standard","meta":{"footnotes":""},"categories":[1,13],"tags":[],"class_list":["post-20401","post","type-post","status-publish","format-standard","hentry","category-noticias","category-pedagogico"],"_links":{"self":[{"href":"https:\/\/www.riogrande.rs.gov.br\/smed\/index.php?rest_route=\/wp\/v2\/posts\/20401"}],"collection":[{"href":"https:\/\/www.riogrande.rs.gov.br\/smed\/index.php?rest_route=\/wp\/v2\/posts"}],"about":[{"href":"https:\/\/www.riogrande.rs.gov.br\/smed\/index.php?rest_route=\/wp\/v2\/types\/post"}],"author":[{"embeddable":true,"href":"https:\/\/www.riogrande.rs.gov.br\/smed\/index.php?rest_route=\/wp\/v2\/users\/7"}],"replies":[{"embeddable":true,"href":"https:\/\/www.riogrande.rs.gov.br\/smed\/index.php?rest_route=%2Fwp%2Fv2%2Fcomments&post=20401"}],"version-history":[{"count":1,"href":"https:\/\/www.riogrande.rs.gov.br\/smed\/index.php?rest_route=\/wp\/v2\/posts\/20401\/revisions"}],"predecessor-version":[{"id":20402,"href":"https:\/\/www.riogrande.rs.gov.br\/smed\/index.php?rest_route=\/wp\/v2\/posts\/20401\/revisions\/20402"}],"wp:attachment":[{"href":"https:\/\/www.riogrande.rs.gov.br\/smed\/index.php?rest_route=%2Fwp%2Fv2%2Fmedia&parent=20401"}],"wp:term":[{"taxonomy":"category","embeddable":true,"href":"https:\/\/www.riogrande.rs.gov.br\/smed\/index.php?rest_route=%2Fwp%2Fv2%2Fcategories&post=20401"},{"taxonomy":"post_tag","embeddable":true,"href":"https:\/\/www.riogrande.rs.gov.br\/smed\/index.php?rest_route=%2Fwp%2Fv2%2Ftags&post=20401"}],"curies":[{"name":"wp","href":"https:\/\/api.w.org\/{rel}","templated":true}]}}