{"id":20386,"date":"2017-02-01T13:37:10","date_gmt":"2017-02-01T15:37:10","guid":{"rendered":"http:\/\/www.riogrande.rs.gov.br\/smed\/?p=20386"},"modified":"2017-02-01T19:39:07","modified_gmt":"2017-02-01T21:39:07","slug":"emef-santana-lancara-livro-boi-da-cara-preta-e-sua-turma-na-44a-feira-do-livro-da-furg","status":"publish","type":"post","link":"https:\/\/www.riogrande.rs.gov.br\/smed\/?p=20386","title":{"rendered":"EMEF Sant\u2019Ana lan\u00e7ar\u00e1 livro  \u201cBoi da Cara Preta e Sua Turma\u201d na 44\u00aa Feira do Livro da Furg"},"content":{"rendered":"<p style=\"text-align: justify;\">Na pr\u00f3xima quinta-feira, <b>02 de fevereiro<\/b>, \u00e0s <b>21h<\/b>, a Turma do 1\u00ba ano C da Professora Rosane Porto, da Escola Municipal de Ensino Fundamental <b>Sant\u2019Ana<\/b>, lan\u00e7ar\u00e1 o livro \u201c<b>Boi da Cara Preta e Sua Turma<\/b>\u201d, na 44\u00aa Feira do Livro da Furg. A obra \u00e9 o resultado do Projeto Sala de Letras: Uma d\u00e9cada de encantos.<\/p>\n<p style=\"text-align: justify;\"><!--more--><\/p>\n<p style=\"text-align: justify;\">A 44\u00aa Feira do Livro da Furg acontece at\u00e9 05 de fevereiro, na Pra\u00e7a D\u00eddio Duh\u00e1, no Cassino. Neste ano, a Feira tem como tema \u201c<b>A import\u00e2ncia do ensino p\u00fablico e da cultura popular na educa\u00e7\u00e3o<\/b>\u201d.<\/p>\n<p style=\"text-align: justify;\">Confira a <a href=\"http:\/\/sistemas.furg.br\/sistemas\/paginaFURG\/arquivos\/noticias\/000029120.pdf\" target=\"_blank\"><b>programa\u00e7\u00e3o<\/b><\/a> completa da 44\u00aa Feira do Livro da Furg.<\/p>\n<p style=\"text-align: right;\"><em>SMEd<\/em><br \/>\n<em> Roberton Reis<\/em><\/p>\n<p>&nbsp;<\/p>\n<p>&nbsp;<\/p>\n","protected":false},"excerpt":{"rendered":"<p>Na pr\u00f3xima quinta-feira, 02 de fevereiro, \u00e0s 21h, a Turma do 1\u00ba ano C da Professora Rosane Porto, da Escola Municipal de Ensino Fundamental Sant\u2019Ana, lan\u00e7ar\u00e1 o livro \u201cBoi da Cara Preta e Sua Turma\u201d, na 44\u00aa Feira do Livro da Furg. A obra \u00e9 o resultado do Projeto Sala de Letras: Uma d\u00e9cada de [&hellip;]<\/p>\n","protected":false},"author":7,"featured_media":0,"comment_status":"closed","ping_status":"closed","sticky":false,"template":"","format":"standard","meta":{"footnotes":""},"categories":[1,13],"tags":[],"class_list":["post-20386","post","type-post","status-publish","format-standard","hentry","category-noticias","category-pedagogico"],"_links":{"self":[{"href":"https:\/\/www.riogrande.rs.gov.br\/smed\/index.php?rest_route=\/wp\/v2\/posts\/20386"}],"collection":[{"href":"https:\/\/www.riogrande.rs.gov.br\/smed\/index.php?rest_route=\/wp\/v2\/posts"}],"about":[{"href":"https:\/\/www.riogrande.rs.gov.br\/smed\/index.php?rest_route=\/wp\/v2\/types\/post"}],"author":[{"embeddable":true,"href":"https:\/\/www.riogrande.rs.gov.br\/smed\/index.php?rest_route=\/wp\/v2\/users\/7"}],"replies":[{"embeddable":true,"href":"https:\/\/www.riogrande.rs.gov.br\/smed\/index.php?rest_route=%2Fwp%2Fv2%2Fcomments&post=20386"}],"version-history":[{"count":2,"href":"https:\/\/www.riogrande.rs.gov.br\/smed\/index.php?rest_route=\/wp\/v2\/posts\/20386\/revisions"}],"predecessor-version":[{"id":20388,"href":"https:\/\/www.riogrande.rs.gov.br\/smed\/index.php?rest_route=\/wp\/v2\/posts\/20386\/revisions\/20388"}],"wp:attachment":[{"href":"https:\/\/www.riogrande.rs.gov.br\/smed\/index.php?rest_route=%2Fwp%2Fv2%2Fmedia&parent=20386"}],"wp:term":[{"taxonomy":"category","embeddable":true,"href":"https:\/\/www.riogrande.rs.gov.br\/smed\/index.php?rest_route=%2Fwp%2Fv2%2Fcategories&post=20386"},{"taxonomy":"post_tag","embeddable":true,"href":"https:\/\/www.riogrande.rs.gov.br\/smed\/index.php?rest_route=%2Fwp%2Fv2%2Ftags&post=20386"}],"curies":[{"name":"wp","href":"https:\/\/api.w.org\/{rel}","templated":true}]}}