{"id":20374,"date":"2016-12-30T12:39:52","date_gmt":"2016-12-30T14:39:52","guid":{"rendered":"http:\/\/www.riogrande.rs.gov.br\/smed\/?p=20374"},"modified":"2016-12-30T12:41:01","modified_gmt":"2016-12-30T14:41:01","slug":"smed-divulga-o-calendario-escolar-2017","status":"publish","type":"post","link":"https:\/\/www.riogrande.rs.gov.br\/smed\/?p=20374","title":{"rendered":"SMEd divulga o Calend\u00e1rio Escolar 2017"},"content":{"rendered":"<div id=\"attachment_20375\" style=\"width: 495px\" class=\"wp-caption aligncenter\"><a href=\"http:\/\/www.riogrande.rs.gov.br\/smed\/wp-content\/uploads\/2016\/12\/20161230-calendario-calendario-0.jpg\" rel=\"lightbox[20374]\"><img loading=\"lazy\" decoding=\"async\" aria-describedby=\"caption-attachment-20375\" class=\"size-medium wp-image-20375\" src=\"http:\/\/www.riogrande.rs.gov.br\/smed\/wp-content\/uploads\/2016\/12\/20161230-calendario-calendario-0-485x686.jpg\" alt=\"\" width=\"485\" height=\"686\" srcset=\"https:\/\/www.riogrande.rs.gov.br\/smed\/wp-content\/uploads\/2016\/12\/20161230-calendario-calendario-0-485x686.jpg 485w, https:\/\/www.riogrande.rs.gov.br\/smed\/wp-content\/uploads\/2016\/12\/20161230-calendario-calendario-0-768x1087.jpg 768w, https:\/\/www.riogrande.rs.gov.br\/smed\/wp-content\/uploads\/2016\/12\/20161230-calendario-calendario-0-146x207.jpg 146w, https:\/\/www.riogrande.rs.gov.br\/smed\/wp-content\/uploads\/2016\/12\/20161230-calendario-calendario-0.jpg 800w\" sizes=\"(max-width: 485px) 100vw, 485px\" \/><\/a><p id=\"caption-attachment-20375\" class=\"wp-caption-text\">Divulga\u00e7\u00e3o<\/p><\/div>\n<p style=\"text-align: justify;\">A Secretaria de Munic\u00edpio da Educa\u00e7\u00e3o de Rio Grande (SMEd), atrav\u00e9s da Superintend\u00eancia de Gest\u00e3o Pedag\u00f3gica, divulgou nesta sexta-feira, <b>30 de dezembro<\/b> de 2016, o <a href=\"http:\/\/www.riogrande.rs.gov.br\/smed\/wp-content\/uploads\/2016\/12\/20161230-calendario_escolar_2017.pdf\" target=\"_blank\"><b>Calend\u00e1rio Escolar 2017<\/b><\/a>, o qual foi constru\u00eddo conjuntamente com os gestores das escolas da rede p\u00fablica municipal de ensino.<\/p>\n<p style=\"text-align: justify;\"><!--more--><\/p>\n<p style=\"text-align: justify;\">O <a href=\"http:\/\/www.riogrande.rs.gov.br\/smed\/wp-content\/uploads\/2016\/12\/20161230-calendario_escolar_2017.pdf\" target=\"_blank\"><b>Calend\u00e1rio <\/b><\/a>assinala o dia <b>15 de fevereiro <\/b>como data inicial do ano letivo, tendo seu <b>t\u00e9rmino <\/b>previsto para o dia <b>12 de dezembro<\/b>. J\u00e1 o <b>recesso escolar de inverno<\/b> inicia no dia <b>17 de julho<\/b>, estendendo-se \u00a0at\u00e9 <b>29 de julho.<\/b><\/p>\n<p style=\"text-align: justify;\">O <a href=\"http:\/\/www.riogrande.rs.gov.br\/smed\/wp-content\/uploads\/2016\/12\/20161230-calendario_escolar_2017.pdf\" target=\"_blank\"><b>Calend\u00e1rio Escolar 2017<\/b><\/a> est\u00e1 organizado de forma a atender os <b>200 dias letivos<\/b> e as <b>800 horas<\/b> no Ensino Fundamental, de acordo com a LDB 9394\/96. Nas escolas que possuem Educa\u00e7\u00e3o de Jovens Adultos (EJA), o <b>Calend\u00e1rio<\/b> segue como previsto na Lei: <b>100 dias<\/b> no primeiro semestre e <b>100 dias<\/b> no segundo.<\/p>\n<p style=\"text-align: justify;\">Dentre as atividades que constam no <a href=\"http:\/\/www.riogrande.rs.gov.br\/smed\/wp-content\/uploads\/2016\/12\/20161230-calendario_escolar_2017.pdf\" target=\"_blank\"><b>Calend\u00e1rio Escolar 2017<\/b><\/a>, destacam-se a \u201cAula inaugural\u201d, que ocorrer\u00e1 no dia <b>13 de fevereiro,<\/b> e a \u201cAvalia\u00e7\u00e3o do Plano de A\u00e7\u00e3o\u201d, que acontecer\u00e1 no dia <b>15 de julho<\/b>; entre outras.<\/p>\n<p style=\"text-align: justify;\">A Secretaria de Munic\u00edpio da Educa\u00e7\u00e3o continuar\u00e1, em 2017, propondo espa\u00e7os de Forma\u00e7\u00e3o Continuada para todos os docentes da rede, de acordo com o cronograma que ser\u00e1 divulgado em breve.<\/p>\n<p style=\"text-align: justify;\">Acesse <a href=\"http:\/\/www.riogrande.rs.gov.br\/smed\/wp-content\/uploads\/2016\/12\/20161230-calendario_escolar_2017.pdf\" target=\"_blank\"><strong>aqui<\/strong><\/a> o <a href=\"http:\/\/www.riogrande.rs.gov.br\/smed\/wp-content\/uploads\/2016\/12\/20161230-calendario_escolar_2017.pdf\" target=\"_blank\"><b>Calend\u00e1rio Escolar 2017<\/b><\/a> da Rede Municipal.<\/p>\n<p>&nbsp;<\/p>\n<p style=\"text-align: right;\"><em>SMEd<\/em><\/p>\n","protected":false},"excerpt":{"rendered":"<p>A Secretaria de Munic\u00edpio da Educa\u00e7\u00e3o de Rio Grande (SMEd), atrav\u00e9s da Superintend\u00eancia de Gest\u00e3o Pedag\u00f3gica, divulgou nesta sexta-feira, 30 de dezembro de 2016, o Calend\u00e1rio Escolar 2017, o qual foi constru\u00eddo conjuntamente com os gestores das escolas da rede p\u00fablica municipal de ensino.<\/p>\n","protected":false},"author":7,"featured_media":0,"comment_status":"closed","ping_status":"closed","sticky":false,"template":"","format":"standard","meta":{"footnotes":""},"categories":[1,13],"tags":[],"class_list":["post-20374","post","type-post","status-publish","format-standard","hentry","category-noticias","category-pedagogico"],"_links":{"self":[{"href":"https:\/\/www.riogrande.rs.gov.br\/smed\/index.php?rest_route=\/wp\/v2\/posts\/20374"}],"collection":[{"href":"https:\/\/www.riogrande.rs.gov.br\/smed\/index.php?rest_route=\/wp\/v2\/posts"}],"about":[{"href":"https:\/\/www.riogrande.rs.gov.br\/smed\/index.php?rest_route=\/wp\/v2\/types\/post"}],"author":[{"embeddable":true,"href":"https:\/\/www.riogrande.rs.gov.br\/smed\/index.php?rest_route=\/wp\/v2\/users\/7"}],"replies":[{"embeddable":true,"href":"https:\/\/www.riogrande.rs.gov.br\/smed\/index.php?rest_route=%2Fwp%2Fv2%2Fcomments&post=20374"}],"version-history":[{"count":2,"href":"https:\/\/www.riogrande.rs.gov.br\/smed\/index.php?rest_route=\/wp\/v2\/posts\/20374\/revisions"}],"predecessor-version":[{"id":20377,"href":"https:\/\/www.riogrande.rs.gov.br\/smed\/index.php?rest_route=\/wp\/v2\/posts\/20374\/revisions\/20377"}],"wp:attachment":[{"href":"https:\/\/www.riogrande.rs.gov.br\/smed\/index.php?rest_route=%2Fwp%2Fv2%2Fmedia&parent=20374"}],"wp:term":[{"taxonomy":"category","embeddable":true,"href":"https:\/\/www.riogrande.rs.gov.br\/smed\/index.php?rest_route=%2Fwp%2Fv2%2Fcategories&post=20374"},{"taxonomy":"post_tag","embeddable":true,"href":"https:\/\/www.riogrande.rs.gov.br\/smed\/index.php?rest_route=%2Fwp%2Fv2%2Ftags&post=20374"}],"curies":[{"name":"wp","href":"https:\/\/api.w.org\/{rel}","templated":true}]}}