{"id":20346,"date":"2016-12-22T14:39:46","date_gmt":"2016-12-22T16:39:46","guid":{"rendered":"http:\/\/www.riogrande.rs.gov.br\/smed\/?p=20346"},"modified":"2016-12-22T14:39:46","modified_gmt":"2016-12-22T16:39:46","slug":"smed-lancou-livro-digital-protagonizado-por-professores-dos-anos-finais","status":"publish","type":"post","link":"https:\/\/www.riogrande.rs.gov.br\/smed\/?p=20346","title":{"rendered":"SMEd lan\u00e7ou Livro Digital protagonizado por professores dos Anos Finais"},"content":{"rendered":"<div id=\"attachment_20339\" style=\"width: 495px\" class=\"wp-caption aligncenter\"><a href=\"http:\/\/www.riogrande.rs.gov.br\/smed\/wp-content\/uploads\/2010\/12\/20161221-tecendo_saberes.jpg\" rel=\"lightbox[20346]\"><img loading=\"lazy\" decoding=\"async\" aria-describedby=\"caption-attachment-20339\" class=\"size-medium wp-image-20339\" src=\"http:\/\/www.riogrande.rs.gov.br\/smed\/wp-content\/uploads\/2010\/12\/20161221-tecendo_saberes-485x686.jpg\" alt=\"\" width=\"485\" height=\"686\" srcset=\"https:\/\/www.riogrande.rs.gov.br\/smed\/wp-content\/uploads\/2010\/12\/20161221-tecendo_saberes-485x686.jpg 485w, https:\/\/www.riogrande.rs.gov.br\/smed\/wp-content\/uploads\/2010\/12\/20161221-tecendo_saberes-768x1087.jpg 768w, https:\/\/www.riogrande.rs.gov.br\/smed\/wp-content\/uploads\/2010\/12\/20161221-tecendo_saberes-146x207.jpg 146w, https:\/\/www.riogrande.rs.gov.br\/smed\/wp-content\/uploads\/2010\/12\/20161221-tecendo_saberes.jpg 800w\" sizes=\"(max-width: 485px) 100vw, 485px\" \/><\/a><p id=\"caption-attachment-20339\" class=\"wp-caption-text\">Divulga\u00e7\u00e3o<\/p><\/div>\n\n\t\t<style type=\"text\/css\">\n\t\t\t#gallery-1 {\n\t\t\t\tmargin: auto;\n\t\t\t}\n\t\t\t#gallery-1 .gallery-item {\n\t\t\t\tfloat: left;\n\t\t\t\tmargin-top: 10px;\n\t\t\t\ttext-align: center;\n\t\t\t\twidth: 33%;\n\t\t\t}\n\t\t\t#gallery-1 img {\n\t\t\t\tborder: 2px solid #cfcfcf;\n\t\t\t}\n\t\t\t#gallery-1 .gallery-caption {\n\t\t\t\tmargin-left: 0;\n\t\t\t}\n\t\t\t\/* see gallery_shortcode() in wp-includes\/media.php *\/\n\t\t<\/style>\n\t\t<div id='gallery-1' class='gallery galleryid-20346 gallery-columns-3 gallery-size-thumbnail'><dl class='gallery-item'>\n\t\t\t<dt class='gallery-icon landscape'>\n\t\t\t\t<a href='https:\/\/www.riogrande.rs.gov.br\/smed\/wp-content\/uploads\/2016\/12\/20161222-ped-livro_digital-image00.jpg' rel=\"lightbox[20346]\"><img loading=\"lazy\" decoding=\"async\" width=\"150\" height=\"150\" src=\"https:\/\/www.riogrande.rs.gov.br\/smed\/wp-content\/uploads\/2016\/12\/20161222-ped-livro_digital-image00-150x150.jpg\" class=\"attachment-thumbnail size-thumbnail\" alt=\"\" aria-describedby=\"gallery-1-20347\" \/><\/a>\n\t\t\t<\/dt>\n\t\t\t\t<dd class='wp-caption-text gallery-caption' id='gallery-1-20347'>\n\t\t\t\tCr\u00e9dito: Roberton Reis\n\t\t\t\t<\/dd><\/dl><dl class='gallery-item'>\n\t\t\t<dt class='gallery-icon landscape'>\n\t\t\t\t<a href='https:\/\/www.riogrande.rs.gov.br\/smed\/wp-content\/uploads\/2016\/12\/20161222-ped-livro_digital-image01.jpg' rel=\"lightbox[20346]\"><img loading=\"lazy\" decoding=\"async\" width=\"150\" height=\"150\" src=\"https:\/\/www.riogrande.rs.gov.br\/smed\/wp-content\/uploads\/2016\/12\/20161222-ped-livro_digital-image01-150x150.jpg\" class=\"attachment-thumbnail size-thumbnail\" alt=\"\" aria-describedby=\"gallery-1-20348\" \/><\/a>\n\t\t\t<\/dt>\n\t\t\t\t<dd class='wp-caption-text gallery-caption' id='gallery-1-20348'>\n\t\t\t\tCr\u00e9dito: Roberton Reis\n\t\t\t\t<\/dd><\/dl><dl class='gallery-item'>\n\t\t\t<dt class='gallery-icon landscape'>\n\t\t\t\t<a href='https:\/\/www.riogrande.rs.gov.br\/smed\/wp-content\/uploads\/2016\/12\/20161222-ped-livro_digital-image02.jpg' rel=\"lightbox[20346]\"><img loading=\"lazy\" decoding=\"async\" width=\"150\" height=\"150\" src=\"https:\/\/www.riogrande.rs.gov.br\/smed\/wp-content\/uploads\/2016\/12\/20161222-ped-livro_digital-image02-150x150.jpg\" class=\"attachment-thumbnail size-thumbnail\" alt=\"\" aria-describedby=\"gallery-1-20349\" \/><\/a>\n\t\t\t<\/dt>\n\t\t\t\t<dd class='wp-caption-text gallery-caption' id='gallery-1-20349'>\n\t\t\t\tCr\u00e9dito: Roberton Reis\n\t\t\t\t<\/dd><\/dl><br style=\"clear: both\" \/><dl class='gallery-item'>\n\t\t\t<dt class='gallery-icon landscape'>\n\t\t\t\t<a href='https:\/\/www.riogrande.rs.gov.br\/smed\/wp-content\/uploads\/2016\/12\/20161222-ped-livro_digital-image03.jpg' rel=\"lightbox[20346]\"><img loading=\"lazy\" decoding=\"async\" width=\"150\" height=\"150\" src=\"https:\/\/www.riogrande.rs.gov.br\/smed\/wp-content\/uploads\/2016\/12\/20161222-ped-livro_digital-image03-150x150.jpg\" class=\"attachment-thumbnail size-thumbnail\" alt=\"\" aria-describedby=\"gallery-1-20350\" \/><\/a>\n\t\t\t<\/dt>\n\t\t\t\t<dd class='wp-caption-text gallery-caption' id='gallery-1-20350'>\n\t\t\t\tCr\u00e9dito: Roberton Reis\n\t\t\t\t<\/dd><\/dl><dl class='gallery-item'>\n\t\t\t<dt class='gallery-icon landscape'>\n\t\t\t\t<a href='https:\/\/www.riogrande.rs.gov.br\/smed\/wp-content\/uploads\/2016\/12\/20161222-ped-livro_digital-image04.jpg' rel=\"lightbox[20346]\"><img loading=\"lazy\" decoding=\"async\" width=\"150\" height=\"150\" src=\"https:\/\/www.riogrande.rs.gov.br\/smed\/wp-content\/uploads\/2016\/12\/20161222-ped-livro_digital-image04-150x150.jpg\" class=\"attachment-thumbnail size-thumbnail\" alt=\"\" aria-describedby=\"gallery-1-20351\" \/><\/a>\n\t\t\t<\/dt>\n\t\t\t\t<dd class='wp-caption-text gallery-caption' id='gallery-1-20351'>\n\t\t\t\tCr\u00e9dito: Roberton Reis\n\t\t\t\t<\/dd><\/dl><dl class='gallery-item'>\n\t\t\t<dt class='gallery-icon landscape'>\n\t\t\t\t<a href='https:\/\/www.riogrande.rs.gov.br\/smed\/wp-content\/uploads\/2016\/12\/20161222-ped-livro_digital-image05.jpg' rel=\"lightbox[20346]\"><img loading=\"lazy\" decoding=\"async\" width=\"150\" height=\"150\" src=\"https:\/\/www.riogrande.rs.gov.br\/smed\/wp-content\/uploads\/2016\/12\/20161222-ped-livro_digital-image05-150x150.jpg\" class=\"attachment-thumbnail size-thumbnail\" alt=\"\" aria-describedby=\"gallery-1-20352\" \/><\/a>\n\t\t\t<\/dt>\n\t\t\t\t<dd class='wp-caption-text gallery-caption' id='gallery-1-20352'>\n\t\t\t\tCr\u00e9dito: Roberton Reis\n\t\t\t\t<\/dd><\/dl><br style=\"clear: both\" \/>\n\t\t<\/div>\n\n<p style=\"text-align: justify;\">No dia <b>16 de dezembro de 2016<\/b>, na Escola Municipal para a Diversidade Cultural e Inclus\u00e3o Escola Viva, a Secretaria de Munic\u00edpio da Educa\u00e7\u00e3o de Rio Grande (SMEd) realizou o lan\u00e7amento do Livro Digital \u201c<b>Escola ComVida: Tecendo Saberes e Pr\u00e1ticas Significativas nos Anos Finais do Ensino Fundamental<\/b>\u201d.<\/p>\n<p style=\"text-align: justify;\"><!--more--><\/p>\n<p style=\"text-align: justify;\">Esse livro resultou de um trabalho que iniciou no ano de 2013, quando as Assessorias Pedag\u00f3gicas dos Anos Finais da SMEd visitaram as escolas da rede p\u00fablica municipal de ensino e conversaram com os professores sobre as tem\u00e1ticas que desejavam discutir e estudar no processo formativo do ano seguinte.<\/p>\n<p style=\"text-align: justify;\">De posse dessas tem\u00e1ticas, foi organizada a forma\u00e7\u00e3o continuada do ano de 2014. No total, foram sete encontros, distribu\u00eddos no decorrer do ano; e em todos os encontros realizados foram feitos relatos de experi\u00eancia de professores da rede, com o intuito de compartilhar as pr\u00e1ticas pedag\u00f3gicas vivenciadas no espa\u00e7o escolar, pois se acreditava na import\u00e2ncia da socializa\u00e7\u00e3o dos trabalhos como ferramenta para combater a cultura do isolamento.<\/p>\n<p style=\"text-align: justify;\">Com o mesmo prop\u00f3sito, os professores participantes do processo formativo foram incentivados a relatar experi\u00eancias pedag\u00f3gicas significativas, com o objetivo de compartilhar essas pr\u00e1ticas que, em muitos momentos, ficam restritas \u00e0s salas de aula. Esses textos foram entrela\u00e7ados com os escritos de professores do Ensino Superior, que estiveram presentes, contribuindo de forma significativa naquela forma\u00e7\u00e3o continuada.<\/p>\n<p style=\"text-align: justify;\">Como assinala Marta Leivas, coordenadora do N\u00facleo do Ensino Fundamental \u2013 Anos Finais \u201c<b>este momento \u00e9 muito especial para todos n\u00f3s, pois muitas m\u00e3os, vozes e pensamentos contribu\u00edram para tecer este livro que bordou hist\u00f3rias, costurou sonhos e participou da consolida\u00e7\u00e3o de uma Escola ComVida na rede municipal de ensino da cidade do Rio Grande<\/b>\u201d.<\/p>\n<p style=\"text-align: justify;\">Acesse <a href=\"http:\/\/www.riogrande.rs.gov.br\/smed\/externo\/20161221-escola_comvida_tecendo_saberes.pdf\" target=\"_blank\"><b>aqui<\/b><\/a> o Livro Digital \u00a0\u201cEscola ComVida: Tecendo Saberes e Pr\u00e1ticas Significativas nos Anos Finais do Ensino Fundamental, em formato PDF.<\/p>\n<p style=\"text-align: right;\"><em>SMEd<\/em><br \/>\n<em> Roberton Reis<\/em><\/p>\n","protected":false},"excerpt":{"rendered":"<p>No dia 16 de dezembro de 2016, na Escola Municipal para a Diversidade Cultural e Inclus\u00e3o Escola Viva, a Secretaria de Munic\u00edpio da Educa\u00e7\u00e3o de Rio Grande (SMEd) realizou o lan\u00e7amento do Livro Digital \u201cEscola ComVida: Tecendo Saberes e Pr\u00e1ticas Significativas nos Anos Finais do Ensino Fundamental\u201d.<\/p>\n","protected":false},"author":7,"featured_media":0,"comment_status":"closed","ping_status":"closed","sticky":false,"template":"","format":"standard","meta":{"footnotes":""},"categories":[1,13],"tags":[],"class_list":["post-20346","post","type-post","status-publish","format-standard","hentry","category-noticias","category-pedagogico"],"_links":{"self":[{"href":"https:\/\/www.riogrande.rs.gov.br\/smed\/index.php?rest_route=\/wp\/v2\/posts\/20346"}],"collection":[{"href":"https:\/\/www.riogrande.rs.gov.br\/smed\/index.php?rest_route=\/wp\/v2\/posts"}],"about":[{"href":"https:\/\/www.riogrande.rs.gov.br\/smed\/index.php?rest_route=\/wp\/v2\/types\/post"}],"author":[{"embeddable":true,"href":"https:\/\/www.riogrande.rs.gov.br\/smed\/index.php?rest_route=\/wp\/v2\/users\/7"}],"replies":[{"embeddable":true,"href":"https:\/\/www.riogrande.rs.gov.br\/smed\/index.php?rest_route=%2Fwp%2Fv2%2Fcomments&post=20346"}],"version-history":[{"count":1,"href":"https:\/\/www.riogrande.rs.gov.br\/smed\/index.php?rest_route=\/wp\/v2\/posts\/20346\/revisions"}],"predecessor-version":[{"id":20353,"href":"https:\/\/www.riogrande.rs.gov.br\/smed\/index.php?rest_route=\/wp\/v2\/posts\/20346\/revisions\/20353"}],"wp:attachment":[{"href":"https:\/\/www.riogrande.rs.gov.br\/smed\/index.php?rest_route=%2Fwp%2Fv2%2Fmedia&parent=20346"}],"wp:term":[{"taxonomy":"category","embeddable":true,"href":"https:\/\/www.riogrande.rs.gov.br\/smed\/index.php?rest_route=%2Fwp%2Fv2%2Fcategories&post=20346"},{"taxonomy":"post_tag","embeddable":true,"href":"https:\/\/www.riogrande.rs.gov.br\/smed\/index.php?rest_route=%2Fwp%2Fv2%2Ftags&post=20346"}],"curies":[{"name":"wp","href":"https:\/\/api.w.org\/{rel}","templated":true}]}}