{"id":20325,"date":"2016-12-14T17:03:10","date_gmt":"2016-12-14T19:03:10","guid":{"rendered":"http:\/\/www.riogrande.rs.gov.br\/smed\/?p=20325"},"modified":"2016-12-14T17:03:10","modified_gmt":"2016-12-14T19:03:10","slug":"emef-prof-a-zelly-pereira-esmeraldo-realizou-mostra-pedagogica-no-dia-09","status":"publish","type":"post","link":"https:\/\/www.riogrande.rs.gov.br\/smed\/?p=20325","title":{"rendered":"EMEF Prof.\u00aa Zelly Pereira Esmeraldo realizou \u201cMostra Pedag\u00f3gica\u201d no dia 09"},"content":{"rendered":"\n\t\t<style type=\"text\/css\">\n\t\t\t#gallery-1 {\n\t\t\t\tmargin: auto;\n\t\t\t}\n\t\t\t#gallery-1 .gallery-item {\n\t\t\t\tfloat: left;\n\t\t\t\tmargin-top: 10px;\n\t\t\t\ttext-align: center;\n\t\t\t\twidth: 33%;\n\t\t\t}\n\t\t\t#gallery-1 img {\n\t\t\t\tborder: 2px solid #cfcfcf;\n\t\t\t}\n\t\t\t#gallery-1 .gallery-caption {\n\t\t\t\tmargin-left: 0;\n\t\t\t}\n\t\t\t\/* see gallery_shortcode() in wp-includes\/media.php *\/\n\t\t<\/style>\n\t\t<div id='gallery-1' class='gallery galleryid-20325 gallery-columns-3 gallery-size-thumbnail'><dl class='gallery-item'>\n\t\t\t<dt class='gallery-icon landscape'>\n\t\t\t\t<a href='https:\/\/www.riogrande.rs.gov.br\/smed\/wp-content\/uploads\/2016\/12\/20161214-ped-mostra_pedagogica-image00.jpg' rel=\"lightbox[20325]\"><img loading=\"lazy\" decoding=\"async\" width=\"150\" height=\"150\" src=\"https:\/\/www.riogrande.rs.gov.br\/smed\/wp-content\/uploads\/2016\/12\/20161214-ped-mostra_pedagogica-image00-150x150.jpg\" class=\"attachment-thumbnail size-thumbnail\" alt=\"\" aria-describedby=\"gallery-1-20326\" \/><\/a>\n\t\t\t<\/dt>\n\t\t\t\t<dd class='wp-caption-text gallery-caption' id='gallery-1-20326'>\n\t\t\t\tCr\u00e9dito: EMEF Zelly Pereira Esmeraldo\n\t\t\t\t<\/dd><\/dl><dl class='gallery-item'>\n\t\t\t<dt class='gallery-icon landscape'>\n\t\t\t\t<a href='https:\/\/www.riogrande.rs.gov.br\/smed\/wp-content\/uploads\/2016\/12\/20161214-ped-mostra_pedagogica-image01.jpg' rel=\"lightbox[20325]\"><img loading=\"lazy\" decoding=\"async\" width=\"150\" height=\"150\" src=\"https:\/\/www.riogrande.rs.gov.br\/smed\/wp-content\/uploads\/2016\/12\/20161214-ped-mostra_pedagogica-image01-150x150.jpg\" class=\"attachment-thumbnail size-thumbnail\" alt=\"\" aria-describedby=\"gallery-1-20327\" \/><\/a>\n\t\t\t<\/dt>\n\t\t\t\t<dd class='wp-caption-text gallery-caption' id='gallery-1-20327'>\n\t\t\t\tCr\u00e9dito: EMEF Zelly Pereira Esmeraldo\n\t\t\t\t<\/dd><\/dl><dl class='gallery-item'>\n\t\t\t<dt class='gallery-icon landscape'>\n\t\t\t\t<a href='https:\/\/www.riogrande.rs.gov.br\/smed\/wp-content\/uploads\/2016\/12\/20161214-ped-mostra_pedagogica-image02.jpg' rel=\"lightbox[20325]\"><img loading=\"lazy\" decoding=\"async\" width=\"150\" height=\"150\" src=\"https:\/\/www.riogrande.rs.gov.br\/smed\/wp-content\/uploads\/2016\/12\/20161214-ped-mostra_pedagogica-image02-150x150.jpg\" class=\"attachment-thumbnail size-thumbnail\" alt=\"\" aria-describedby=\"gallery-1-20328\" \/><\/a>\n\t\t\t<\/dt>\n\t\t\t\t<dd class='wp-caption-text gallery-caption' id='gallery-1-20328'>\n\t\t\t\tCr\u00e9dito: EMEF Zelly Pereira Esmeraldo\n\t\t\t\t<\/dd><\/dl><br style=\"clear: both\" \/><dl class='gallery-item'>\n\t\t\t<dt class='gallery-icon landscape'>\n\t\t\t\t<a href='https:\/\/www.riogrande.rs.gov.br\/smed\/wp-content\/uploads\/2016\/12\/20161214-ped-mostra_pedagogica-image04.jpg' rel=\"lightbox[20325]\"><img loading=\"lazy\" decoding=\"async\" width=\"150\" height=\"150\" src=\"https:\/\/www.riogrande.rs.gov.br\/smed\/wp-content\/uploads\/2016\/12\/20161214-ped-mostra_pedagogica-image04-150x150.jpg\" class=\"attachment-thumbnail size-thumbnail\" alt=\"\" aria-describedby=\"gallery-1-20330\" \/><\/a>\n\t\t\t<\/dt>\n\t\t\t\t<dd class='wp-caption-text gallery-caption' id='gallery-1-20330'>\n\t\t\t\tCr\u00e9dito: EMEF Zelly Pereira Esmeraldo\n\t\t\t\t<\/dd><\/dl><dl class='gallery-item'>\n\t\t\t<dt class='gallery-icon landscape'>\n\t\t\t\t<a href='https:\/\/www.riogrande.rs.gov.br\/smed\/wp-content\/uploads\/2016\/12\/20161214-ped-mostra_pedagogica-image05.jpg' rel=\"lightbox[20325]\"><img loading=\"lazy\" decoding=\"async\" width=\"150\" height=\"150\" src=\"https:\/\/www.riogrande.rs.gov.br\/smed\/wp-content\/uploads\/2016\/12\/20161214-ped-mostra_pedagogica-image05-150x150.jpg\" class=\"attachment-thumbnail size-thumbnail\" alt=\"\" aria-describedby=\"gallery-1-20331\" \/><\/a>\n\t\t\t<\/dt>\n\t\t\t\t<dd class='wp-caption-text gallery-caption' id='gallery-1-20331'>\n\t\t\t\tCr\u00e9dito: EMEF Zelly Pereira Esmeraldo\n\t\t\t\t<\/dd><\/dl><dl class='gallery-item'>\n\t\t\t<dt class='gallery-icon portrait'>\n\t\t\t\t<a href='https:\/\/www.riogrande.rs.gov.br\/smed\/wp-content\/uploads\/2016\/12\/20161214-ped-mostra_pedagogica-image06.jpg' rel=\"lightbox[20325]\"><img loading=\"lazy\" decoding=\"async\" width=\"150\" height=\"150\" src=\"https:\/\/www.riogrande.rs.gov.br\/smed\/wp-content\/uploads\/2016\/12\/20161214-ped-mostra_pedagogica-image06-150x150.jpg\" class=\"attachment-thumbnail size-thumbnail\" alt=\"\" aria-describedby=\"gallery-1-20332\" \/><\/a>\n\t\t\t<\/dt>\n\t\t\t\t<dd class='wp-caption-text gallery-caption' id='gallery-1-20332'>\n\t\t\t\tCr\u00e9dito: EMEF Zelly Pereira Esmeraldo\n\t\t\t\t<\/dd><\/dl><br style=\"clear: both\" \/>\n\t\t<\/div>\n\n<p style=\"text-align: justify;\">\n<p style=\"text-align: justify;\">Na \u00faltima sexta-feira, <b>09 de dezembro<\/b>, a Escola Municipal de Ensino Fundamental Prof.\u00aa <b>Zelly Pereira Esmeraldo<\/b>, que est\u00e1 localizada no bairro Cidade de \u00c1gueda, realizou a sua \u201c<b>Mostra Pedag\u00f3gica<\/b>\u201d, que contou com a exposi\u00e7\u00e3o de trabalhos realizados durante o ano letivo e apresenta\u00e7\u00f5es art\u00edsticas.<\/p>\n<p style=\"text-align: right;\"><em>SMEd<\/em><br \/>\n<em> Roberton Reis<\/em><br \/>\n<em> Com informa\u00e7\u00f5es da EMEF Prof.\u00aa Zelly Pereira Esmeraldo<\/em><\/p>\n","protected":false},"excerpt":{"rendered":"<p>Na \u00faltima sexta-feira, 09 de dezembro, a Escola Municipal de Ensino Fundamental Prof.\u00aa Zelly Pereira Esmeraldo, que est\u00e1 localizada no bairro Cidade de \u00c1gueda, realizou a sua \u201cMostra Pedag\u00f3gica\u201d, que contou com a exposi\u00e7\u00e3o de trabalhos realizados durante o ano letivo e apresenta\u00e7\u00f5es art\u00edsticas. SMEd Roberton Reis Com informa\u00e7\u00f5es da EMEF Prof.\u00aa Zelly Pereira Esmeraldo<\/p>\n","protected":false},"author":7,"featured_media":0,"comment_status":"closed","ping_status":"closed","sticky":false,"template":"","format":"standard","meta":{"footnotes":""},"categories":[1,13],"tags":[],"class_list":["post-20325","post","type-post","status-publish","format-standard","hentry","category-noticias","category-pedagogico"],"_links":{"self":[{"href":"https:\/\/www.riogrande.rs.gov.br\/smed\/index.php?rest_route=\/wp\/v2\/posts\/20325"}],"collection":[{"href":"https:\/\/www.riogrande.rs.gov.br\/smed\/index.php?rest_route=\/wp\/v2\/posts"}],"about":[{"href":"https:\/\/www.riogrande.rs.gov.br\/smed\/index.php?rest_route=\/wp\/v2\/types\/post"}],"author":[{"embeddable":true,"href":"https:\/\/www.riogrande.rs.gov.br\/smed\/index.php?rest_route=\/wp\/v2\/users\/7"}],"replies":[{"embeddable":true,"href":"https:\/\/www.riogrande.rs.gov.br\/smed\/index.php?rest_route=%2Fwp%2Fv2%2Fcomments&post=20325"}],"version-history":[{"count":1,"href":"https:\/\/www.riogrande.rs.gov.br\/smed\/index.php?rest_route=\/wp\/v2\/posts\/20325\/revisions"}],"predecessor-version":[{"id":20333,"href":"https:\/\/www.riogrande.rs.gov.br\/smed\/index.php?rest_route=\/wp\/v2\/posts\/20325\/revisions\/20333"}],"wp:attachment":[{"href":"https:\/\/www.riogrande.rs.gov.br\/smed\/index.php?rest_route=%2Fwp%2Fv2%2Fmedia&parent=20325"}],"wp:term":[{"taxonomy":"category","embeddable":true,"href":"https:\/\/www.riogrande.rs.gov.br\/smed\/index.php?rest_route=%2Fwp%2Fv2%2Fcategories&post=20325"},{"taxonomy":"post_tag","embeddable":true,"href":"https:\/\/www.riogrande.rs.gov.br\/smed\/index.php?rest_route=%2Fwp%2Fv2%2Ftags&post=20325"}],"curies":[{"name":"wp","href":"https:\/\/api.w.org\/{rel}","templated":true}]}}