{"id":20300,"date":"2016-12-13T16:37:23","date_gmt":"2016-12-13T18:37:23","guid":{"rendered":"http:\/\/www.riogrande.rs.gov.br\/smed\/?p=20300"},"modified":"2016-12-13T16:37:23","modified_gmt":"2016-12-13T18:37:23","slug":"exposicao-lar-doce-mar-esta-aberta-a-visitacao-ate-quinta-feira-15-na-sala-multiuso-da-prefeitura","status":"publish","type":"post","link":"https:\/\/www.riogrande.rs.gov.br\/smed\/?p=20300","title":{"rendered":"EXPOSI\u00c7\u00c3O LAR DOCE MAR EST\u00c1 ABERTA \u00c0 VISITA\u00c7\u00c3O AT\u00c9 QUINTA-FEIRA (15) NA SALA MULTIUSO DA PREFEITURA"},"content":{"rendered":"<div id=\"attachment_20301\" style=\"width: 495px\" class=\"wp-caption aligncenter\"><a href=\"http:\/\/www.riogrande.rs.gov.br\/smed\/wp-content\/uploads\/2016\/12\/20161213-pmrg1.jpg\" rel=\"lightbox[20300]\"><img loading=\"lazy\" decoding=\"async\" aria-describedby=\"caption-attachment-20301\" class=\"size-medium wp-image-20301\" src=\"http:\/\/www.riogrande.rs.gov.br\/smed\/wp-content\/uploads\/2016\/12\/20161213-pmrg1-485x267.jpg\" alt=\"\" width=\"485\" height=\"267\" srcset=\"https:\/\/www.riogrande.rs.gov.br\/smed\/wp-content\/uploads\/2016\/12\/20161213-pmrg1-485x267.jpg 485w, https:\/\/www.riogrande.rs.gov.br\/smed\/wp-content\/uploads\/2016\/12\/20161213-pmrg1-375x207.jpg 375w, https:\/\/www.riogrande.rs.gov.br\/smed\/wp-content\/uploads\/2016\/12\/20161213-pmrg1.jpg 700w\" sizes=\"(max-width: 485px) 100vw, 485px\" \/><\/a><p id=\"caption-attachment-20301\" class=\"wp-caption-text\">Cr\u00e9dito: Nicole Collares<\/p><\/div>\n<p>Fonte: <a href=\"http:\/\/www.riogrande.rs.gov.br\/pagina\/index.php\/noticias\/detalhes+136a506,,exposicao-lar-doce-mar-esta-aberta-a-visitacao-ate-quinta-feira-15-na-sala-multiuso-da-prefeitura.html#.WFA_NrOQm-t\" target=\"_blank\"><strong>www.riogrande.rs.gov.br<\/strong><\/a><\/p>\n<p class=\"sizeable\" style=\"text-align: justify;\">Com organiza\u00e7\u00e3o da Escola de Educa\u00e7\u00e3o Especial Maria Lucia Luzzardi, a exposi\u00e7\u00e3o \u201cLar Doce Mar\u201d, uma homenagem ao artista Leonardo Bulc\u00e3o est\u00e1 aberta a visita\u00e7\u00e3o at\u00e9 quinta-feira (15), na Sala Multiuso, localizada na Prefeitura Municipal.<\/p>\n<p class=\"sizeable\" style=\"text-align: justify;\"><!--more--><\/p>\n<p class=\"sizeable\" style=\"text-align: justify;\">\n<p class=\"sizeable\" style=\"text-align: justify;\">Expostas desde o dia 5 de dezembro, as obras realizadas pelos alunos da Escola Maria Lucia Luzzardi durante uma oficina executada na escola, podem ser visitadas das 9h \u00e0s 15h.<\/p>\n<p class=\"sizeable\" style=\"text-align: right;\"><em>Assessoria de Comunica\u00e7\u00e3o\/PMRG<\/em><\/p>\n","protected":false},"excerpt":{"rendered":"<p>Fonte: www.riogrande.rs.gov.br Com organiza\u00e7\u00e3o da Escola de Educa\u00e7\u00e3o Especial Maria Lucia Luzzardi, a exposi\u00e7\u00e3o \u201cLar Doce Mar\u201d, uma homenagem ao artista Leonardo Bulc\u00e3o est\u00e1 aberta a visita\u00e7\u00e3o at\u00e9 quinta-feira (15), na Sala Multiuso, localizada na Prefeitura Municipal.<\/p>\n","protected":false},"author":7,"featured_media":0,"comment_status":"closed","ping_status":"closed","sticky":false,"template":"","format":"standard","meta":{"footnotes":""},"categories":[1],"tags":[],"class_list":["post-20300","post","type-post","status-publish","format-standard","hentry","category-noticias"],"_links":{"self":[{"href":"https:\/\/www.riogrande.rs.gov.br\/smed\/index.php?rest_route=\/wp\/v2\/posts\/20300"}],"collection":[{"href":"https:\/\/www.riogrande.rs.gov.br\/smed\/index.php?rest_route=\/wp\/v2\/posts"}],"about":[{"href":"https:\/\/www.riogrande.rs.gov.br\/smed\/index.php?rest_route=\/wp\/v2\/types\/post"}],"author":[{"embeddable":true,"href":"https:\/\/www.riogrande.rs.gov.br\/smed\/index.php?rest_route=\/wp\/v2\/users\/7"}],"replies":[{"embeddable":true,"href":"https:\/\/www.riogrande.rs.gov.br\/smed\/index.php?rest_route=%2Fwp%2Fv2%2Fcomments&post=20300"}],"version-history":[{"count":1,"href":"https:\/\/www.riogrande.rs.gov.br\/smed\/index.php?rest_route=\/wp\/v2\/posts\/20300\/revisions"}],"predecessor-version":[{"id":20302,"href":"https:\/\/www.riogrande.rs.gov.br\/smed\/index.php?rest_route=\/wp\/v2\/posts\/20300\/revisions\/20302"}],"wp:attachment":[{"href":"https:\/\/www.riogrande.rs.gov.br\/smed\/index.php?rest_route=%2Fwp%2Fv2%2Fmedia&parent=20300"}],"wp:term":[{"taxonomy":"category","embeddable":true,"href":"https:\/\/www.riogrande.rs.gov.br\/smed\/index.php?rest_route=%2Fwp%2Fv2%2Fcategories&post=20300"},{"taxonomy":"post_tag","embeddable":true,"href":"https:\/\/www.riogrande.rs.gov.br\/smed\/index.php?rest_route=%2Fwp%2Fv2%2Ftags&post=20300"}],"curies":[{"name":"wp","href":"https:\/\/api.w.org\/{rel}","templated":true}]}}