{"id":20185,"date":"2016-12-08T15:25:19","date_gmt":"2016-12-08T17:25:19","guid":{"rendered":"http:\/\/www.riogrande.rs.gov.br\/smed\/?p=20185"},"modified":"2016-12-08T15:26:01","modified_gmt":"2016-12-08T17:26:01","slug":"belas-artes-lanca-nesta-quinta-o-projeto-santo-de-casa","status":"publish","type":"post","link":"https:\/\/www.riogrande.rs.gov.br\/smed\/?p=20185","title":{"rendered":"BELAS ARTES LAN\u00c7A NESTA QUINTA O PROJETO &#8216;SANTO DE CASA&#8217;"},"content":{"rendered":"<div id=\"attachment_20186\" style=\"width: 329px\" class=\"wp-caption aligncenter\"><a href=\"http:\/\/www.riogrande.rs.gov.br\/smed\/wp-content\/uploads\/2016\/12\/20161208-jornalagora1.jpg\" rel=\"lightbox[20185]\"><img loading=\"lazy\" decoding=\"async\" aria-describedby=\"caption-attachment-20186\" class=\"size-full wp-image-20186\" src=\"http:\/\/www.riogrande.rs.gov.br\/smed\/wp-content\/uploads\/2016\/12\/20161208-jornalagora1.jpg\" alt=\"\" width=\"319\" height=\"480\" srcset=\"https:\/\/www.riogrande.rs.gov.br\/smed\/wp-content\/uploads\/2016\/12\/20161208-jornalagora1.jpg 319w, https:\/\/www.riogrande.rs.gov.br\/smed\/wp-content\/uploads\/2016\/12\/20161208-jornalagora1-138x207.jpg 138w\" sizes=\"(max-width: 319px) 100vw, 319px\" \/><\/a><p id=\"caption-attachment-20186\" class=\"wp-caption-text\">Bailarina e professora de dan\u00e7a rio-grandina, Elaine Nunes, \u00e9 homenageada &#8211; in memoriam &#8211; pela escola em 2017<\/p><\/div>\n<p>Fonte: <a href=\"http:\/\/jornalagora.com.br\/site\/content\/noticias\/detalhe.php?e=3&amp;n=91801\" target=\"_blank\"><strong>www.jornalagora.com.br<\/strong><\/a><\/p>\n<h2 style=\"text-align: justify;\">Iniciativa visa PRESERVAR A MEM\u00d3RIA de artistas locais que, sem o devido reconhecimento, levaram, atrav\u00e9s da arte, o nome do munic\u00edpio para todo o Pa\u00eds<\/h2>\n<p style=\"text-align: justify;\">Na noite desta quinta (8), na Escola de Belas Artes Heitor de Lemos, lan\u00e7a a edi\u00e7\u00e3o 2017 do projeto &#8216;Santo de Casa&#8217;, juntamente com a audi\u00e7\u00e3o musical de final de ano da Escola. O projeto, que nasceu de uma parceria entre empresas de Rio Grande, tem o objetivo de preservar a mem\u00f3ria dos artistas rio-grandinos que levaram, atrav\u00e9s de sua arte, o nome do munic\u00edpio para todo o Pa\u00eds e, muitas vezes, n\u00e3o tiveram sua hist\u00f3ria conhecida e preservada em sua terra natal.<\/p>\n<p style=\"text-align: justify;\"><!--more--><\/p>\n<p style=\"text-align: justify;\">Ao final de cada ano, \u00e9 escolhido um artista rio-grandino para ter sua obra e vida retratada em uma exposi\u00e7\u00e3o itinerante que, no ano seguinte, percorre as escolas da cidade. Atrav\u00e9s da exposi\u00e7\u00e3o e de material de apoio para professores trabalharem em sala de aula, os alunos entram em contato com a vida e obra deste artista.<\/p>\n<p style=\"text-align: justify;\"><strong>A ESCOLHA<\/strong><\/p>\n<p style=\"text-align: justify;\">Para o ano de 2017, a artista escolhida foi Elaine Nunes, bailarina e professora de dan\u00e7a rio-grandina, pioneira da dan\u00e7a no Munic\u00edpio. Ela foi criadora da Escola de Bailados, que atuou em Rio Grande nas d\u00e9cadas de 40 e 50. Assim, hoje, \u00e0s 20h, acontece o lan\u00e7amento oficial do projeto com vernissage da exposi\u00e7\u00e3o sobre a vida e obra de Elaine Nunes. As empresas parceiras do projeto s\u00e3o a Escola de Belas Artes Heitor de Lemos, \u00d3tica Estima, Cia. Do P\u00e3o, Jane Borghetti Arquitetura, Focus Impress\u00e3o e Jornal <strong>AGORA<\/strong>.<\/p>\n<p>&nbsp;<\/p>\n","protected":false},"excerpt":{"rendered":"<p>Fonte: www.jornalagora.com.br Iniciativa visa PRESERVAR A MEM\u00d3RIA de artistas locais que, sem o devido reconhecimento, levaram, atrav\u00e9s da arte, o nome do munic\u00edpio para todo o Pa\u00eds Na noite desta quinta (8), na Escola de Belas Artes Heitor de Lemos, lan\u00e7a a edi\u00e7\u00e3o 2017 do projeto &#8216;Santo de Casa&#8217;, juntamente com a audi\u00e7\u00e3o musical de [&hellip;]<\/p>\n","protected":false},"author":7,"featured_media":0,"comment_status":"closed","ping_status":"closed","sticky":false,"template":"","format":"standard","meta":{"footnotes":""},"categories":[1],"tags":[],"class_list":["post-20185","post","type-post","status-publish","format-standard","hentry","category-noticias"],"_links":{"self":[{"href":"https:\/\/www.riogrande.rs.gov.br\/smed\/index.php?rest_route=\/wp\/v2\/posts\/20185"}],"collection":[{"href":"https:\/\/www.riogrande.rs.gov.br\/smed\/index.php?rest_route=\/wp\/v2\/posts"}],"about":[{"href":"https:\/\/www.riogrande.rs.gov.br\/smed\/index.php?rest_route=\/wp\/v2\/types\/post"}],"author":[{"embeddable":true,"href":"https:\/\/www.riogrande.rs.gov.br\/smed\/index.php?rest_route=\/wp\/v2\/users\/7"}],"replies":[{"embeddable":true,"href":"https:\/\/www.riogrande.rs.gov.br\/smed\/index.php?rest_route=%2Fwp%2Fv2%2Fcomments&post=20185"}],"version-history":[{"count":2,"href":"https:\/\/www.riogrande.rs.gov.br\/smed\/index.php?rest_route=\/wp\/v2\/posts\/20185\/revisions"}],"predecessor-version":[{"id":20188,"href":"https:\/\/www.riogrande.rs.gov.br\/smed\/index.php?rest_route=\/wp\/v2\/posts\/20185\/revisions\/20188"}],"wp:attachment":[{"href":"https:\/\/www.riogrande.rs.gov.br\/smed\/index.php?rest_route=%2Fwp%2Fv2%2Fmedia&parent=20185"}],"wp:term":[{"taxonomy":"category","embeddable":true,"href":"https:\/\/www.riogrande.rs.gov.br\/smed\/index.php?rest_route=%2Fwp%2Fv2%2Fcategories&post=20185"},{"taxonomy":"post_tag","embeddable":true,"href":"https:\/\/www.riogrande.rs.gov.br\/smed\/index.php?rest_route=%2Fwp%2Fv2%2Ftags&post=20185"}],"curies":[{"name":"wp","href":"https:\/\/api.w.org\/{rel}","templated":true}]}}