{"id":20180,"date":"2016-12-07T16:54:07","date_gmt":"2016-12-07T18:54:07","guid":{"rendered":"http:\/\/www.riogrande.rs.gov.br\/smed\/?p=20180"},"modified":"2016-12-07T16:54:07","modified_gmt":"2016-12-07T18:54:07","slug":"emocao-alegria-e-encantamento-marcaram-a-7a-mostra-artistica-e-cultural-da-emef-cidade-do-rio-grandecaic","status":"publish","type":"post","link":"https:\/\/www.riogrande.rs.gov.br\/smed\/?p=20180","title":{"rendered":"Emo\u00e7\u00e3o, alegria e encantamento marcaram a &#8220;7\u00aa Mostra Art\u00edstica e Cultural da EMEF Cidade do Rio Grande\/CAIC&#8221;"},"content":{"rendered":"<div id=\"attachment_20181\" style=\"width: 495px\" class=\"wp-caption aligncenter\"><a href=\"http:\/\/www.riogrande.rs.gov.br\/smed\/wp-content\/uploads\/2016\/12\/20161207-caic.jpg\" rel=\"lightbox[20180]\"><img loading=\"lazy\" decoding=\"async\" aria-describedby=\"caption-attachment-20181\" class=\"size-medium wp-image-20181\" src=\"http:\/\/www.riogrande.rs.gov.br\/smed\/wp-content\/uploads\/2016\/12\/20161207-caic-485x364.jpg\" alt=\"\" width=\"485\" height=\"364\" srcset=\"https:\/\/www.riogrande.rs.gov.br\/smed\/wp-content\/uploads\/2016\/12\/20161207-caic-485x364.jpg 485w, https:\/\/www.riogrande.rs.gov.br\/smed\/wp-content\/uploads\/2016\/12\/20161207-caic-276x207.jpg 276w, https:\/\/www.riogrande.rs.gov.br\/smed\/wp-content\/uploads\/2016\/12\/20161207-caic.jpg 640w\" sizes=\"(max-width: 485px) 100vw, 485px\" \/><\/a><p id=\"caption-attachment-20181\" class=\"wp-caption-text\">Divulga\u00e7\u00e3o<\/p><\/div>\n<p>Fonte: <a href=\"http:\/\/caic.furg.br\/index.php\/pt\/210-emocao-alegria-e-encantamento-marcaram-a-7-mostra-artistica-e-cultural\" target=\"_blank\"><strong>caic.furg.br<\/strong><\/a><\/p>\n<p style=\"text-align: justify;\">Na noite do dia 02 de dezembro de 2016 aconteceu a s\u00e9tima edi\u00e7\u00e3o da Mostra Art\u00edstica e Cultural do CAIC, tendo como tema a frase escrita por Paulo Freire \u201cporque ensinar n\u00e3o pode dar-se fora da procura, fora da boniteza e da alegria\u201d.<\/p>\n<p style=\"text-align: justify;\"><!--more--><\/p>\n<p style=\"text-align: justify;\">\n<p style=\"text-align: justify;\">Sem d\u00favida, foi uma noite de muito encanto e beleza. As apresenta\u00e7\u00f5es de nossas crian\u00e7as e adolescentes emocionaram professores e fam\u00edlias e mostraram a potencialidade das constru\u00e7\u00f5es coletivas, da est\u00e9tica da alegria e das aprendizagens significativas, as quais se transformaram, no MAC, em m\u00fasica, dan\u00e7a, encena\u00e7\u00e3o e muito mais.<\/p>\n<p style=\"text-align: justify;\">Estiveram no Palco do CIDEC- SUL da FURG,lobos, chapeuzinhos vermelhos, Lunas, morcegos, dan\u00e7arinos, atores, representantes de diversas profiss\u00f5es \u2013 de bombeiros a modelos, joaninhas, d\u00e1lmatas, enfim, crian\u00e7as e adolescentes com toda sua inteireza e alegria.<\/p>\n<p style=\"text-align: justify;\">Segundo a diretora do Centro de Aten\u00e7\u00e3o Integral \u00e0 Crian\u00e7a e ao Adolescente (CAIC) e da Escola Municipal Cidade do Rio Grande, o MAC foi \u201cum momento de muita emo\u00e7\u00e3o, de celebra\u00e7\u00e3o de uma escola que \u00e9 movimento, foi um espa\u00e7o importante para mostrarmos aquilo que ensinamos e aprendemos, uma grande festa, em que toda comunidade pode ver a boniteza da vida e da escola. O MAC mostrou os muitos saberes que s\u00e3o constru\u00eddos nesse espa\u00e7o sociocultural e educativo, que \u00e9 o CAIC\u201d.<br \/>\nA vice-diretora da Escola Municipal Cidade do Rio Grande, Carla Tavares, que apresentou o MAC pela s\u00e9tima vez, relatou que esse ano a emo\u00e7\u00e3o foi diferente, afinal \u201c foi uma experi\u00eancia muito rica dividir o palco com estudantes de nossa escola, afinal se trata do empoderamento deles\u201d. Al\u00e9m disso, Carla disse que \u201capresentar o MAC \u00e9 sempre muito rico e emocionante, sentimos a presen\u00e7a e vibra\u00e7\u00e3o do publico, a vontade de estarem ali e a alegria por verem seus filhos subindo no palco, muitos pela primeira vez\u201d.<\/p>\n<p style=\"text-align: justify;\">As semanas que antecederam o MAC foram de muito trabalho para todos. Sobre isso, o bolsista da Coordena\u00e7\u00e3o de Comunica\u00e7\u00e3o e Cultura Jhonatan Neves contou que \u201cfoi muito bom ver o resultado de um trabalho que passa por n\u00f3s, trazendo tanta alegria para as professoras e as crian\u00e7as\u201d.<\/p>\n<p style=\"text-align: justify;\">O estudante da Educa\u00e7\u00e3o de Jovens e Adultos e bolsista do Projeto Acreditar \u00e9 Investir, Thomaz Lamas, que se apresentou com os colegas, disse que foi uma emo\u00e7\u00e3o muito grande \u201cum nervosismo que a muito tempo n\u00e3o sentia\u201d. J\u00e1 Andr\u00e9s Santos, que integra o mesmo projeto, afirmou que \u201ceu j\u00e1 fui pequeno como aquelas crian\u00e7as e foi muito bom ver elas se apresentando e mostrando que o CAIC \u00e9 um espa\u00e7o que contribui para construir um futuro melhor\u201d.<\/p>\n<p style=\"text-align: justify;\">O cuidado com figurinos, cen\u00e1rios e organiza\u00e7\u00e3o das crian\u00e7as e adolescentes garantiram um lindo espet\u00e1culo, o qual foi prestigiado e aplaudido por todos presentes.<br \/>\nA professora Manoela Mandagar\u00e1, que \u00e9 m\u00e3e de uma das crian\u00e7as do ber\u00e7\u00e1rio, professora da Educa\u00e7\u00e3o Infantil e da Sala de Recursos Multifuncionais participou do 7\u00b0 MAC e relatou que foi uma experi\u00eancia emocionante, al\u00e9m de assistir sua filha, enquanto professora atuou na \u201corganiza\u00e7\u00e3o das fantasias e planejamento dos ensaios que foram muitos descontra\u00eddos com nossas crian\u00e7as. Ao longo do segundo semestre desenvolvemos um projeto que deu origem a nossa coreografia com lobos e chapeuzinhos vermelhos\u201d<\/p>\n<p style=\"text-align: justify;\">Um outro aspecto que a professora destacou foi que como psicopedagoga, foi uma emo\u00e7\u00e3o muito grande \u201cpresenciar o processo de inclus\u00e3o, que \u00e9 uma busca constante como profissional da sala de recursos. Todos os envolvidos est\u00e3o de parab\u00e9ns\u201d, completou Manoela.<br \/>\nN\u00f3s, da Coordena\u00e7\u00e3o de Comunica\u00e7\u00e3o e Cultura, fazemos nossas as palavras da professora e agradecemos a oportunidade de fazer parte de uma Mostra t\u00e3o linda e encantadora.<\/p>\n<p style=\"text-align: justify;\">Que venha 2017 e a oitava edi\u00e7\u00e3o do MAC, afinal, ensinar e aprender s\u00f3 \u00e9 poss\u00edvel com alegria, procura e muito compromisso dos nossos profissionais! Parab\u00e9ns e obrigada por nos fazer seguir acreditando que um outro mundo \u00e9 poss\u00edvel.<\/p>\n","protected":false},"excerpt":{"rendered":"<p>Fonte: caic.furg.br Na noite do dia 02 de dezembro de 2016 aconteceu a s\u00e9tima edi\u00e7\u00e3o da Mostra Art\u00edstica e Cultural do CAIC, tendo como tema a frase escrita por Paulo Freire \u201cporque ensinar n\u00e3o pode dar-se fora da procura, fora da boniteza e da alegria\u201d.<\/p>\n","protected":false},"author":7,"featured_media":0,"comment_status":"closed","ping_status":"closed","sticky":false,"template":"","format":"standard","meta":{"footnotes":""},"categories":[1],"tags":[],"class_list":["post-20180","post","type-post","status-publish","format-standard","hentry","category-noticias"],"_links":{"self":[{"href":"https:\/\/www.riogrande.rs.gov.br\/smed\/index.php?rest_route=\/wp\/v2\/posts\/20180"}],"collection":[{"href":"https:\/\/www.riogrande.rs.gov.br\/smed\/index.php?rest_route=\/wp\/v2\/posts"}],"about":[{"href":"https:\/\/www.riogrande.rs.gov.br\/smed\/index.php?rest_route=\/wp\/v2\/types\/post"}],"author":[{"embeddable":true,"href":"https:\/\/www.riogrande.rs.gov.br\/smed\/index.php?rest_route=\/wp\/v2\/users\/7"}],"replies":[{"embeddable":true,"href":"https:\/\/www.riogrande.rs.gov.br\/smed\/index.php?rest_route=%2Fwp%2Fv2%2Fcomments&post=20180"}],"version-history":[{"count":1,"href":"https:\/\/www.riogrande.rs.gov.br\/smed\/index.php?rest_route=\/wp\/v2\/posts\/20180\/revisions"}],"predecessor-version":[{"id":20182,"href":"https:\/\/www.riogrande.rs.gov.br\/smed\/index.php?rest_route=\/wp\/v2\/posts\/20180\/revisions\/20182"}],"wp:attachment":[{"href":"https:\/\/www.riogrande.rs.gov.br\/smed\/index.php?rest_route=%2Fwp%2Fv2%2Fmedia&parent=20180"}],"wp:term":[{"taxonomy":"category","embeddable":true,"href":"https:\/\/www.riogrande.rs.gov.br\/smed\/index.php?rest_route=%2Fwp%2Fv2%2Fcategories&post=20180"},{"taxonomy":"post_tag","embeddable":true,"href":"https:\/\/www.riogrande.rs.gov.br\/smed\/index.php?rest_route=%2Fwp%2Fv2%2Ftags&post=20180"}],"curies":[{"name":"wp","href":"https:\/\/api.w.org\/{rel}","templated":true}]}}