{"id":20175,"date":"2016-12-07T15:45:39","date_gmt":"2016-12-07T17:45:39","guid":{"rendered":"http:\/\/www.riogrande.rs.gov.br\/smed\/?p=20175"},"modified":"2016-12-07T19:54:30","modified_gmt":"2016-12-07T21:54:30","slug":"alunos-da-emef-wanda-rocha-criam-folder-sobre-cuidados-com-a-pele-negra","status":"publish","type":"post","link":"https:\/\/www.riogrande.rs.gov.br\/smed\/?p=20175","title":{"rendered":"Alunos da EMEF Wanda Rocha criam folder sobre cuidados com a pele negra"},"content":{"rendered":"<div id=\"attachment_20176\" style=\"width: 495px\" class=\"wp-caption aligncenter\"><a href=\"http:\/\/www.riogrande.rs.gov.br\/smed\/wp-content\/uploads\/2016\/12\/20161207-ped-wandatrabalho-image00.jpg\" rel=\"lightbox[20175]\"><img loading=\"lazy\" decoding=\"async\" aria-describedby=\"caption-attachment-20176\" class=\"size-medium wp-image-20176\" src=\"http:\/\/www.riogrande.rs.gov.br\/smed\/wp-content\/uploads\/2016\/12\/20161207-ped-wandatrabalho-image00-485x647.jpg\" alt=\"\" width=\"485\" height=\"647\" srcset=\"https:\/\/www.riogrande.rs.gov.br\/smed\/wp-content\/uploads\/2016\/12\/20161207-ped-wandatrabalho-image00-485x647.jpg 485w, https:\/\/www.riogrande.rs.gov.br\/smed\/wp-content\/uploads\/2016\/12\/20161207-ped-wandatrabalho-image00-768x1024.jpg 768w, https:\/\/www.riogrande.rs.gov.br\/smed\/wp-content\/uploads\/2016\/12\/20161207-ped-wandatrabalho-image00-155x207.jpg 155w, https:\/\/www.riogrande.rs.gov.br\/smed\/wp-content\/uploads\/2016\/12\/20161207-ped-wandatrabalho-image00.jpg 800w\" sizes=\"(max-width: 485px) 100vw, 485px\" \/><\/a><p id=\"caption-attachment-20176\" class=\"wp-caption-text\">Divulga\u00e7\u00e3o<\/p><\/div>\n<p style=\"text-align: justify;\">Na Escola Municipal de Ensino Fundamental <b>Wanda Rocha Martins<\/b>, que est\u00e1 localizada no bairro Cassino, a professora de Ci\u00eancias dos 5\u00ba Anos A e B, Branca Esler, por ocasi\u00e3o da realiza\u00e7\u00e3o do \u201c<b>II Wandafro<\/b>\u201d, que aconteceu no dia 18 de novembro, dentro das atividades do \u201c<b>Novembro Negro<\/b>\u201d, realizou com seus alunos um trabalho sobre os cuidados necess\u00e1rios com a pele negra e a exposi\u00e7\u00e3o ao sol. O trabalho resultou na confec\u00e7\u00e3o de um <em>folder<\/em> com importantes informa\u00e7\u00f5es e dicas de cuidados com a pele negra.<\/p>\n<p style=\"text-align: justify;\">Clique <a href=\"http:\/\/www.riogrande.rs.gov.br\/smed\/wp-content\/uploads\/2016\/12\/20161207-folder_cuidados_pele_negra.pdf\" target=\"_blank\"><strong>AQUI<\/strong><\/a> para ver o <em>folder<\/em>.<\/p>\n<p style=\"text-align: right;\"><em>SMEd<\/em><br \/>\n<em> Roberton Reis<\/em><br \/>\n<em> Com informa\u00e7\u00f5es da Professora Branca Esler<\/em><\/p>\n","protected":false},"excerpt":{"rendered":"<p>Na Escola Municipal de Ensino Fundamental Wanda Rocha Martins, que est\u00e1 localizada no bairro Cassino, a professora de Ci\u00eancias dos 5\u00ba Anos A e B, Branca Esler, por ocasi\u00e3o da realiza\u00e7\u00e3o do \u201cII Wandafro\u201d, que aconteceu no dia 18 de novembro, dentro das atividades do \u201cNovembro Negro\u201d, realizou com seus alunos um trabalho sobre os [&hellip;]<\/p>\n","protected":false},"author":7,"featured_media":0,"comment_status":"closed","ping_status":"closed","sticky":false,"template":"","format":"standard","meta":{"footnotes":""},"categories":[1,13],"tags":[],"class_list":["post-20175","post","type-post","status-publish","format-standard","hentry","category-noticias","category-pedagogico"],"_links":{"self":[{"href":"https:\/\/www.riogrande.rs.gov.br\/smed\/index.php?rest_route=\/wp\/v2\/posts\/20175"}],"collection":[{"href":"https:\/\/www.riogrande.rs.gov.br\/smed\/index.php?rest_route=\/wp\/v2\/posts"}],"about":[{"href":"https:\/\/www.riogrande.rs.gov.br\/smed\/index.php?rest_route=\/wp\/v2\/types\/post"}],"author":[{"embeddable":true,"href":"https:\/\/www.riogrande.rs.gov.br\/smed\/index.php?rest_route=\/wp\/v2\/users\/7"}],"replies":[{"embeddable":true,"href":"https:\/\/www.riogrande.rs.gov.br\/smed\/index.php?rest_route=%2Fwp%2Fv2%2Fcomments&post=20175"}],"version-history":[{"count":2,"href":"https:\/\/www.riogrande.rs.gov.br\/smed\/index.php?rest_route=\/wp\/v2\/posts\/20175\/revisions"}],"predecessor-version":[{"id":20184,"href":"https:\/\/www.riogrande.rs.gov.br\/smed\/index.php?rest_route=\/wp\/v2\/posts\/20175\/revisions\/20184"}],"wp:attachment":[{"href":"https:\/\/www.riogrande.rs.gov.br\/smed\/index.php?rest_route=%2Fwp%2Fv2%2Fmedia&parent=20175"}],"wp:term":[{"taxonomy":"category","embeddable":true,"href":"https:\/\/www.riogrande.rs.gov.br\/smed\/index.php?rest_route=%2Fwp%2Fv2%2Fcategories&post=20175"},{"taxonomy":"post_tag","embeddable":true,"href":"https:\/\/www.riogrande.rs.gov.br\/smed\/index.php?rest_route=%2Fwp%2Fv2%2Ftags&post=20175"}],"curies":[{"name":"wp","href":"https:\/\/api.w.org\/{rel}","templated":true}]}}