{"id":20170,"date":"2016-12-07T15:30:08","date_gmt":"2016-12-07T17:30:08","guid":{"rendered":"http:\/\/www.riogrande.rs.gov.br\/smed\/?p=20170"},"modified":"2016-12-07T15:30:08","modified_gmt":"2016-12-07T17:30:08","slug":"smed-realizara-reuniao-com-monitores-da-educacao-inclusiva-no-dia-09","status":"publish","type":"post","link":"https:\/\/www.riogrande.rs.gov.br\/smed\/?p=20170","title":{"rendered":"SMEd realizar\u00e1 reuni\u00e3o com Monitores da Educa\u00e7\u00e3o Inclusiva no dia 09"},"content":{"rendered":"<p style=\"text-align: justify;\">A Secretaria de Munic\u00edpio da Educa\u00e7\u00e3o de Rio Grande (SMEd), atrav\u00e9s do <b>N\u00facleo de Diversidade e Inclus\u00e3o<\/b>, realizar\u00e1 na pr\u00f3xima sexta-feira, <b>09 de dezembro<\/b>, reuni\u00e3o com os <b>Monitores da Educa\u00e7\u00e3o Inclusiva <\/b>que atuam nas escolas da rede p\u00fablica municipal de ensino.<\/p>\n<p style=\"text-align: justify;\"><!--more--><\/p>\n<p style=\"text-align: justify;\">\n<p style=\"text-align: justify;\">De acordo com o N\u00facleo de Diversidade e Inclus\u00e3o, esta reuni\u00e3o, que acontecer\u00e1 na <b>Escola Municipal para a Diversidade Cultural e Inclus\u00e3o Escola Viva<\/b>, \u00e0s <b>8h30min<\/b> para os monitores do turno da manh\u00e3 e \u00e0s <b>14h<\/b> para os do turno da tarde, ser\u00e1 a atividade de encerramento do ano letivo de 2016 e, por isso, a presen\u00e7a de todos \u00e9 indispens\u00e1vel. Os monitores que atuam no vespertino\/noite poder\u00e3o escolher o melhor hor\u00e1rio para participar da reuni\u00e3o.<\/p>\n<p style=\"text-align: right;\"><em>SMEd<\/em><br \/>\n<em> Roberton Reis<\/em><br \/>\n<em> Com informa\u00e7\u00f5es do N\u00facleo de Diversidade e Inclus\u00e3o<\/em><\/p>\n","protected":false},"excerpt":{"rendered":"<p>A Secretaria de Munic\u00edpio da Educa\u00e7\u00e3o de Rio Grande (SMEd), atrav\u00e9s do N\u00facleo de Diversidade e Inclus\u00e3o, realizar\u00e1 na pr\u00f3xima sexta-feira, 09 de dezembro, reuni\u00e3o com os Monitores da Educa\u00e7\u00e3o Inclusiva que atuam nas escolas da rede p\u00fablica municipal de ensino.<\/p>\n","protected":false},"author":7,"featured_media":0,"comment_status":"closed","ping_status":"closed","sticky":false,"template":"","format":"standard","meta":{"footnotes":""},"categories":[1,13],"tags":[],"class_list":["post-20170","post","type-post","status-publish","format-standard","hentry","category-noticias","category-pedagogico"],"_links":{"self":[{"href":"https:\/\/www.riogrande.rs.gov.br\/smed\/index.php?rest_route=\/wp\/v2\/posts\/20170"}],"collection":[{"href":"https:\/\/www.riogrande.rs.gov.br\/smed\/index.php?rest_route=\/wp\/v2\/posts"}],"about":[{"href":"https:\/\/www.riogrande.rs.gov.br\/smed\/index.php?rest_route=\/wp\/v2\/types\/post"}],"author":[{"embeddable":true,"href":"https:\/\/www.riogrande.rs.gov.br\/smed\/index.php?rest_route=\/wp\/v2\/users\/7"}],"replies":[{"embeddable":true,"href":"https:\/\/www.riogrande.rs.gov.br\/smed\/index.php?rest_route=%2Fwp%2Fv2%2Fcomments&post=20170"}],"version-history":[{"count":1,"href":"https:\/\/www.riogrande.rs.gov.br\/smed\/index.php?rest_route=\/wp\/v2\/posts\/20170\/revisions"}],"predecessor-version":[{"id":20171,"href":"https:\/\/www.riogrande.rs.gov.br\/smed\/index.php?rest_route=\/wp\/v2\/posts\/20170\/revisions\/20171"}],"wp:attachment":[{"href":"https:\/\/www.riogrande.rs.gov.br\/smed\/index.php?rest_route=%2Fwp%2Fv2%2Fmedia&parent=20170"}],"wp:term":[{"taxonomy":"category","embeddable":true,"href":"https:\/\/www.riogrande.rs.gov.br\/smed\/index.php?rest_route=%2Fwp%2Fv2%2Fcategories&post=20170"},{"taxonomy":"post_tag","embeddable":true,"href":"https:\/\/www.riogrande.rs.gov.br\/smed\/index.php?rest_route=%2Fwp%2Fv2%2Ftags&post=20170"}],"curies":[{"name":"wp","href":"https:\/\/api.w.org\/{rel}","templated":true}]}}