{"id":20143,"date":"2016-12-06T17:07:14","date_gmt":"2016-12-06T19:07:14","guid":{"rendered":"http:\/\/www.riogrande.rs.gov.br\/smed\/?p=20143"},"modified":"2016-12-06T17:07:14","modified_gmt":"2016-12-06T19:07:14","slug":"smed-realizara-reuniao-mensal-com-professores-da-educacao-especial-no-dia-08","status":"publish","type":"post","link":"https:\/\/www.riogrande.rs.gov.br\/smed\/?p=20143","title":{"rendered":"SMEd realizar\u00e1 reuni\u00e3o mensal com Professores da Educa\u00e7\u00e3o Especial no dia 08"},"content":{"rendered":"<p style=\"text-align: justify;\">A Secretaria de Munic\u00edpio da Educa\u00e7\u00e3o de Rio Grande (SMEd), atrav\u00e9s do <b>N\u00facleo de Diversidade e Inclus\u00e3o<\/b>, realizar\u00e1, na pr\u00f3xima quinta-feira, \u00a0<b>08 de dezembro<\/b>, \u00e0s <b>8h30min<\/b>, reuni\u00e3o mensal com os <b>Professores da Educa\u00e7\u00e3o Especial <\/b>(Salas de Recursos e Salas de Recursos de Inclus\u00e3o), que atuam nas escolas da rede p\u00fablica municipal de ensino.<\/p>\n<p style=\"text-align: justify;\"><!--more--><\/p>\n<p style=\"text-align: justify;\">\n<p style=\"text-align: justify;\">De acordo com o N\u00facleo de Diversidade e Inclus\u00e3o, esta reuni\u00e3o, que acontecer\u00e1 na Escola Municipal para a Diversidade Cultural e Inclus\u00e3o Escola Viva, que est\u00e1 localizada na Av. Portugal, 38, ser\u00e1 a atividade de encerramento do ano letivo de 2016 e, por isso, a presen\u00e7a de todos \u00e9 indispens\u00e1vel.<\/p>\n<p style=\"text-align: right;\"><em>SMEd<\/em><br \/>\n<em> Roberton Reis<\/em><br \/>\n<em> Com informa\u00e7\u00f5es do N\u00facleo de Diversidade e Inclus\u00e3o<\/em><\/p>\n","protected":false},"excerpt":{"rendered":"<p>A Secretaria de Munic\u00edpio da Educa\u00e7\u00e3o de Rio Grande (SMEd), atrav\u00e9s do N\u00facleo de Diversidade e Inclus\u00e3o, realizar\u00e1, na pr\u00f3xima quinta-feira, \u00a008 de dezembro, \u00e0s 8h30min, reuni\u00e3o mensal com os Professores da Educa\u00e7\u00e3o Especial (Salas de Recursos e Salas de Recursos de Inclus\u00e3o), que atuam nas escolas da rede p\u00fablica municipal de ensino.<\/p>\n","protected":false},"author":7,"featured_media":0,"comment_status":"closed","ping_status":"closed","sticky":false,"template":"","format":"standard","meta":{"footnotes":""},"categories":[1,13],"tags":[],"class_list":["post-20143","post","type-post","status-publish","format-standard","hentry","category-noticias","category-pedagogico"],"_links":{"self":[{"href":"https:\/\/www.riogrande.rs.gov.br\/smed\/index.php?rest_route=\/wp\/v2\/posts\/20143"}],"collection":[{"href":"https:\/\/www.riogrande.rs.gov.br\/smed\/index.php?rest_route=\/wp\/v2\/posts"}],"about":[{"href":"https:\/\/www.riogrande.rs.gov.br\/smed\/index.php?rest_route=\/wp\/v2\/types\/post"}],"author":[{"embeddable":true,"href":"https:\/\/www.riogrande.rs.gov.br\/smed\/index.php?rest_route=\/wp\/v2\/users\/7"}],"replies":[{"embeddable":true,"href":"https:\/\/www.riogrande.rs.gov.br\/smed\/index.php?rest_route=%2Fwp%2Fv2%2Fcomments&post=20143"}],"version-history":[{"count":1,"href":"https:\/\/www.riogrande.rs.gov.br\/smed\/index.php?rest_route=\/wp\/v2\/posts\/20143\/revisions"}],"predecessor-version":[{"id":20144,"href":"https:\/\/www.riogrande.rs.gov.br\/smed\/index.php?rest_route=\/wp\/v2\/posts\/20143\/revisions\/20144"}],"wp:attachment":[{"href":"https:\/\/www.riogrande.rs.gov.br\/smed\/index.php?rest_route=%2Fwp%2Fv2%2Fmedia&parent=20143"}],"wp:term":[{"taxonomy":"category","embeddable":true,"href":"https:\/\/www.riogrande.rs.gov.br\/smed\/index.php?rest_route=%2Fwp%2Fv2%2Fcategories&post=20143"},{"taxonomy":"post_tag","embeddable":true,"href":"https:\/\/www.riogrande.rs.gov.br\/smed\/index.php?rest_route=%2Fwp%2Fv2%2Ftags&post=20143"}],"curies":[{"name":"wp","href":"https:\/\/api.w.org\/{rel}","templated":true}]}}