{"id":20106,"date":"2016-12-05T15:51:58","date_gmt":"2016-12-05T17:51:58","guid":{"rendered":"http:\/\/www.riogrande.rs.gov.br\/smed\/?p=20106"},"modified":"2016-12-05T15:59:10","modified_gmt":"2016-12-05T17:59:10","slug":"smed-realizou-cerimonia-de-formatura-do-projeto-aluno-monitor","status":"publish","type":"post","link":"https:\/\/www.riogrande.rs.gov.br\/smed\/?p=20106","title":{"rendered":"SMEd realizou Cerim\u00f4nia de Formatura do \u201cProjeto Aluno Monitor\u201d"},"content":{"rendered":"\n\t\t<style type=\"text\/css\">\n\t\t\t#gallery-1 {\n\t\t\t\tmargin: auto;\n\t\t\t}\n\t\t\t#gallery-1 .gallery-item {\n\t\t\t\tfloat: left;\n\t\t\t\tmargin-top: 10px;\n\t\t\t\ttext-align: center;\n\t\t\t\twidth: 33%;\n\t\t\t}\n\t\t\t#gallery-1 img {\n\t\t\t\tborder: 2px solid #cfcfcf;\n\t\t\t}\n\t\t\t#gallery-1 .gallery-caption {\n\t\t\t\tmargin-left: 0;\n\t\t\t}\n\t\t\t\/* see gallery_shortcode() in wp-includes\/media.php *\/\n\t\t<\/style>\n\t\t<div id='gallery-1' class='gallery galleryid-20106 gallery-columns-3 gallery-size-thumbnail'><dl class='gallery-item'>\n\t\t\t<dt class='gallery-icon landscape'>\n\t\t\t\t<a href='https:\/\/www.riogrande.rs.gov.br\/smed\/wp-content\/uploads\/2016\/12\/20161205-ped-aluno_monitor-image00.jpg' rel=\"lightbox[20106]\"><img loading=\"lazy\" decoding=\"async\" width=\"150\" height=\"150\" src=\"https:\/\/www.riogrande.rs.gov.br\/smed\/wp-content\/uploads\/2016\/12\/20161205-ped-aluno_monitor-image00-150x150.jpg\" class=\"attachment-thumbnail size-thumbnail\" alt=\"\" aria-describedby=\"gallery-1-20107\" \/><\/a>\n\t\t\t<\/dt>\n\t\t\t\t<dd class='wp-caption-text gallery-caption' id='gallery-1-20107'>\n\t\t\t\tCr\u00e9dito: NTM\n\t\t\t\t<\/dd><\/dl><dl class='gallery-item'>\n\t\t\t<dt class='gallery-icon landscape'>\n\t\t\t\t<a href='https:\/\/www.riogrande.rs.gov.br\/smed\/wp-content\/uploads\/2016\/12\/20161205-ped-aluno_monitor-image01.jpg' rel=\"lightbox[20106]\"><img loading=\"lazy\" decoding=\"async\" width=\"150\" height=\"150\" src=\"https:\/\/www.riogrande.rs.gov.br\/smed\/wp-content\/uploads\/2016\/12\/20161205-ped-aluno_monitor-image01-150x150.jpg\" class=\"attachment-thumbnail size-thumbnail\" alt=\"\" aria-describedby=\"gallery-1-20108\" \/><\/a>\n\t\t\t<\/dt>\n\t\t\t\t<dd class='wp-caption-text gallery-caption' id='gallery-1-20108'>\n\t\t\t\tCr\u00e9dito: NTM\n\t\t\t\t<\/dd><\/dl><dl class='gallery-item'>\n\t\t\t<dt class='gallery-icon landscape'>\n\t\t\t\t<a href='https:\/\/www.riogrande.rs.gov.br\/smed\/wp-content\/uploads\/2016\/12\/20161205-ped-aluno_monitor-image02.jpg' rel=\"lightbox[20106]\"><img loading=\"lazy\" decoding=\"async\" width=\"150\" height=\"150\" src=\"https:\/\/www.riogrande.rs.gov.br\/smed\/wp-content\/uploads\/2016\/12\/20161205-ped-aluno_monitor-image02-150x150.jpg\" class=\"attachment-thumbnail size-thumbnail\" alt=\"\" aria-describedby=\"gallery-1-20109\" \/><\/a>\n\t\t\t<\/dt>\n\t\t\t\t<dd class='wp-caption-text gallery-caption' id='gallery-1-20109'>\n\t\t\t\tCr\u00e9dito: NTM\n\t\t\t\t<\/dd><\/dl><br style=\"clear: both\" \/><dl class='gallery-item'>\n\t\t\t<dt class='gallery-icon portrait'>\n\t\t\t\t<a href='https:\/\/www.riogrande.rs.gov.br\/smed\/wp-content\/uploads\/2016\/12\/20161205-ped-aluno_monitor-image03.jpg' rel=\"lightbox[20106]\"><img loading=\"lazy\" decoding=\"async\" width=\"150\" height=\"150\" src=\"https:\/\/www.riogrande.rs.gov.br\/smed\/wp-content\/uploads\/2016\/12\/20161205-ped-aluno_monitor-image03-150x150.jpg\" class=\"attachment-thumbnail size-thumbnail\" alt=\"\" aria-describedby=\"gallery-1-20110\" \/><\/a>\n\t\t\t<\/dt>\n\t\t\t\t<dd class='wp-caption-text gallery-caption' id='gallery-1-20110'>\n\t\t\t\tCr\u00e9dito: NTM\n\t\t\t\t<\/dd><\/dl><dl class='gallery-item'>\n\t\t\t<dt class='gallery-icon landscape'>\n\t\t\t\t<a href='https:\/\/www.riogrande.rs.gov.br\/smed\/wp-content\/uploads\/2016\/12\/20161205-ped-aluno_monitor-image04.jpg' rel=\"lightbox[20106]\"><img loading=\"lazy\" decoding=\"async\" width=\"150\" height=\"150\" src=\"https:\/\/www.riogrande.rs.gov.br\/smed\/wp-content\/uploads\/2016\/12\/20161205-ped-aluno_monitor-image04-150x150.jpg\" class=\"attachment-thumbnail size-thumbnail\" alt=\"\" aria-describedby=\"gallery-1-20111\" \/><\/a>\n\t\t\t<\/dt>\n\t\t\t\t<dd class='wp-caption-text gallery-caption' id='gallery-1-20111'>\n\t\t\t\tCr\u00e9dito: NTM\n\t\t\t\t<\/dd><\/dl><dl class='gallery-item'>\n\t\t\t<dt class='gallery-icon portrait'>\n\t\t\t\t<a href='https:\/\/www.riogrande.rs.gov.br\/smed\/wp-content\/uploads\/2016\/12\/20161205-ped-aluno_monitor-image05.jpg' rel=\"lightbox[20106]\"><img loading=\"lazy\" decoding=\"async\" width=\"150\" height=\"150\" src=\"https:\/\/www.riogrande.rs.gov.br\/smed\/wp-content\/uploads\/2016\/12\/20161205-ped-aluno_monitor-image05-150x150.jpg\" class=\"attachment-thumbnail size-thumbnail\" alt=\"\" aria-describedby=\"gallery-1-20112\" \/><\/a>\n\t\t\t<\/dt>\n\t\t\t\t<dd class='wp-caption-text gallery-caption' id='gallery-1-20112'>\n\t\t\t\tCr\u00e9dito: NTM\n\t\t\t\t<\/dd><\/dl><br style=\"clear: both\" \/><dl class='gallery-item'>\n\t\t\t<dt class='gallery-icon landscape'>\n\t\t\t\t<a href='https:\/\/www.riogrande.rs.gov.br\/smed\/wp-content\/uploads\/2016\/12\/20161205-ped-aluno_monitor-image06.jpg' rel=\"lightbox[20106]\"><img loading=\"lazy\" decoding=\"async\" width=\"150\" height=\"150\" src=\"https:\/\/www.riogrande.rs.gov.br\/smed\/wp-content\/uploads\/2016\/12\/20161205-ped-aluno_monitor-image06-150x150.jpg\" class=\"attachment-thumbnail size-thumbnail\" alt=\"\" aria-describedby=\"gallery-1-20113\" \/><\/a>\n\t\t\t<\/dt>\n\t\t\t\t<dd class='wp-caption-text gallery-caption' id='gallery-1-20113'>\n\t\t\t\tCr\u00e9dito: NTM\n\t\t\t\t<\/dd><\/dl><dl class='gallery-item'>\n\t\t\t<dt class='gallery-icon portrait'>\n\t\t\t\t<a href='https:\/\/www.riogrande.rs.gov.br\/smed\/wp-content\/uploads\/2016\/12\/20161205-ped-aluno_monitor-image07.jpg' rel=\"lightbox[20106]\"><img loading=\"lazy\" decoding=\"async\" width=\"150\" height=\"150\" src=\"https:\/\/www.riogrande.rs.gov.br\/smed\/wp-content\/uploads\/2016\/12\/20161205-ped-aluno_monitor-image07-150x150.jpg\" class=\"attachment-thumbnail size-thumbnail\" alt=\"\" aria-describedby=\"gallery-1-20114\" \/><\/a>\n\t\t\t<\/dt>\n\t\t\t\t<dd class='wp-caption-text gallery-caption' id='gallery-1-20114'>\n\t\t\t\tCr\u00e9dito: NTM\n\t\t\t\t<\/dd><\/dl><dl class='gallery-item'>\n\t\t\t<dt class='gallery-icon portrait'>\n\t\t\t\t<a href='https:\/\/www.riogrande.rs.gov.br\/smed\/wp-content\/uploads\/2016\/12\/20161205-ped-aluno_monitor-image08.jpg' rel=\"lightbox[20106]\"><img loading=\"lazy\" decoding=\"async\" width=\"150\" height=\"150\" src=\"https:\/\/www.riogrande.rs.gov.br\/smed\/wp-content\/uploads\/2016\/12\/20161205-ped-aluno_monitor-image08-150x150.jpg\" class=\"attachment-thumbnail size-thumbnail\" alt=\"\" aria-describedby=\"gallery-1-20115\" \/><\/a>\n\t\t\t<\/dt>\n\t\t\t\t<dd class='wp-caption-text gallery-caption' id='gallery-1-20115'>\n\t\t\t\tCr\u00e9dito: NTM\n\t\t\t\t<\/dd><\/dl><br style=\"clear: both\" \/><dl class='gallery-item'>\n\t\t\t<dt class='gallery-icon landscape'>\n\t\t\t\t<a href='https:\/\/www.riogrande.rs.gov.br\/smed\/wp-content\/uploads\/2016\/12\/20161205-ped-aluno_monitor-image09.jpg' rel=\"lightbox[20106]\"><img loading=\"lazy\" decoding=\"async\" width=\"150\" height=\"150\" src=\"https:\/\/www.riogrande.rs.gov.br\/smed\/wp-content\/uploads\/2016\/12\/20161205-ped-aluno_monitor-image09-150x150.jpg\" class=\"attachment-thumbnail size-thumbnail\" alt=\"\" aria-describedby=\"gallery-1-20116\" \/><\/a>\n\t\t\t<\/dt>\n\t\t\t\t<dd class='wp-caption-text gallery-caption' id='gallery-1-20116'>\n\t\t\t\tCr\u00e9dito: NTM\n\t\t\t\t<\/dd><\/dl><dl class='gallery-item'>\n\t\t\t<dt class='gallery-icon landscape'>\n\t\t\t\t<a href='https:\/\/www.riogrande.rs.gov.br\/smed\/wp-content\/uploads\/2016\/12\/20161205-ped-aluno_monitor-image10.jpg' rel=\"lightbox[20106]\"><img loading=\"lazy\" decoding=\"async\" width=\"150\" height=\"150\" src=\"https:\/\/www.riogrande.rs.gov.br\/smed\/wp-content\/uploads\/2016\/12\/20161205-ped-aluno_monitor-image10-150x150.jpg\" class=\"attachment-thumbnail size-thumbnail\" alt=\"\" aria-describedby=\"gallery-1-20117\" \/><\/a>\n\t\t\t<\/dt>\n\t\t\t\t<dd class='wp-caption-text gallery-caption' id='gallery-1-20117'>\n\t\t\t\tCr\u00e9dito: NTM\n\t\t\t\t<\/dd><\/dl><dl class='gallery-item'>\n\t\t\t<dt class='gallery-icon landscape'>\n\t\t\t\t<a href='https:\/\/www.riogrande.rs.gov.br\/smed\/wp-content\/uploads\/2016\/12\/20161205-ped-aluno_monitor-image11.jpg' rel=\"lightbox[20106]\"><img loading=\"lazy\" decoding=\"async\" width=\"150\" height=\"150\" src=\"https:\/\/www.riogrande.rs.gov.br\/smed\/wp-content\/uploads\/2016\/12\/20161205-ped-aluno_monitor-image11-150x150.jpg\" class=\"attachment-thumbnail size-thumbnail\" alt=\"\" aria-describedby=\"gallery-1-20118\" \/><\/a>\n\t\t\t<\/dt>\n\t\t\t\t<dd class='wp-caption-text gallery-caption' id='gallery-1-20118'>\n\t\t\t\tCr\u00e9dito: NTM\n\t\t\t\t<\/dd><\/dl><br style=\"clear: both\" \/><dl class='gallery-item'>\n\t\t\t<dt class='gallery-icon landscape'>\n\t\t\t\t<a href='https:\/\/www.riogrande.rs.gov.br\/smed\/wp-content\/uploads\/2016\/12\/20161205-ped-aluno_monitor-image12.jpg' rel=\"lightbox[20106]\"><img loading=\"lazy\" decoding=\"async\" width=\"150\" height=\"150\" src=\"https:\/\/www.riogrande.rs.gov.br\/smed\/wp-content\/uploads\/2016\/12\/20161205-ped-aluno_monitor-image12-150x150.jpg\" class=\"attachment-thumbnail size-thumbnail\" alt=\"\" aria-describedby=\"gallery-1-20119\" \/><\/a>\n\t\t\t<\/dt>\n\t\t\t\t<dd class='wp-caption-text gallery-caption' id='gallery-1-20119'>\n\t\t\t\tCr\u00e9dito: NTM\n\t\t\t\t<\/dd><\/dl><dl class='gallery-item'>\n\t\t\t<dt class='gallery-icon landscape'>\n\t\t\t\t<a href='https:\/\/www.riogrande.rs.gov.br\/smed\/wp-content\/uploads\/2016\/12\/20161205-ped-aluno_monitor-image13.jpg' rel=\"lightbox[20106]\"><img loading=\"lazy\" decoding=\"async\" width=\"150\" height=\"150\" src=\"https:\/\/www.riogrande.rs.gov.br\/smed\/wp-content\/uploads\/2016\/12\/20161205-ped-aluno_monitor-image13-150x150.jpg\" class=\"attachment-thumbnail size-thumbnail\" alt=\"\" aria-describedby=\"gallery-1-20120\" \/><\/a>\n\t\t\t<\/dt>\n\t\t\t\t<dd class='wp-caption-text gallery-caption' id='gallery-1-20120'>\n\t\t\t\tCr\u00e9dito: NTM\n\t\t\t\t<\/dd><\/dl><dl class='gallery-item'>\n\t\t\t<dt class='gallery-icon landscape'>\n\t\t\t\t<a href='https:\/\/www.riogrande.rs.gov.br\/smed\/wp-content\/uploads\/2016\/12\/20161205-ped-aluno_monitor-image14.jpg' rel=\"lightbox[20106]\"><img loading=\"lazy\" decoding=\"async\" width=\"150\" height=\"150\" src=\"https:\/\/www.riogrande.rs.gov.br\/smed\/wp-content\/uploads\/2016\/12\/20161205-ped-aluno_monitor-image14-150x150.jpg\" class=\"attachment-thumbnail size-thumbnail\" alt=\"\" aria-describedby=\"gallery-1-20121\" \/><\/a>\n\t\t\t<\/dt>\n\t\t\t\t<dd class='wp-caption-text gallery-caption' id='gallery-1-20121'>\n\t\t\t\tCr\u00e9dito: NTM\n\t\t\t\t<\/dd><\/dl><br style=\"clear: both\" \/>\n\t\t<\/div>\n\n<p style=\"text-align: justify;\">A Secretaria de Munic\u00edpio da Educa\u00e7\u00e3o de Rio Grande (SMEd), atrav\u00e9s do N\u00facleo de Tecnologia Municipal (NTM), realizou, na tarde do dia <b>28 de novembro<\/b>, no Instituto Estadual de Educa\u00e7\u00e3o <b>Juvenal Miller<\/b>, a \u201c<b>Cerim\u00f4nia de Formatura do Projeto Aluno Monitor<\/b>\u201d, que neste ano teve como tem\u00e1tica o questionamento: <b>Voc\u00ea sabe o que \u00e9 Cyberbullying?<\/b><\/p>\n<p><!--more--><\/p>\n<p>&nbsp;<\/p>\n<p>Neste ano, nove escolas participaram do Projeto:<\/p>\n<p><b>EMEF ALTAMIR DE LACERDA<\/b> E A ARTICULADORA JANIARA RODRIGUES:<\/p>\n<ul>\n<li>DANIELA FERREIRA ALC\u00c2NTARA<\/li>\n<li>JESUS GABRIEL RODRIGUES VIEIRA<\/li>\n<li>KAREN RITA MORAES LACERDA<\/li>\n<li>MARYANE QUEVEDO DA CUNHA<\/li>\n<li>NICOLY EXEQUIEL MACHADO<\/li>\n<li>VIT\u00d3RIA DUARTE DA COSTA<\/li>\n<li>TA\u00cdS ORTIZ MULLER<\/li>\n<\/ul>\n<p><b>EMEF ANTONIO CARLOS LOPES<\/b> E A ARTICULADORA KELEN DIAS RODRIGUES:<\/p>\n<ul>\n<li>CINTHIA MARTINS BRAND\u00c3O<\/li>\n<li>FRANCIELE CASEIRA LOPES<\/li>\n<li>GABRIELLY DA SILVA GEBAUER<\/li>\n<li>LEONARDO SILVEIRA DE PINHO<\/li>\n<li>LORRANA VIT\u00d3RIA SHAUMILA FURTADO<\/li>\n<li>RAQUEL DOS SANTOS RODRIGUES<\/li>\n<li>STEFANI LUIZ ROCHA PEREIRA<\/li>\n<li>YASMIM CRISTINE NEVES FELISARDO<\/li>\n<\/ul>\n<p><b>EMEF ASSIS BRASIL<\/b> E A ARTICULADORA CELINA ROCHA:<\/p>\n<ul>\n<li>ANDRIO DORNELLES VAZ<\/li>\n<li>BRAYAN MENDES DA SILVA<\/li>\n<li>\u00c9RICA RODRIGUES TEIXEIRA<\/li>\n<li>LUCAS FERNANDO PAGANI AVENCURT<\/li>\n<li>MONYCKE LOCH CORREA<\/li>\n<\/ul>\n<p><b>EMEF FREDERICO ERNESTO BUCHHOLZ<\/b> E A ARTICULADORA FABIANA RODRIGUES:<\/p>\n<ul>\n<li>ANA CAROLINA BATISTA<\/li>\n<li>DYANE ALVES DE MEDEIROS<\/li>\n<li>EDUARDA BRITO TEIXEIRA<\/li>\n<li>EDUARDA MIRANDA LOPES<\/li>\n<li>LA\u00cdS MONTENEGRO GOMES<\/li>\n<li>LA\u00cdS VARELA SCWARTZ<\/li>\n<li>LARISSA RUIS SILVA<\/li>\n<li>MILENA MATTOS FURTADO<\/li>\n<li>NAT\u00c1LYA DA SILVA SIQUEIRA<\/li>\n<\/ul>\n<p><b>EMEF \u00a0MANOEL \u00a0MARTINS MANO <\/b>E A ARTICULADORA DANIELE ROSA MEDEIROS:<\/p>\n<ul>\n<li>GUILHERME RAMOS TEIXIERA<\/li>\n<li>RAFAEL SANTOS RAMOS<\/li>\n<\/ul>\n<p><b>EMEE MARIA L\u00daCIA LUZZARDI <\/b>E A ARTICULADORA ALESSANDRA ALESSANDRA FARIAS RODRIGUES:<\/p>\n<ul>\n<li>VITOR MARTINS LEMOS<\/li>\n<\/ul>\n<p><b>EMEF PEIXOTO PRIMO<\/b> E A ARTICULADORA X\u00caNIA VELOSO:<\/p>\n<ul>\n<li>FRANCINI BENTO<\/li>\n<li>GABRIELA VIEIRA<\/li>\n<li>MERYELLEM BERNY<\/li>\n<li>THAIANE CRIZEL<\/li>\n<\/ul>\n<p><b>EMEI VILA DA QUINTA<\/b> E A ARTICULADORA MARIA JULIETA MASSON:<\/p>\n<ul>\n<li>TATIANA FERNANDES<\/li>\n<\/ul>\n<p><b>EMEF ZENIR DE SOUZA BRAGA <\/b>E A ARTICULADORA FRANCINE LEMOS:<\/p>\n<ul>\n<li>AD\u00c3O MACIEL DE VASCONCELOS JR.<\/li>\n<li>GIOVANE TEIXEIRA DA ROSA<\/li>\n<li>MAYARA PROVIN DE LAZZERI DE SOUZA<\/li>\n<li>RAFAEL TEIXEIRA FONSECA<\/li>\n<li>SHAIANE DANIELE DE SOUZA<\/li>\n<\/ul>\n<p style=\"text-align: right;\"><em>SMEd<\/em><br \/>\n<em> Roberton Reis<\/em><br \/>\n<em> Com informa\u00e7\u00f5es do NTM<\/em><\/p>\n","protected":false},"excerpt":{"rendered":"<p>A Secretaria de Munic\u00edpio da Educa\u00e7\u00e3o de Rio Grande (SMEd), atrav\u00e9s do N\u00facleo de Tecnologia Municipal (NTM), realizou, na tarde do dia 28 de novembro, no Instituto Estadual de Educa\u00e7\u00e3o Juvenal Miller, a \u201cCerim\u00f4nia de Formatura do Projeto Aluno Monitor\u201d, que neste ano teve como tem\u00e1tica o questionamento: Voc\u00ea sabe o que \u00e9 Cyberbullying?<\/p>\n","protected":false},"author":7,"featured_media":0,"comment_status":"closed","ping_status":"closed","sticky":false,"template":"","format":"standard","meta":{"footnotes":""},"categories":[1,13],"tags":[],"class_list":["post-20106","post","type-post","status-publish","format-standard","hentry","category-noticias","category-pedagogico"],"_links":{"self":[{"href":"https:\/\/www.riogrande.rs.gov.br\/smed\/index.php?rest_route=\/wp\/v2\/posts\/20106"}],"collection":[{"href":"https:\/\/www.riogrande.rs.gov.br\/smed\/index.php?rest_route=\/wp\/v2\/posts"}],"about":[{"href":"https:\/\/www.riogrande.rs.gov.br\/smed\/index.php?rest_route=\/wp\/v2\/types\/post"}],"author":[{"embeddable":true,"href":"https:\/\/www.riogrande.rs.gov.br\/smed\/index.php?rest_route=\/wp\/v2\/users\/7"}],"replies":[{"embeddable":true,"href":"https:\/\/www.riogrande.rs.gov.br\/smed\/index.php?rest_route=%2Fwp%2Fv2%2Fcomments&post=20106"}],"version-history":[{"count":2,"href":"https:\/\/www.riogrande.rs.gov.br\/smed\/index.php?rest_route=\/wp\/v2\/posts\/20106\/revisions"}],"predecessor-version":[{"id":20138,"href":"https:\/\/www.riogrande.rs.gov.br\/smed\/index.php?rest_route=\/wp\/v2\/posts\/20106\/revisions\/20138"}],"wp:attachment":[{"href":"https:\/\/www.riogrande.rs.gov.br\/smed\/index.php?rest_route=%2Fwp%2Fv2%2Fmedia&parent=20106"}],"wp:term":[{"taxonomy":"category","embeddable":true,"href":"https:\/\/www.riogrande.rs.gov.br\/smed\/index.php?rest_route=%2Fwp%2Fv2%2Fcategories&post=20106"},{"taxonomy":"post_tag","embeddable":true,"href":"https:\/\/www.riogrande.rs.gov.br\/smed\/index.php?rest_route=%2Fwp%2Fv2%2Ftags&post=20106"}],"curies":[{"name":"wp","href":"https:\/\/api.w.org\/{rel}","templated":true}]}}