{"id":20098,"date":"2016-12-05T15:48:35","date_gmt":"2016-12-05T17:48:35","guid":{"rendered":"http:\/\/www.riogrande.rs.gov.br\/smed\/?p=20098"},"modified":"2016-12-05T15:48:35","modified_gmt":"2016-12-05T17:48:35","slug":"nucleo-de-educacao-infantil-da-smed-realizou-6o-encontro-de-formacao-continuada-com-as-escolas-conveniadas","status":"publish","type":"post","link":"https:\/\/www.riogrande.rs.gov.br\/smed\/?p=20098","title":{"rendered":"N\u00facleo de Educa\u00e7\u00e3o Infantil da SMEd realizou 6\u00ba Encontro de Forma\u00e7\u00e3o Continuada com as Escolas Conveniadas"},"content":{"rendered":"\n\t\t<style type=\"text\/css\">\n\t\t\t#gallery-1 {\n\t\t\t\tmargin: auto;\n\t\t\t}\n\t\t\t#gallery-1 .gallery-item {\n\t\t\t\tfloat: left;\n\t\t\t\tmargin-top: 10px;\n\t\t\t\ttext-align: center;\n\t\t\t\twidth: 33%;\n\t\t\t}\n\t\t\t#gallery-1 img {\n\t\t\t\tborder: 2px solid #cfcfcf;\n\t\t\t}\n\t\t\t#gallery-1 .gallery-caption {\n\t\t\t\tmargin-left: 0;\n\t\t\t}\n\t\t\t\/* see gallery_shortcode() in wp-includes\/media.php *\/\n\t\t<\/style>\n\t\t<div id='gallery-1' class='gallery galleryid-20098 gallery-columns-3 gallery-size-thumbnail'><dl class='gallery-item'>\n\t\t\t<dt class='gallery-icon landscape'>\n\t\t\t\t<a href='https:\/\/www.riogrande.rs.gov.br\/smed\/wp-content\/uploads\/2016\/12\/20161205-ped-conveniadas-image00.jpg' rel=\"lightbox[20098]\"><img loading=\"lazy\" decoding=\"async\" width=\"150\" height=\"150\" src=\"https:\/\/www.riogrande.rs.gov.br\/smed\/wp-content\/uploads\/2016\/12\/20161205-ped-conveniadas-image00-150x150.jpg\" class=\"attachment-thumbnail size-thumbnail\" alt=\"\" aria-describedby=\"gallery-1-20099\" \/><\/a>\n\t\t\t<\/dt>\n\t\t\t\t<dd class='wp-caption-text gallery-caption' id='gallery-1-20099'>\n\t\t\t\tCr\u00e9dito: N\u00facleo de Educa\u00e7\u00e3o Infantil\n\t\t\t\t<\/dd><\/dl><dl class='gallery-item'>\n\t\t\t<dt class='gallery-icon landscape'>\n\t\t\t\t<a href='https:\/\/www.riogrande.rs.gov.br\/smed\/wp-content\/uploads\/2016\/12\/20161205-ped-conveniadas-image01.jpg' rel=\"lightbox[20098]\"><img loading=\"lazy\" decoding=\"async\" width=\"150\" height=\"150\" src=\"https:\/\/www.riogrande.rs.gov.br\/smed\/wp-content\/uploads\/2016\/12\/20161205-ped-conveniadas-image01-150x150.jpg\" class=\"attachment-thumbnail size-thumbnail\" alt=\"\" aria-describedby=\"gallery-1-20100\" \/><\/a>\n\t\t\t<\/dt>\n\t\t\t\t<dd class='wp-caption-text gallery-caption' id='gallery-1-20100'>\n\t\t\t\tCr\u00e9dito: N\u00facleo de Educa\u00e7\u00e3o Infantil\n\t\t\t\t<\/dd><\/dl><dl class='gallery-item'>\n\t\t\t<dt class='gallery-icon landscape'>\n\t\t\t\t<a href='https:\/\/www.riogrande.rs.gov.br\/smed\/wp-content\/uploads\/2016\/12\/20161205-ped-conveniadas-image02.jpg' rel=\"lightbox[20098]\"><img loading=\"lazy\" decoding=\"async\" width=\"150\" height=\"150\" src=\"https:\/\/www.riogrande.rs.gov.br\/smed\/wp-content\/uploads\/2016\/12\/20161205-ped-conveniadas-image02-150x150.jpg\" class=\"attachment-thumbnail size-thumbnail\" alt=\"\" aria-describedby=\"gallery-1-20101\" \/><\/a>\n\t\t\t<\/dt>\n\t\t\t\t<dd class='wp-caption-text gallery-caption' id='gallery-1-20101'>\n\t\t\t\tCr\u00e9dito: N\u00facleo de Educa\u00e7\u00e3o Infantil\n\t\t\t\t<\/dd><\/dl><br style=\"clear: both\" \/><dl class='gallery-item'>\n\t\t\t<dt class='gallery-icon landscape'>\n\t\t\t\t<a href='https:\/\/www.riogrande.rs.gov.br\/smed\/wp-content\/uploads\/2016\/12\/20161205-ped-conveniadas-image03.jpg' rel=\"lightbox[20098]\"><img loading=\"lazy\" decoding=\"async\" width=\"150\" height=\"150\" src=\"https:\/\/www.riogrande.rs.gov.br\/smed\/wp-content\/uploads\/2016\/12\/20161205-ped-conveniadas-image03-150x150.jpg\" class=\"attachment-thumbnail size-thumbnail\" alt=\"\" aria-describedby=\"gallery-1-20102\" \/><\/a>\n\t\t\t<\/dt>\n\t\t\t\t<dd class='wp-caption-text gallery-caption' id='gallery-1-20102'>\n\t\t\t\tCr\u00e9dito: N\u00facleo de Educa\u00e7\u00e3o Infantil\n\t\t\t\t<\/dd><\/dl><dl class='gallery-item'>\n\t\t\t<dt class='gallery-icon landscape'>\n\t\t\t\t<a href='https:\/\/www.riogrande.rs.gov.br\/smed\/wp-content\/uploads\/2016\/12\/20161205-ped-conveniadas-image04.jpg' rel=\"lightbox[20098]\"><img loading=\"lazy\" decoding=\"async\" width=\"150\" height=\"150\" src=\"https:\/\/www.riogrande.rs.gov.br\/smed\/wp-content\/uploads\/2016\/12\/20161205-ped-conveniadas-image04-150x150.jpg\" class=\"attachment-thumbnail size-thumbnail\" alt=\"\" aria-describedby=\"gallery-1-20103\" \/><\/a>\n\t\t\t<\/dt>\n\t\t\t\t<dd class='wp-caption-text gallery-caption' id='gallery-1-20103'>\n\t\t\t\tCr\u00e9dito: N\u00facleo de Educa\u00e7\u00e3o Infantil\n\t\t\t\t<\/dd><\/dl><dl class='gallery-item'>\n\t\t\t<dt class='gallery-icon landscape'>\n\t\t\t\t<a href='https:\/\/www.riogrande.rs.gov.br\/smed\/wp-content\/uploads\/2016\/12\/20161205-ped-conveniadas-image05.jpg' rel=\"lightbox[20098]\"><img loading=\"lazy\" decoding=\"async\" width=\"150\" height=\"150\" src=\"https:\/\/www.riogrande.rs.gov.br\/smed\/wp-content\/uploads\/2016\/12\/20161205-ped-conveniadas-image05-150x150.jpg\" class=\"attachment-thumbnail size-thumbnail\" alt=\"\" aria-describedby=\"gallery-1-20104\" \/><\/a>\n\t\t\t<\/dt>\n\t\t\t\t<dd class='wp-caption-text gallery-caption' id='gallery-1-20104'>\n\t\t\t\tCr\u00e9dito: N\u00facleo de Educa\u00e7\u00e3o Infantil\n\t\t\t\t<\/dd><\/dl><br style=\"clear: both\" \/>\n\t\t<\/div>\n\n<p style=\"text-align: justify;\">Na tarde do dia <b>22 de novembro<\/b>, o N\u00facleo de Educa\u00e7\u00e3o Infantil da Secretaria de Munic\u00edpio da Educa\u00e7\u00e3o de Rio Grande (SMEd) realizou, na Escola Municipal para a Diversidade Cultural e Inclus\u00e3o <b>Escola Viva<\/b>, \u00a0o \u201c<strong>6\u00ba e \u00faltimo Encontro de Forma\u00e7\u00e3o Continuada de 2016<\/strong>\u201d, reunindo-se com as professoras e coordenadoras das Escolas Conveniadas e tendo como objetivo socializar as pr\u00e1ticas educativas vivenciadas nas turmas da Educa\u00e7\u00e3o Infantil ao longo do ano letivo, \u00a0al\u00e9m de estreitar as tem\u00e1ticas trabalhadas ao longo dos encontros com o cotidiano de cada institui\u00e7\u00e3o.<\/p>\n<p style=\"text-align: justify;\"><!--more--><\/p>\n<p style=\"text-align: justify;\">\n<p style=\"text-align: justify;\">O encontro foi permeado por trocas de experi\u00eancias e conhecimentos, onde cada institui\u00e7\u00e3o apresentou os trabalhos pedag\u00f3gicos desenvolvidos com as crian\u00e7as durante o ano. \u201c<b>Percebemos, assim, o quanto foram importantes e significativos os encontros de forma\u00e7\u00e3o continuada, qualificando e instrumentalizando as experi\u00eancias e a\u00e7\u00f5es educativas vividas nos espa\u00e7os escolares<\/b>\u201d, destacou a coordena\u00e7\u00e3o do N\u00facleo de Educa\u00e7\u00e3o Infantil.<\/p>\n<p style=\"text-align: justify;\">O ciclo de encontros de forma\u00e7\u00e3o culminou com a finaliza\u00e7\u00e3o do portf\u00f3lio do grupo de professoras, contendo os registros, impress\u00f5es, fotos, materiais e atividades realizadas durante o ano, como mais uma oportunidade de reflex\u00e3o coletiva do trabalho, vislumbrando, assim, novas possibilidades pedag\u00f3gicas.<\/p>\n<p style=\"text-align: right;\"><em>SMEd<\/em><br \/>\n<em> N\u00facleo de Educa\u00e7\u00e3o Infantil<\/em><\/p>\n","protected":false},"excerpt":{"rendered":"<p>Na tarde do dia 22 de novembro, o N\u00facleo de Educa\u00e7\u00e3o Infantil da Secretaria de Munic\u00edpio da Educa\u00e7\u00e3o de Rio Grande (SMEd) realizou, na Escola Municipal para a Diversidade Cultural e Inclus\u00e3o Escola Viva, \u00a0o \u201c6\u00ba e \u00faltimo Encontro de Forma\u00e7\u00e3o Continuada de 2016\u201d, reunindo-se com as professoras e coordenadoras das Escolas Conveniadas e tendo [&hellip;]<\/p>\n","protected":false},"author":7,"featured_media":0,"comment_status":"closed","ping_status":"closed","sticky":false,"template":"","format":"standard","meta":{"footnotes":""},"categories":[1,13],"tags":[],"class_list":["post-20098","post","type-post","status-publish","format-standard","hentry","category-noticias","category-pedagogico"],"_links":{"self":[{"href":"https:\/\/www.riogrande.rs.gov.br\/smed\/index.php?rest_route=\/wp\/v2\/posts\/20098"}],"collection":[{"href":"https:\/\/www.riogrande.rs.gov.br\/smed\/index.php?rest_route=\/wp\/v2\/posts"}],"about":[{"href":"https:\/\/www.riogrande.rs.gov.br\/smed\/index.php?rest_route=\/wp\/v2\/types\/post"}],"author":[{"embeddable":true,"href":"https:\/\/www.riogrande.rs.gov.br\/smed\/index.php?rest_route=\/wp\/v2\/users\/7"}],"replies":[{"embeddable":true,"href":"https:\/\/www.riogrande.rs.gov.br\/smed\/index.php?rest_route=%2Fwp%2Fv2%2Fcomments&post=20098"}],"version-history":[{"count":1,"href":"https:\/\/www.riogrande.rs.gov.br\/smed\/index.php?rest_route=\/wp\/v2\/posts\/20098\/revisions"}],"predecessor-version":[{"id":20105,"href":"https:\/\/www.riogrande.rs.gov.br\/smed\/index.php?rest_route=\/wp\/v2\/posts\/20098\/revisions\/20105"}],"wp:attachment":[{"href":"https:\/\/www.riogrande.rs.gov.br\/smed\/index.php?rest_route=%2Fwp%2Fv2%2Fmedia&parent=20098"}],"wp:term":[{"taxonomy":"category","embeddable":true,"href":"https:\/\/www.riogrande.rs.gov.br\/smed\/index.php?rest_route=%2Fwp%2Fv2%2Fcategories&post=20098"},{"taxonomy":"post_tag","embeddable":true,"href":"https:\/\/www.riogrande.rs.gov.br\/smed\/index.php?rest_route=%2Fwp%2Fv2%2Ftags&post=20098"}],"curies":[{"name":"wp","href":"https:\/\/api.w.org\/{rel}","templated":true}]}}