{"id":20092,"date":"2016-12-02T15:13:27","date_gmt":"2016-12-02T17:13:27","guid":{"rendered":"http:\/\/www.riogrande.rs.gov.br\/smed\/?p=20092"},"modified":"2016-12-02T15:13:27","modified_gmt":"2016-12-02T17:13:27","slug":"emef-viriato-correa-realiza-iv-viriart-e-ii-mostra-cultural-nesta-sexta-feira-02","status":"publish","type":"post","link":"https:\/\/www.riogrande.rs.gov.br\/smed\/?p=20092","title":{"rendered":"EMEF Viriato Corr\u00eaa realiza \u201cIV Viriart\u201d e \u201cII Mostra Cultural\u201d nesta sexta-feira, 02"},"content":{"rendered":"<div id=\"attachment_20093\" style=\"width: 495px\" class=\"wp-caption aligncenter\"><a href=\"http:\/\/www.riogrande.rs.gov.br\/smed\/wp-content\/uploads\/2016\/12\/20161202-ped-viriato-image00.jpg\" rel=\"lightbox[20092]\"><img loading=\"lazy\" decoding=\"async\" aria-describedby=\"caption-attachment-20093\" class=\"size-medium wp-image-20093\" src=\"http:\/\/www.riogrande.rs.gov.br\/smed\/wp-content\/uploads\/2016\/12\/20161202-ped-viriato-image00-485x537.jpg\" alt=\"Divulga\u00e7\u00e3o\" width=\"485\" height=\"537\" srcset=\"https:\/\/www.riogrande.rs.gov.br\/smed\/wp-content\/uploads\/2016\/12\/20161202-ped-viriato-image00-485x537.jpg 485w, https:\/\/www.riogrande.rs.gov.br\/smed\/wp-content\/uploads\/2016\/12\/20161202-ped-viriato-image00-768x850.jpg 768w, https:\/\/www.riogrande.rs.gov.br\/smed\/wp-content\/uploads\/2016\/12\/20161202-ped-viriato-image00-187x207.jpg 187w, https:\/\/www.riogrande.rs.gov.br\/smed\/wp-content\/uploads\/2016\/12\/20161202-ped-viriato-image00.jpg 800w\" sizes=\"(max-width: 485px) 100vw, 485px\" \/><\/a><p id=\"caption-attachment-20093\" class=\"wp-caption-text\">Divulga\u00e7\u00e3o<\/p><\/div>\n<p style=\"text-align: justify;\">A Escola Municipal de Ensino Fundamental <b>Viriato Corr\u00eaa<\/b>, que est\u00e1 localizada no bairro Get\u00falio Vargas, realiza, nesta sexta-feira, <b>02 de dezembro<\/b>, a partir das <b>18h30min<\/b>, o \u201c<b>IV Viriart<\/b>\u201d e a \u201c<b>II Mostra Cultural<\/b>\u201d.<\/p>\n<p style=\"text-align: right;\"><em>SMEd<\/em><br \/>\n<em> Roberton Reis<\/em><br \/>\n<em> Com informa\u00e7\u00f5es da EMEF Viriato Corr\u00eaa<\/em><\/p>\n","protected":false},"excerpt":{"rendered":"<p>A Escola Municipal de Ensino Fundamental Viriato Corr\u00eaa, que est\u00e1 localizada no bairro Get\u00falio Vargas, realiza, nesta sexta-feira, 02 de dezembro, a partir das 18h30min, o \u201cIV Viriart\u201d e a \u201cII Mostra Cultural\u201d. SMEd Roberton Reis Com informa\u00e7\u00f5es da EMEF Viriato Corr\u00eaa<\/p>\n","protected":false},"author":7,"featured_media":0,"comment_status":"closed","ping_status":"closed","sticky":false,"template":"","format":"standard","meta":{"footnotes":""},"categories":[1,13],"tags":[],"class_list":["post-20092","post","type-post","status-publish","format-standard","hentry","category-noticias","category-pedagogico"],"_links":{"self":[{"href":"https:\/\/www.riogrande.rs.gov.br\/smed\/index.php?rest_route=\/wp\/v2\/posts\/20092"}],"collection":[{"href":"https:\/\/www.riogrande.rs.gov.br\/smed\/index.php?rest_route=\/wp\/v2\/posts"}],"about":[{"href":"https:\/\/www.riogrande.rs.gov.br\/smed\/index.php?rest_route=\/wp\/v2\/types\/post"}],"author":[{"embeddable":true,"href":"https:\/\/www.riogrande.rs.gov.br\/smed\/index.php?rest_route=\/wp\/v2\/users\/7"}],"replies":[{"embeddable":true,"href":"https:\/\/www.riogrande.rs.gov.br\/smed\/index.php?rest_route=%2Fwp%2Fv2%2Fcomments&post=20092"}],"version-history":[{"count":1,"href":"https:\/\/www.riogrande.rs.gov.br\/smed\/index.php?rest_route=\/wp\/v2\/posts\/20092\/revisions"}],"predecessor-version":[{"id":20094,"href":"https:\/\/www.riogrande.rs.gov.br\/smed\/index.php?rest_route=\/wp\/v2\/posts\/20092\/revisions\/20094"}],"wp:attachment":[{"href":"https:\/\/www.riogrande.rs.gov.br\/smed\/index.php?rest_route=%2Fwp%2Fv2%2Fmedia&parent=20092"}],"wp:term":[{"taxonomy":"category","embeddable":true,"href":"https:\/\/www.riogrande.rs.gov.br\/smed\/index.php?rest_route=%2Fwp%2Fv2%2Fcategories&post=20092"},{"taxonomy":"post_tag","embeddable":true,"href":"https:\/\/www.riogrande.rs.gov.br\/smed\/index.php?rest_route=%2Fwp%2Fv2%2Ftags&post=20092"}],"curies":[{"name":"wp","href":"https:\/\/api.w.org\/{rel}","templated":true}]}}