{"id":20086,"date":"2016-12-02T15:03:58","date_gmt":"2016-12-02T17:03:58","guid":{"rendered":"http:\/\/www.riogrande.rs.gov.br\/smed\/?p=20086"},"modified":"2016-12-02T15:03:58","modified_gmt":"2016-12-02T17:03:58","slug":"mostra-de-trabalhos-da-escola-admar-correa","status":"publish","type":"post","link":"https:\/\/www.riogrande.rs.gov.br\/smed\/?p=20086","title":{"rendered":"MOSTRA DE TRABALHOS DA ESCOLA ADMAR CORR\u00caA"},"content":{"rendered":"<div id=\"attachment_20087\" style=\"width: 495px\" class=\"wp-caption aligncenter\"><a href=\"http:\/\/www.riogrande.rs.gov.br\/smed\/wp-content\/uploads\/2016\/12\/20161202-agora1.jpg\" rel=\"lightbox[20086]\"><img loading=\"lazy\" decoding=\"async\" aria-describedby=\"caption-attachment-20087\" class=\"size-medium wp-image-20087\" src=\"http:\/\/www.riogrande.rs.gov.br\/smed\/wp-content\/uploads\/2016\/12\/20161202-agora1-485x364.jpg\" alt=\"Divulga\u00e7\u00e3o\" width=\"485\" height=\"364\" srcset=\"https:\/\/www.riogrande.rs.gov.br\/smed\/wp-content\/uploads\/2016\/12\/20161202-agora1-485x364.jpg 485w, https:\/\/www.riogrande.rs.gov.br\/smed\/wp-content\/uploads\/2016\/12\/20161202-agora1-276x207.jpg 276w, https:\/\/www.riogrande.rs.gov.br\/smed\/wp-content\/uploads\/2016\/12\/20161202-agora1.jpg 640w\" sizes=\"(max-width: 485px) 100vw, 485px\" \/><\/a><p id=\"caption-attachment-20087\" class=\"wp-caption-text\">Divulga\u00e7\u00e3o<\/p><\/div>\n<p style=\"text-align: justify;\">Fonte: <a href=\"http:\/\/jornalagora.com.br\/site\/content\/noticias\/detalhe.php?e=1&amp;n=91650\" target=\"_blank\"><strong>www.jornalagora.com.br<\/strong><\/a><\/p>\n<p style=\"text-align: justify;\">Em parceria com a QGI Brasil, a Escola Municipal Admar Corr\u00eaa realizou a Mostra de Trabalhos de fim de ano letivo. Na ocasi\u00e3o, os pais puderam apreciar os trabalhos realizados pelos alunos do 1\u00ba ao 9\u00ba ano, no segundo semestre letivo, al\u00e9m de conversas e interc\u00e2mbio cultural, possibilitando a uni\u00e3o da fam\u00edlia com a escola.<\/p>\n<p style=\"text-align: justify;\"><!--more--><\/p>\n<p style=\"text-align: justify;\">\n<p style=\"text-align: justify;\">Durante o semestre, os alunos trataram de temas sobre cidadania e valores, ecologia, literatura, fam\u00edlia e consci\u00eancia negra. Para ilustrar o m\u00eas da consci\u00eancia negra, a mostra proporcionou uma conversa entre os alunos e Mouhamed Dame Diop, um senegal\u00eas que mora h\u00e1 3 anos na cidade. Tamb\u00e9m, como parte do interc\u00e2mbio cultural, houve uma conversa com alunos de uma escola bil\u00edngue para deficientes auditivos.<\/p>\n<p style=\"text-align: justify;\">A QGI Brasil foi homenageada durante o evento, pela parceria proporcionada durante o ano. A escola confeccionou um banner com fotos dos projetos apoiados pela empresa, tais como Atletas da Cidadania, Sacola Liter\u00e1ria, passeios e eventos culturais, al\u00e9m do projeto de melhoria financiado pela QGI, como a pintura colorida no p\u00e1tio da escola e tamb\u00e9m o paisagismo de plantas ornamentais, que proporcionam um espa\u00e7o mais colorido e divertido para o lazer dos pequenos.<\/p>\n","protected":false},"excerpt":{"rendered":"<p>Fonte: www.jornalagora.com.br Em parceria com a QGI Brasil, a Escola Municipal Admar Corr\u00eaa realizou a Mostra de Trabalhos de fim de ano letivo. Na ocasi\u00e3o, os pais puderam apreciar os trabalhos realizados pelos alunos do 1\u00ba ao 9\u00ba ano, no segundo semestre letivo, al\u00e9m de conversas e interc\u00e2mbio cultural, possibilitando a uni\u00e3o da fam\u00edlia com [&hellip;]<\/p>\n","protected":false},"author":7,"featured_media":0,"comment_status":"closed","ping_status":"closed","sticky":false,"template":"","format":"standard","meta":{"footnotes":""},"categories":[1],"tags":[],"class_list":["post-20086","post","type-post","status-publish","format-standard","hentry","category-noticias"],"_links":{"self":[{"href":"https:\/\/www.riogrande.rs.gov.br\/smed\/index.php?rest_route=\/wp\/v2\/posts\/20086"}],"collection":[{"href":"https:\/\/www.riogrande.rs.gov.br\/smed\/index.php?rest_route=\/wp\/v2\/posts"}],"about":[{"href":"https:\/\/www.riogrande.rs.gov.br\/smed\/index.php?rest_route=\/wp\/v2\/types\/post"}],"author":[{"embeddable":true,"href":"https:\/\/www.riogrande.rs.gov.br\/smed\/index.php?rest_route=\/wp\/v2\/users\/7"}],"replies":[{"embeddable":true,"href":"https:\/\/www.riogrande.rs.gov.br\/smed\/index.php?rest_route=%2Fwp%2Fv2%2Fcomments&post=20086"}],"version-history":[{"count":1,"href":"https:\/\/www.riogrande.rs.gov.br\/smed\/index.php?rest_route=\/wp\/v2\/posts\/20086\/revisions"}],"predecessor-version":[{"id":20088,"href":"https:\/\/www.riogrande.rs.gov.br\/smed\/index.php?rest_route=\/wp\/v2\/posts\/20086\/revisions\/20088"}],"wp:attachment":[{"href":"https:\/\/www.riogrande.rs.gov.br\/smed\/index.php?rest_route=%2Fwp%2Fv2%2Fmedia&parent=20086"}],"wp:term":[{"taxonomy":"category","embeddable":true,"href":"https:\/\/www.riogrande.rs.gov.br\/smed\/index.php?rest_route=%2Fwp%2Fv2%2Fcategories&post=20086"},{"taxonomy":"post_tag","embeddable":true,"href":"https:\/\/www.riogrande.rs.gov.br\/smed\/index.php?rest_route=%2Fwp%2Fv2%2Ftags&post=20086"}],"curies":[{"name":"wp","href":"https:\/\/api.w.org\/{rel}","templated":true}]}}