{"id":19016,"date":"2016-06-30T17:11:00","date_gmt":"2016-06-30T20:11:00","guid":{"rendered":"http:\/\/www.riogrande.rs.gov.br\/smed\/?p=19016"},"modified":"2016-06-30T17:11:00","modified_gmt":"2016-06-30T20:11:00","slug":"alunos-da-eja-da-emef-assis-brasil-visitaram-o-ceamecim","status":"publish","type":"post","link":"https:\/\/www.riogrande.rs.gov.br\/smed\/?p=19016","title":{"rendered":"Alunos da EJA da EMEF Assis Brasil visitaram o Ceamecim"},"content":{"rendered":"\n\t\t<style type=\"text\/css\">\n\t\t\t#gallery-1 {\n\t\t\t\tmargin: auto;\n\t\t\t}\n\t\t\t#gallery-1 .gallery-item {\n\t\t\t\tfloat: left;\n\t\t\t\tmargin-top: 10px;\n\t\t\t\ttext-align: center;\n\t\t\t\twidth: 33%;\n\t\t\t}\n\t\t\t#gallery-1 img {\n\t\t\t\tborder: 2px solid #cfcfcf;\n\t\t\t}\n\t\t\t#gallery-1 .gallery-caption {\n\t\t\t\tmargin-left: 0;\n\t\t\t}\n\t\t\t\/* see gallery_shortcode() in wp-includes\/media.php *\/\n\t\t<\/style>\n\t\t<div id='gallery-1' class='gallery galleryid-19016 gallery-columns-3 gallery-size-thumbnail'><dl class='gallery-item'>\n\t\t\t<dt class='gallery-icon portrait'>\n\t\t\t\t<a href='https:\/\/www.riogrande.rs.gov.br\/smed\/wp-content\/uploads\/2016\/06\/20160630-ped-assis-image00-e1467317380788.jpg' rel=\"lightbox[19016]\"><img loading=\"lazy\" decoding=\"async\" width=\"150\" height=\"150\" src=\"https:\/\/www.riogrande.rs.gov.br\/smed\/wp-content\/uploads\/2016\/06\/20160630-ped-assis-image00-e1467317380788-150x150.jpg\" class=\"attachment-thumbnail size-thumbnail\" alt=\"\" aria-describedby=\"gallery-1-19017\" \/><\/a>\n\t\t\t<\/dt>\n\t\t\t\t<dd class='wp-caption-text gallery-caption' id='gallery-1-19017'>\n\t\t\t\tCr\u00e9dito: EMEF Assis Brasil\n\t\t\t\t<\/dd><\/dl><dl class='gallery-item'>\n\t\t\t<dt class='gallery-icon landscape'>\n\t\t\t\t<a href='https:\/\/www.riogrande.rs.gov.br\/smed\/wp-content\/uploads\/2016\/06\/20160630-ped-assis-image01-e1467317386725.jpg' rel=\"lightbox[19016]\"><img loading=\"lazy\" decoding=\"async\" width=\"150\" height=\"150\" src=\"https:\/\/www.riogrande.rs.gov.br\/smed\/wp-content\/uploads\/2016\/06\/20160630-ped-assis-image01-e1467317386725-150x150.jpg\" class=\"attachment-thumbnail size-thumbnail\" alt=\"\" aria-describedby=\"gallery-1-19018\" \/><\/a>\n\t\t\t<\/dt>\n\t\t\t\t<dd class='wp-caption-text gallery-caption' id='gallery-1-19018'>\n\t\t\t\tCr\u00e9dito: EMEF Assis Brasil\n\t\t\t\t<\/dd><\/dl><dl class='gallery-item'>\n\t\t\t<dt class='gallery-icon portrait'>\n\t\t\t\t<a href='https:\/\/www.riogrande.rs.gov.br\/smed\/wp-content\/uploads\/2016\/06\/20160630-ped-assis-image02-e1467317393507.jpg' rel=\"lightbox[19016]\"><img loading=\"lazy\" decoding=\"async\" width=\"150\" height=\"150\" src=\"https:\/\/www.riogrande.rs.gov.br\/smed\/wp-content\/uploads\/2016\/06\/20160630-ped-assis-image02-e1467317393507-150x150.jpg\" class=\"attachment-thumbnail size-thumbnail\" alt=\"\" aria-describedby=\"gallery-1-19019\" \/><\/a>\n\t\t\t<\/dt>\n\t\t\t\t<dd class='wp-caption-text gallery-caption' id='gallery-1-19019'>\n\t\t\t\tCr\u00e9dito: EMEF Assis Brasil\n\t\t\t\t<\/dd><\/dl><br style=\"clear: both\" \/><dl class='gallery-item'>\n\t\t\t<dt class='gallery-icon portrait'>\n\t\t\t\t<a href='https:\/\/www.riogrande.rs.gov.br\/smed\/wp-content\/uploads\/2016\/06\/20160630-ped-assis-image03.jpg' rel=\"lightbox[19016]\"><img loading=\"lazy\" decoding=\"async\" width=\"150\" height=\"150\" src=\"https:\/\/www.riogrande.rs.gov.br\/smed\/wp-content\/uploads\/2016\/06\/20160630-ped-assis-image03-150x150.jpg\" class=\"attachment-thumbnail size-thumbnail\" alt=\"\" aria-describedby=\"gallery-1-19020\" \/><\/a>\n\t\t\t<\/dt>\n\t\t\t\t<dd class='wp-caption-text gallery-caption' id='gallery-1-19020'>\n\t\t\t\tCr\u00e9dito: EMEF Assis Brasil\n\t\t\t\t<\/dd><\/dl><dl class='gallery-item'>\n\t\t\t<dt class='gallery-icon portrait'>\n\t\t\t\t<a href='https:\/\/www.riogrande.rs.gov.br\/smed\/wp-content\/uploads\/2016\/06\/20160630-ped-assis-image04-e1467317402357.jpg' rel=\"lightbox[19016]\"><img loading=\"lazy\" decoding=\"async\" width=\"150\" height=\"150\" src=\"https:\/\/www.riogrande.rs.gov.br\/smed\/wp-content\/uploads\/2016\/06\/20160630-ped-assis-image04-e1467317402357-150x150.jpg\" class=\"attachment-thumbnail size-thumbnail\" alt=\"\" aria-describedby=\"gallery-1-19021\" \/><\/a>\n\t\t\t<\/dt>\n\t\t\t\t<dd class='wp-caption-text gallery-caption' id='gallery-1-19021'>\n\t\t\t\tCr\u00e9dito: EMEF Assis Brasil\n\t\t\t\t<\/dd><\/dl><dl class='gallery-item'>\n\t\t\t<dt class='gallery-icon portrait'>\n\t\t\t\t<a href='https:\/\/www.riogrande.rs.gov.br\/smed\/wp-content\/uploads\/2016\/06\/20160630-ped-assis-image05-e1467317410609.jpg' rel=\"lightbox[19016]\"><img loading=\"lazy\" decoding=\"async\" width=\"150\" height=\"150\" src=\"https:\/\/www.riogrande.rs.gov.br\/smed\/wp-content\/uploads\/2016\/06\/20160630-ped-assis-image05-e1467317410609-150x150.jpg\" class=\"attachment-thumbnail size-thumbnail\" alt=\"\" aria-describedby=\"gallery-1-19022\" \/><\/a>\n\t\t\t<\/dt>\n\t\t\t\t<dd class='wp-caption-text gallery-caption' id='gallery-1-19022'>\n\t\t\t\tCr\u00e9dito: EMEF Assis Brasil\n\t\t\t\t<\/dd><\/dl><br style=\"clear: both\" \/><dl class='gallery-item'>\n\t\t\t<dt class='gallery-icon portrait'>\n\t\t\t\t<a href='https:\/\/www.riogrande.rs.gov.br\/smed\/wp-content\/uploads\/2016\/06\/20160630-ped-assis-image06-e1467317416540.jpg' rel=\"lightbox[19016]\"><img loading=\"lazy\" decoding=\"async\" width=\"150\" height=\"150\" src=\"https:\/\/www.riogrande.rs.gov.br\/smed\/wp-content\/uploads\/2016\/06\/20160630-ped-assis-image06-e1467317416540-150x150.jpg\" class=\"attachment-thumbnail size-thumbnail\" alt=\"\" aria-describedby=\"gallery-1-19023\" \/><\/a>\n\t\t\t<\/dt>\n\t\t\t\t<dd class='wp-caption-text gallery-caption' id='gallery-1-19023'>\n\t\t\t\tCr\u00e9dito: EMEF Assis Brasil\n\t\t\t\t<\/dd><\/dl><dl class='gallery-item'>\n\t\t\t<dt class='gallery-icon portrait'>\n\t\t\t\t<a href='https:\/\/www.riogrande.rs.gov.br\/smed\/wp-content\/uploads\/2016\/06\/20160630-ped-assis-image07-e1467317423315.jpg' rel=\"lightbox[19016]\"><img loading=\"lazy\" decoding=\"async\" width=\"150\" height=\"150\" src=\"https:\/\/www.riogrande.rs.gov.br\/smed\/wp-content\/uploads\/2016\/06\/20160630-ped-assis-image07-e1467317423315-150x150.jpg\" class=\"attachment-thumbnail size-thumbnail\" alt=\"\" aria-describedby=\"gallery-1-19024\" \/><\/a>\n\t\t\t<\/dt>\n\t\t\t\t<dd class='wp-caption-text gallery-caption' id='gallery-1-19024'>\n\t\t\t\tCr\u00e9dito: EMEF Assis Brasil\n\t\t\t\t<\/dd><\/dl><dl class='gallery-item'>\n\t\t\t<dt class='gallery-icon portrait'>\n\t\t\t\t<a href='https:\/\/www.riogrande.rs.gov.br\/smed\/wp-content\/uploads\/2016\/06\/20160630-ped-assis-image08.jpg' rel=\"lightbox[19016]\"><img loading=\"lazy\" decoding=\"async\" width=\"150\" height=\"150\" src=\"https:\/\/www.riogrande.rs.gov.br\/smed\/wp-content\/uploads\/2016\/06\/20160630-ped-assis-image08-150x150.jpg\" class=\"attachment-thumbnail size-thumbnail\" alt=\"\" aria-describedby=\"gallery-1-19025\" \/><\/a>\n\t\t\t<\/dt>\n\t\t\t\t<dd class='wp-caption-text gallery-caption' id='gallery-1-19025'>\n\t\t\t\tCr\u00e9dito: EMEF Assis Brasil\n\t\t\t\t<\/dd><\/dl><br style=\"clear: both\" \/><dl class='gallery-item'>\n\t\t\t<dt class='gallery-icon portrait'>\n\t\t\t\t<a href='https:\/\/www.riogrande.rs.gov.br\/smed\/wp-content\/uploads\/2016\/06\/20160630-ped-assis-image09-e1467317430883.jpg' rel=\"lightbox[19016]\"><img loading=\"lazy\" decoding=\"async\" width=\"150\" height=\"150\" src=\"https:\/\/www.riogrande.rs.gov.br\/smed\/wp-content\/uploads\/2016\/06\/20160630-ped-assis-image09-e1467317430883-150x150.jpg\" class=\"attachment-thumbnail size-thumbnail\" alt=\"\" aria-describedby=\"gallery-1-19026\" \/><\/a>\n\t\t\t<\/dt>\n\t\t\t\t<dd class='wp-caption-text gallery-caption' id='gallery-1-19026'>\n\t\t\t\tCr\u00e9dito: EMEF Assis Brasil\n\t\t\t\t<\/dd><\/dl><dl class='gallery-item'>\n\t\t\t<dt class='gallery-icon portrait'>\n\t\t\t\t<a href='https:\/\/www.riogrande.rs.gov.br\/smed\/wp-content\/uploads\/2016\/06\/20160630-ped-assis-image10-e1467317435261.jpg' rel=\"lightbox[19016]\"><img loading=\"lazy\" decoding=\"async\" width=\"150\" height=\"150\" src=\"https:\/\/www.riogrande.rs.gov.br\/smed\/wp-content\/uploads\/2016\/06\/20160630-ped-assis-image10-e1467317435261-150x150.jpg\" class=\"attachment-thumbnail size-thumbnail\" alt=\"\" aria-describedby=\"gallery-1-19027\" \/><\/a>\n\t\t\t<\/dt>\n\t\t\t\t<dd class='wp-caption-text gallery-caption' id='gallery-1-19027'>\n\t\t\t\tCr\u00e9dito: EMEF Assis Brasil\n\t\t\t\t<\/dd><\/dl><dl class='gallery-item'>\n\t\t\t<dt class='gallery-icon portrait'>\n\t\t\t\t<a href='https:\/\/www.riogrande.rs.gov.br\/smed\/wp-content\/uploads\/2016\/06\/20160630-ped-assis-image11-e1467317440843.jpg' rel=\"lightbox[19016]\"><img loading=\"lazy\" decoding=\"async\" width=\"150\" height=\"150\" src=\"https:\/\/www.riogrande.rs.gov.br\/smed\/wp-content\/uploads\/2016\/06\/20160630-ped-assis-image11-e1467317440843-150x150.jpg\" class=\"attachment-thumbnail size-thumbnail\" alt=\"\" aria-describedby=\"gallery-1-19028\" \/><\/a>\n\t\t\t<\/dt>\n\t\t\t\t<dd class='wp-caption-text gallery-caption' id='gallery-1-19028'>\n\t\t\t\tCr\u00e9dito: EMEF Assis Brasil\n\t\t\t\t<\/dd><\/dl><br style=\"clear: both\" \/>\n\t\t<\/div>\n\n<p style=\"text-align: justify;\"><span style=\"font-weight: 400;\">No dia <\/span><b>23 de junho<\/b><span style=\"font-weight: 400;\">, os(as) alunos(as) do 1\u00ba bloco da <\/span><b>Educa\u00e7\u00e3o de Jovens e Adultos <\/b><span style=\"font-weight: 400;\">da Escola Municipal de Ensino Fundamental <\/span><b>Assis Brasil<\/b><span style=\"font-weight: 400;\">, acompanhados pelas professoras Fabiane Branco, Luciana Kubaski e Carla Silva, visitaram o Centro de Educa\u00e7\u00e3o Ambiental, Ci\u00eancias e Matem\u00e1tica (Ceamecim), da Universidade Federal do Rio Grande (FURG).<\/span><\/p>\n<p style=\"text-align: justify;\"><!--more--><\/p>\n<p style=\"text-align: justify;\">\n<p style=\"text-align: justify;\"><span style=\"font-weight: 400;\">Na oportunidade, participaram da \u201c<\/span><b>Aventura pelo Corpo Humano<\/b><span style=\"font-weight: 400;\">\u201d, atividade desenvolvida pelo Ceamecim, que tem \u00a0como objetivo mostrar o corpo humano de forma integrada, ou seja: todos os sistemas do corpo s\u00e3o apresentados se inter-relacionando. A ideia \u00e9 mostrar os corpos de homens, mulheres, meninos e meninas vivenciando situa\u00e7\u00f5es do cotidiano: que tem sede, que faz xixi, tem sono, come o que gosta, que sua quando corre, que sente prazer, dor, desejo, que se emociona e que se modifica ao longo do tempo.<\/span><\/p>\n<p style=\"text-align: justify;\"><span style=\"font-weight: 400;\">\u201c<\/span><b>Ap\u00f3s, todos partimos para o \u201cRU\u201d (restaurante universit\u00e1rio), onde jantamos e alimentamos o desejo de pertencer \u00e0 Universidade. Algumas falas, do tipo: &#8220;Ainda vou estudar aqui&#8221;, nos d\u00e3o a certeza de que estamos no caminho certo e que somente a educa\u00e7\u00e3o ser\u00e1 capaz de produzir mudan\u00e7as<\/b><span style=\"font-weight: 400;\">\u201d, destacou a professora Fabiane Branco.<\/span><\/p>\n<p style=\"text-align: justify;\"><span style=\"font-weight: 400;\">\u201c<\/span><b>Agradecemos \u00e0 Pr\u00f3-Reitoria de Assuntos Estudantis (PRAE) da FURG, na pessoa do professor Vilmar Pereira, que concedeu a esses(as) alunos(as) o prazer de pertencer \u00e0 Universidade, mesmo que tenha sido por pouco tempo, mas com o ideal de um dia realizar esse sonho<\/b><span style=\"font-weight: 400;\">\u201d, finalizaram as representantes da EMEF Assis Brasil.<\/span><\/p>\n<p style=\"text-align: right;\">\n<p style=\"text-align: right;\"><em>SMEd<\/em><br \/>\n<em> Roberton Reis<\/em><br \/>\n<em> Com informa\u00e7\u00f5es da EMEF Assis Brasil<\/em><\/p>\n","protected":false},"excerpt":{"rendered":"<p>No dia 23 de junho, os(as) alunos(as) do 1\u00ba bloco da Educa\u00e7\u00e3o de Jovens e Adultos da Escola Municipal de Ensino Fundamental Assis Brasil, acompanhados pelas professoras Fabiane Branco, Luciana Kubaski e Carla Silva, visitaram o Centro de Educa\u00e7\u00e3o Ambiental, Ci\u00eancias e Matem\u00e1tica (Ceamecim), da Universidade Federal do Rio Grande (FURG).<\/p>\n","protected":false},"author":7,"featured_media":0,"comment_status":"closed","ping_status":"closed","sticky":false,"template":"","format":"standard","meta":{"footnotes":""},"categories":[1,13],"tags":[],"class_list":["post-19016","post","type-post","status-publish","format-standard","hentry","category-noticias","category-pedagogico"],"_links":{"self":[{"href":"https:\/\/www.riogrande.rs.gov.br\/smed\/index.php?rest_route=\/wp\/v2\/posts\/19016"}],"collection":[{"href":"https:\/\/www.riogrande.rs.gov.br\/smed\/index.php?rest_route=\/wp\/v2\/posts"}],"about":[{"href":"https:\/\/www.riogrande.rs.gov.br\/smed\/index.php?rest_route=\/wp\/v2\/types\/post"}],"author":[{"embeddable":true,"href":"https:\/\/www.riogrande.rs.gov.br\/smed\/index.php?rest_route=\/wp\/v2\/users\/7"}],"replies":[{"embeddable":true,"href":"https:\/\/www.riogrande.rs.gov.br\/smed\/index.php?rest_route=%2Fwp%2Fv2%2Fcomments&post=19016"}],"version-history":[{"count":2,"href":"https:\/\/www.riogrande.rs.gov.br\/smed\/index.php?rest_route=\/wp\/v2\/posts\/19016\/revisions"}],"predecessor-version":[{"id":19094,"href":"https:\/\/www.riogrande.rs.gov.br\/smed\/index.php?rest_route=\/wp\/v2\/posts\/19016\/revisions\/19094"}],"wp:attachment":[{"href":"https:\/\/www.riogrande.rs.gov.br\/smed\/index.php?rest_route=%2Fwp%2Fv2%2Fmedia&parent=19016"}],"wp:term":[{"taxonomy":"category","embeddable":true,"href":"https:\/\/www.riogrande.rs.gov.br\/smed\/index.php?rest_route=%2Fwp%2Fv2%2Fcategories&post=19016"},{"taxonomy":"post_tag","embeddable":true,"href":"https:\/\/www.riogrande.rs.gov.br\/smed\/index.php?rest_route=%2Fwp%2Fv2%2Ftags&post=19016"}],"curies":[{"name":"wp","href":"https:\/\/api.w.org\/{rel}","templated":true}]}}