{"id":19012,"date":"2016-06-30T17:05:53","date_gmt":"2016-06-30T20:05:53","guid":{"rendered":"http:\/\/www.riogrande.rs.gov.br\/smed\/?p=19012"},"modified":"2016-06-30T17:06:24","modified_gmt":"2016-06-30T20:06:24","slug":"prefeito-recebe-visita-de-alunos-e-direcao-da-escola-municipal-de-ensino-fundamental-renascer","status":"publish","type":"post","link":"https:\/\/www.riogrande.rs.gov.br\/smed\/?p=19012","title":{"rendered":"PREFEITO RECEBE VISITA DE ALUNOS E DIRE\u00c7\u00c3O DA ESCOLA MUNICIPAL DE ENSINO FUNDAMENTAL RENASCER"},"content":{"rendered":"<div id=\"attachment_19013\" style=\"width: 495px\" class=\"wp-caption aligncenter\"><a href=\"http:\/\/www.riogrande.rs.gov.br\/smed\/wp-content\/uploads\/2016\/06\/20160630-pmrg1.jpg\" rel=\"lightbox[19012]\"><img loading=\"lazy\" decoding=\"async\" aria-describedby=\"caption-attachment-19013\" class=\"size-medium wp-image-19013\" src=\"http:\/\/www.riogrande.rs.gov.br\/smed\/wp-content\/uploads\/2016\/06\/20160630-pmrg1-485x364.jpg\" alt=\"Cr\u00e9dito: Savanna Rocha\" width=\"485\" height=\"364\" srcset=\"https:\/\/www.riogrande.rs.gov.br\/smed\/wp-content\/uploads\/2016\/06\/20160630-pmrg1-485x364.jpg 485w, https:\/\/www.riogrande.rs.gov.br\/smed\/wp-content\/uploads\/2016\/06\/20160630-pmrg1-276x207.jpg 276w, https:\/\/www.riogrande.rs.gov.br\/smed\/wp-content\/uploads\/2016\/06\/20160630-pmrg1.jpg 700w\" sizes=\"(max-width: 485px) 100vw, 485px\" \/><\/a><p id=\"caption-attachment-19013\" class=\"wp-caption-text\">Cr\u00e9dito: Savanna Rocha<\/p><\/div>\n<p style=\"text-align: justify;\">Fonte: <a href=\"http:\/\/www.riogrande.rs.gov.br\/pagina\/index.php\/noticias\/detalhes+12cf9f1,,prefeito-recebe-visita-de-alunos-e-direcao-da-escola-municipal-de-ensino-fundamental-renascer.html#.V3V7JHUrKK5\" target=\"_blank\"><strong>www.riogrande.rs.gov.br<\/strong><\/a><\/p>\n<p class=\"sizeable\" style=\"text-align: justify;\"><span class=\"sizeable\">Na manh\u00e3 desta quinta-feira (30) o prefeito Alexandre Lindenmeyer recebeu alunos da Escola Municipal de Ensino Fundamental Renascer, localizada na Ilha dos Marinheiros. O motivo da visita foi a entrega de uma carta escrita por uma aluna, representando a comunidade escolar. A aluna Ester Rauff, do 5\u00ba ano, escreveu a carta em nome da comunidade escolar e da Ilha dos Marinheiros.<\/span><\/p>\n<p class=\"sizeable\" style=\"text-align: justify;\"><!--more--><\/p>\n<p class=\"sizeable\" style=\"text-align: justify;\">Ester relatou ao prefeito o estado em que se encontra um antigo casar\u00e3o da Ilha dos Marinheiros &#8211; em ru\u00ednas e coberto por vegeta\u00e7\u00e3o. O lugar hist\u00f3rico onde h\u00e1 vest\u00edgios da passagem de pessoas escravizadas, tamb\u00e9m teria sido um quilombo e frequentado por Dom Pedro II. Ester questiona na carta se a popula\u00e7\u00e3o conhece a hist\u00f3ria do local, e pede \u00e0 Prefeitura Municipal uma intermedia\u00e7\u00e3o com o propriet\u00e1rio do casar\u00e3o, para que n\u00e3o se perca o valor hist\u00f3rico da casa, que hoje tem dif\u00edcil acesso \u00e0 visita\u00e7\u00e3o.<\/p>\n<p class=\"sizeable\" style=\"text-align: justify;\">Na ocasi\u00e3o, o prefeito leu a carta da aluna e contou hist\u00f3rias sobre o Rio Grande, o munic\u00edpio mais antigo do estado. A diretora da escola, Aline Ara\u00fajo Minasi, acompanhava as crian\u00e7as e tamb\u00e9m relatou fatos sobre o per\u00edodo de escravid\u00e3o no Munic\u00edpio. Como resposta ao pedido da comunidade escolar, o prefeito disse que far\u00e1 uma visita ao local e tentar\u00e1 contato com o propriet\u00e1rio do espa\u00e7o.<\/p>\n<p style=\"text-align: right;\"><em>Assessoria de Comunica\u00e7\u00e3o\/PMRG<\/em><\/p>\n","protected":false},"excerpt":{"rendered":"<p>Fonte: www.riogrande.rs.gov.br Na manh\u00e3 desta quinta-feira (30) o prefeito Alexandre Lindenmeyer recebeu alunos da Escola Municipal de Ensino Fundamental Renascer, localizada na Ilha dos Marinheiros. O motivo da visita foi a entrega de uma carta escrita por uma aluna, representando a comunidade escolar. A aluna Ester Rauff, do 5\u00ba ano, escreveu a carta em nome [&hellip;]<\/p>\n","protected":false},"author":7,"featured_media":0,"comment_status":"closed","ping_status":"closed","sticky":false,"template":"","format":"standard","meta":{"footnotes":""},"categories":[1,13],"tags":[],"class_list":["post-19012","post","type-post","status-publish","format-standard","hentry","category-noticias","category-pedagogico"],"_links":{"self":[{"href":"https:\/\/www.riogrande.rs.gov.br\/smed\/index.php?rest_route=\/wp\/v2\/posts\/19012"}],"collection":[{"href":"https:\/\/www.riogrande.rs.gov.br\/smed\/index.php?rest_route=\/wp\/v2\/posts"}],"about":[{"href":"https:\/\/www.riogrande.rs.gov.br\/smed\/index.php?rest_route=\/wp\/v2\/types\/post"}],"author":[{"embeddable":true,"href":"https:\/\/www.riogrande.rs.gov.br\/smed\/index.php?rest_route=\/wp\/v2\/users\/7"}],"replies":[{"embeddable":true,"href":"https:\/\/www.riogrande.rs.gov.br\/smed\/index.php?rest_route=%2Fwp%2Fv2%2Fcomments&post=19012"}],"version-history":[{"count":2,"href":"https:\/\/www.riogrande.rs.gov.br\/smed\/index.php?rest_route=\/wp\/v2\/posts\/19012\/revisions"}],"predecessor-version":[{"id":19015,"href":"https:\/\/www.riogrande.rs.gov.br\/smed\/index.php?rest_route=\/wp\/v2\/posts\/19012\/revisions\/19015"}],"wp:attachment":[{"href":"https:\/\/www.riogrande.rs.gov.br\/smed\/index.php?rest_route=%2Fwp%2Fv2%2Fmedia&parent=19012"}],"wp:term":[{"taxonomy":"category","embeddable":true,"href":"https:\/\/www.riogrande.rs.gov.br\/smed\/index.php?rest_route=%2Fwp%2Fv2%2Fcategories&post=19012"},{"taxonomy":"post_tag","embeddable":true,"href":"https:\/\/www.riogrande.rs.gov.br\/smed\/index.php?rest_route=%2Fwp%2Fv2%2Ftags&post=19012"}],"curies":[{"name":"wp","href":"https:\/\/api.w.org\/{rel}","templated":true}]}}