{"id":18974,"date":"2016-06-28T15:51:43","date_gmt":"2016-06-28T18:51:43","guid":{"rendered":"http:\/\/www.riogrande.rs.gov.br\/smed\/?p=18974"},"modified":"2016-06-28T15:51:57","modified_gmt":"2016-06-28T18:51:57","slug":"ntm-da-smed-realizou-1a-oficina-do-iii-festival-de-video-estudantil-de-rio-grande-2016","status":"publish","type":"post","link":"https:\/\/www.riogrande.rs.gov.br\/smed\/?p=18974","title":{"rendered":"NTM da SMEd realizou 1\u00aa Oficina do  \u201cIII Festival de V\u00eddeo Estudantil de Rio Grande 2016\u201d"},"content":{"rendered":"\n\t\t<style type=\"text\/css\">\n\t\t\t#gallery-1 {\n\t\t\t\tmargin: auto;\n\t\t\t}\n\t\t\t#gallery-1 .gallery-item {\n\t\t\t\tfloat: left;\n\t\t\t\tmargin-top: 10px;\n\t\t\t\ttext-align: center;\n\t\t\t\twidth: 33%;\n\t\t\t}\n\t\t\t#gallery-1 img {\n\t\t\t\tborder: 2px solid #cfcfcf;\n\t\t\t}\n\t\t\t#gallery-1 .gallery-caption {\n\t\t\t\tmargin-left: 0;\n\t\t\t}\n\t\t\t\/* see gallery_shortcode() in wp-includes\/media.php *\/\n\t\t<\/style>\n\t\t<div id='gallery-1' class='gallery galleryid-18974 gallery-columns-3 gallery-size-thumbnail'><dl class='gallery-item'>\n\t\t\t<dt class='gallery-icon landscape'>\n\t\t\t\t<a href='https:\/\/www.riogrande.rs.gov.br\/smed\/wp-content\/uploads\/2016\/06\/20160628-ped-ntm-image00.jpg' rel=\"lightbox[18974]\"><img loading=\"lazy\" decoding=\"async\" width=\"150\" height=\"150\" src=\"https:\/\/www.riogrande.rs.gov.br\/smed\/wp-content\/uploads\/2016\/06\/20160628-ped-ntm-image00-150x150.jpg\" class=\"attachment-thumbnail size-thumbnail\" alt=\"\" aria-describedby=\"gallery-1-18975\" \/><\/a>\n\t\t\t<\/dt>\n\t\t\t\t<dd class='wp-caption-text gallery-caption' id='gallery-1-18975'>\n\t\t\t\tCr\u00e9dito: NTM\n\t\t\t\t<\/dd><\/dl><dl class='gallery-item'>\n\t\t\t<dt class='gallery-icon landscape'>\n\t\t\t\t<a href='https:\/\/www.riogrande.rs.gov.br\/smed\/wp-content\/uploads\/2016\/06\/20160628-ped-ntm-image01.jpg' rel=\"lightbox[18974]\"><img loading=\"lazy\" decoding=\"async\" width=\"150\" height=\"150\" src=\"https:\/\/www.riogrande.rs.gov.br\/smed\/wp-content\/uploads\/2016\/06\/20160628-ped-ntm-image01-150x150.jpg\" class=\"attachment-thumbnail size-thumbnail\" alt=\"\" aria-describedby=\"gallery-1-18976\" \/><\/a>\n\t\t\t<\/dt>\n\t\t\t\t<dd class='wp-caption-text gallery-caption' id='gallery-1-18976'>\n\t\t\t\tCr\u00e9dito: NTM\n\t\t\t\t<\/dd><\/dl><dl class='gallery-item'>\n\t\t\t<dt class='gallery-icon landscape'>\n\t\t\t\t<a href='https:\/\/www.riogrande.rs.gov.br\/smed\/wp-content\/uploads\/2016\/06\/20160628-ped-ntm-image02.jpg' rel=\"lightbox[18974]\"><img loading=\"lazy\" decoding=\"async\" width=\"150\" height=\"150\" src=\"https:\/\/www.riogrande.rs.gov.br\/smed\/wp-content\/uploads\/2016\/06\/20160628-ped-ntm-image02-150x150.jpg\" class=\"attachment-thumbnail size-thumbnail\" alt=\"\" aria-describedby=\"gallery-1-18977\" \/><\/a>\n\t\t\t<\/dt>\n\t\t\t\t<dd class='wp-caption-text gallery-caption' id='gallery-1-18977'>\n\t\t\t\tCr\u00e9dito: NTM\n\t\t\t\t<\/dd><\/dl><br style=\"clear: both\" \/>\n\t\t<\/div>\n\n<p style=\"text-align: justify;\"><span style=\"font-weight: 400;\">No dia <\/span><b>11 de junho<\/b><span style=\"font-weight: 400;\">, o N\u00facleo de Tecnologia Municipal (NTM) da Secretaria de Munic\u00edpio da Educa\u00e7\u00e3o de Rio Grande (SMEd) realizou a 1\u00aa oficina referente ao \u201c<\/span><b>III Festival de V\u00eddeo Estudantil de Rio Grande 2016<\/b><span style=\"font-weight: 400;\">\u201d, a qual contou com a presen\u00e7a do professor Josias Pereira, do Curso de Cinema e Audiovisual da Universidade Federal de Pelotas (UFPel).<\/span><\/p>\n<p style=\"text-align: justify;\"><!--more--><\/p>\n<p style=\"text-align: justify;\">\n<p style=\"text-align: justify;\"><span style=\"font-weight: 400;\">O encontro aconteceu no Laborat\u00f3rio de Inform\u00e1tica do Centro de Forma\u00e7\u00e3o para a Diversidade Cultural e Inclus\u00e3o \u00a0Escola Viva. O III Festival de V\u00eddeo Estudantil de Rio Grande \u00e9 uma iniciativa do Curso de Cinema e Audiovisual da UFPel, em parceria com o N\u00facleo de Tecnologia Municipal da SMEd, que objetiva motivar a produ\u00e7\u00e3o audiovisual, desenvolvendo a leitura de diversos g\u00eaneros textuais e audiovisuais como atividades pedag\u00f3gicas vinculadas ao curr\u00edculo escolar.<\/span><\/p>\n<p style=\"text-align: right;\"><em>SMEd<\/em><br \/>\n<em> Roberton Reis<\/em><br \/>\n<em> Com informa\u00e7\u00f5es do NTM<\/em><\/p>\n","protected":false},"excerpt":{"rendered":"<p>No dia 11 de junho, o N\u00facleo de Tecnologia Municipal (NTM) da Secretaria de Munic\u00edpio da Educa\u00e7\u00e3o de Rio Grande (SMEd) realizou a 1\u00aa oficina referente ao \u201cIII Festival de V\u00eddeo Estudantil de Rio Grande 2016\u201d, a qual contou com a presen\u00e7a do professor Josias Pereira, do Curso de Cinema e Audiovisual da Universidade Federal [&hellip;]<\/p>\n","protected":false},"author":7,"featured_media":0,"comment_status":"closed","ping_status":"closed","sticky":false,"template":"","format":"standard","meta":{"footnotes":""},"categories":[1,13],"tags":[],"class_list":["post-18974","post","type-post","status-publish","format-standard","hentry","category-noticias","category-pedagogico"],"_links":{"self":[{"href":"https:\/\/www.riogrande.rs.gov.br\/smed\/index.php?rest_route=\/wp\/v2\/posts\/18974"}],"collection":[{"href":"https:\/\/www.riogrande.rs.gov.br\/smed\/index.php?rest_route=\/wp\/v2\/posts"}],"about":[{"href":"https:\/\/www.riogrande.rs.gov.br\/smed\/index.php?rest_route=\/wp\/v2\/types\/post"}],"author":[{"embeddable":true,"href":"https:\/\/www.riogrande.rs.gov.br\/smed\/index.php?rest_route=\/wp\/v2\/users\/7"}],"replies":[{"embeddable":true,"href":"https:\/\/www.riogrande.rs.gov.br\/smed\/index.php?rest_route=%2Fwp%2Fv2%2Fcomments&post=18974"}],"version-history":[{"count":2,"href":"https:\/\/www.riogrande.rs.gov.br\/smed\/index.php?rest_route=\/wp\/v2\/posts\/18974\/revisions"}],"predecessor-version":[{"id":18979,"href":"https:\/\/www.riogrande.rs.gov.br\/smed\/index.php?rest_route=\/wp\/v2\/posts\/18974\/revisions\/18979"}],"wp:attachment":[{"href":"https:\/\/www.riogrande.rs.gov.br\/smed\/index.php?rest_route=%2Fwp%2Fv2%2Fmedia&parent=18974"}],"wp:term":[{"taxonomy":"category","embeddable":true,"href":"https:\/\/www.riogrande.rs.gov.br\/smed\/index.php?rest_route=%2Fwp%2Fv2%2Fcategories&post=18974"},{"taxonomy":"post_tag","embeddable":true,"href":"https:\/\/www.riogrande.rs.gov.br\/smed\/index.php?rest_route=%2Fwp%2Fv2%2Ftags&post=18974"}],"curies":[{"name":"wp","href":"https:\/\/api.w.org\/{rel}","templated":true}]}}