{"id":18947,"date":"2016-06-27T17:03:54","date_gmt":"2016-06-27T20:03:54","guid":{"rendered":"http:\/\/www.riogrande.rs.gov.br\/smed\/?p=18947"},"modified":"2016-06-27T17:06:37","modified_gmt":"2016-06-27T20:06:37","slug":"ntm-da-smed-participou-das-atividades-em-comemoracao-aos-35-anos-do-ceamecim","status":"publish","type":"post","link":"https:\/\/www.riogrande.rs.gov.br\/smed\/?p=18947","title":{"rendered":"NTM da SMEd participou das atividades em comemora\u00e7\u00e3o aos 35 anos do Ceamecim"},"content":{"rendered":"\n\t\t<style type=\"text\/css\">\n\t\t\t#gallery-1 {\n\t\t\t\tmargin: auto;\n\t\t\t}\n\t\t\t#gallery-1 .gallery-item {\n\t\t\t\tfloat: left;\n\t\t\t\tmargin-top: 10px;\n\t\t\t\ttext-align: center;\n\t\t\t\twidth: 50%;\n\t\t\t}\n\t\t\t#gallery-1 img {\n\t\t\t\tborder: 2px solid #cfcfcf;\n\t\t\t}\n\t\t\t#gallery-1 .gallery-caption {\n\t\t\t\tmargin-left: 0;\n\t\t\t}\n\t\t\t\/* see gallery_shortcode() in wp-includes\/media.php *\/\n\t\t<\/style>\n\t\t<div id='gallery-1' class='gallery galleryid-18947 gallery-columns-2 gallery-size-thumbnail'><dl class='gallery-item'>\n\t\t\t<dt class='gallery-icon landscape'>\n\t\t\t\t<a href='https:\/\/www.riogrande.rs.gov.br\/smed\/wp-content\/uploads\/2016\/06\/20160627-ped-ceamecim-image00.jpg' rel=\"lightbox[18947]\"><img loading=\"lazy\" decoding=\"async\" width=\"150\" height=\"150\" src=\"https:\/\/www.riogrande.rs.gov.br\/smed\/wp-content\/uploads\/2016\/06\/20160627-ped-ceamecim-image00-150x150.jpg\" class=\"attachment-thumbnail size-thumbnail\" alt=\"\" aria-describedby=\"gallery-1-18948\" \/><\/a>\n\t\t\t<\/dt>\n\t\t\t\t<dd class='wp-caption-text gallery-caption' id='gallery-1-18948'>\n\t\t\t\tCr\u00e9dito: NTM\n\t\t\t\t<\/dd><\/dl><dl class='gallery-item'>\n\t\t\t<dt class='gallery-icon landscape'>\n\t\t\t\t<a href='https:\/\/www.riogrande.rs.gov.br\/smed\/wp-content\/uploads\/2016\/06\/20160627-ped-ceamecim-image01.jpg' rel=\"lightbox[18947]\"><img loading=\"lazy\" decoding=\"async\" width=\"150\" height=\"150\" src=\"https:\/\/www.riogrande.rs.gov.br\/smed\/wp-content\/uploads\/2016\/06\/20160627-ped-ceamecim-image01-150x150.jpg\" class=\"attachment-thumbnail size-thumbnail\" alt=\"\" aria-describedby=\"gallery-1-18949\" \/><\/a>\n\t\t\t<\/dt>\n\t\t\t\t<dd class='wp-caption-text gallery-caption' id='gallery-1-18949'>\n\t\t\t\tCr\u00e9dito: NTM\n\t\t\t\t<\/dd><\/dl><br style=\"clear: both\" \/><dl class='gallery-item'>\n\t\t\t<dt class='gallery-icon landscape'>\n\t\t\t\t<a href='https:\/\/www.riogrande.rs.gov.br\/smed\/wp-content\/uploads\/2016\/06\/20160627-ped-ceamecim-image02.jpg' rel=\"lightbox[18947]\"><img loading=\"lazy\" decoding=\"async\" width=\"150\" height=\"150\" src=\"https:\/\/www.riogrande.rs.gov.br\/smed\/wp-content\/uploads\/2016\/06\/20160627-ped-ceamecim-image02-150x150.jpg\" class=\"attachment-thumbnail size-thumbnail\" alt=\"\" aria-describedby=\"gallery-1-18950\" \/><\/a>\n\t\t\t<\/dt>\n\t\t\t\t<dd class='wp-caption-text gallery-caption' id='gallery-1-18950'>\n\t\t\t\tCr\u00e9dito: NTM\n\t\t\t\t<\/dd><\/dl><dl class='gallery-item'>\n\t\t\t<dt class='gallery-icon landscape'>\n\t\t\t\t<a href='https:\/\/www.riogrande.rs.gov.br\/smed\/wp-content\/uploads\/2016\/06\/20160627-ped-ceamecim-image03.jpg' rel=\"lightbox[18947]\"><img loading=\"lazy\" decoding=\"async\" width=\"150\" height=\"150\" src=\"https:\/\/www.riogrande.rs.gov.br\/smed\/wp-content\/uploads\/2016\/06\/20160627-ped-ceamecim-image03-150x150.jpg\" class=\"attachment-thumbnail size-thumbnail\" alt=\"\" aria-describedby=\"gallery-1-18951\" \/><\/a>\n\t\t\t<\/dt>\n\t\t\t\t<dd class='wp-caption-text gallery-caption' id='gallery-1-18951'>\n\t\t\t\tCr\u00e9dito: NTM\n\t\t\t\t<\/dd><\/dl><br style=\"clear: both\" \/>\n\t\t<\/div>\n\n<p style=\"text-align: justify;\"><span style=\"font-weight: 400;\">No dia <\/span><b>10 de junho<\/b><span style=\"font-weight: 400;\">, o N\u00facleo de Tecnologia Municipal (NTM) da Secretaria de Munic\u00edpio da Educa\u00e7\u00e3o de Rio Grande participou, com o <\/span><b>\u00d4nibus de Inclus\u00e3o Digital<\/b><span style=\"font-weight: 400;\">, das atividades em comemora\u00e7\u00e3o aos 35 anos do Centro de Educa\u00e7\u00e3o Ambiental, Ci\u00eancias e Matem\u00e1tica (Ceamecim), da Universidade Federal do Rio Grande (FURG), as quais foram desenvolvidas com os alunos das escolas da rede p\u00fablica municipal de ensino.<\/span><\/p>\n<p style=\"text-align: right;\"><em>SMEd<\/em><br \/>\n<em> Roberton Reis<\/em><br \/>\n<em> Com informa\u00e7\u00f5es do NTM<\/em><\/p>\n","protected":false},"excerpt":{"rendered":"<p>No dia 10 de junho, o N\u00facleo de Tecnologia Municipal (NTM) da Secretaria de Munic\u00edpio da Educa\u00e7\u00e3o de Rio Grande participou, com o \u00d4nibus de Inclus\u00e3o Digital, das atividades em comemora\u00e7\u00e3o aos 35 anos do Centro de Educa\u00e7\u00e3o Ambiental, Ci\u00eancias e Matem\u00e1tica (Ceamecim), da Universidade Federal do Rio Grande (FURG), as quais foram desenvolvidas com [&hellip;]<\/p>\n","protected":false},"author":7,"featured_media":0,"comment_status":"closed","ping_status":"closed","sticky":false,"template":"","format":"standard","meta":{"footnotes":""},"categories":[1,13],"tags":[],"class_list":["post-18947","post","type-post","status-publish","format-standard","hentry","category-noticias","category-pedagogico"],"_links":{"self":[{"href":"https:\/\/www.riogrande.rs.gov.br\/smed\/index.php?rest_route=\/wp\/v2\/posts\/18947"}],"collection":[{"href":"https:\/\/www.riogrande.rs.gov.br\/smed\/index.php?rest_route=\/wp\/v2\/posts"}],"about":[{"href":"https:\/\/www.riogrande.rs.gov.br\/smed\/index.php?rest_route=\/wp\/v2\/types\/post"}],"author":[{"embeddable":true,"href":"https:\/\/www.riogrande.rs.gov.br\/smed\/index.php?rest_route=\/wp\/v2\/users\/7"}],"replies":[{"embeddable":true,"href":"https:\/\/www.riogrande.rs.gov.br\/smed\/index.php?rest_route=%2Fwp%2Fv2%2Fcomments&post=18947"}],"version-history":[{"count":2,"href":"https:\/\/www.riogrande.rs.gov.br\/smed\/index.php?rest_route=\/wp\/v2\/posts\/18947\/revisions"}],"predecessor-version":[{"id":18953,"href":"https:\/\/www.riogrande.rs.gov.br\/smed\/index.php?rest_route=\/wp\/v2\/posts\/18947\/revisions\/18953"}],"wp:attachment":[{"href":"https:\/\/www.riogrande.rs.gov.br\/smed\/index.php?rest_route=%2Fwp%2Fv2%2Fmedia&parent=18947"}],"wp:term":[{"taxonomy":"category","embeddable":true,"href":"https:\/\/www.riogrande.rs.gov.br\/smed\/index.php?rest_route=%2Fwp%2Fv2%2Fcategories&post=18947"},{"taxonomy":"post_tag","embeddable":true,"href":"https:\/\/www.riogrande.rs.gov.br\/smed\/index.php?rest_route=%2Fwp%2Fv2%2Ftags&post=18947"}],"curies":[{"name":"wp","href":"https:\/\/api.w.org\/{rel}","templated":true}]}}