{"id":18938,"date":"2016-06-27T16:19:11","date_gmt":"2016-06-27T19:19:11","guid":{"rendered":"http:\/\/www.riogrande.rs.gov.br\/smed\/?p=18938"},"modified":"2016-06-27T16:19:11","modified_gmt":"2016-06-27T19:19:11","slug":"prefeitura-inaugura-novo-predio-da-emef-cipriano-porto-alegre","status":"publish","type":"post","link":"https:\/\/www.riogrande.rs.gov.br\/smed\/?p=18938","title":{"rendered":"PREFEITURA INAUGURA NOVO PR\u00c9DIO DA EMEF CIPRIANO PORTO ALEGRE"},"content":{"rendered":"<div id=\"attachment_18939\" style=\"width: 495px\" class=\"wp-caption aligncenter\"><a href=\"http:\/\/www.riogrande.rs.gov.br\/smed\/wp-content\/uploads\/2016\/06\/20160627-cipriano.jpg\" rel=\"lightbox[18938]\"><img loading=\"lazy\" decoding=\"async\" aria-describedby=\"caption-attachment-18939\" class=\"size-medium wp-image-18939\" src=\"http:\/\/www.riogrande.rs.gov.br\/smed\/wp-content\/uploads\/2016\/06\/20160627-cipriano-485x272.jpg\" alt=\"Divulga\u00e7\u00e3o\" width=\"485\" height=\"272\" srcset=\"https:\/\/www.riogrande.rs.gov.br\/smed\/wp-content\/uploads\/2016\/06\/20160627-cipriano-485x272.jpg 485w, https:\/\/www.riogrande.rs.gov.br\/smed\/wp-content\/uploads\/2016\/06\/20160627-cipriano-768x431.jpg 768w, https:\/\/www.riogrande.rs.gov.br\/smed\/wp-content\/uploads\/2016\/06\/20160627-cipriano-369x207.jpg 369w, https:\/\/www.riogrande.rs.gov.br\/smed\/wp-content\/uploads\/2016\/06\/20160627-cipriano.jpg 960w\" sizes=\"(max-width: 485px) 100vw, 485px\" \/><\/a><p id=\"caption-attachment-18939\" class=\"wp-caption-text\">Divulga\u00e7\u00e3o<\/p><\/div>\n<p>Fonte: <a href=\"http:\/\/www.riogrande.rs.gov.br\/pagina\/index.php\/noticias\/detalhes+12cc00e,,prefeitura-inaugura-novo-predio-da-emef-cipriano-porto-alegre.html#.V3F5L3UrKK5\" target=\"_blank\"><strong>www.riogrande.rs.gov.br<\/strong><\/a><\/p>\n<p class=\"sizeable\" style=\"text-align: justify;\">A Prefeitura do Rio Grande inaugurou na manh\u00e3 desta segunda-feira (27) a nova sede da Escola Municipal de Ensino Fundamental Cipriano Porto Alegre. O novo pr\u00e9dio da escola est\u00e1 localizado na Rua Peru, s\/n, no Bairro Am\u00e9rica; antes a EMEF funcionava em um pr\u00e9dio na Rua Henrique Pancada.<\/p>\n<p class=\"sizeable\" style=\"text-align: justify;\"><!--more--><\/p>\n<p class=\"sizeable\" style=\"text-align: justify;\">\n<p class=\"sizeable\" style=\"text-align: justify;\">A escola comemora, hoje, 77 anos; motivo pelo qual a administra\u00e7\u00e3o do local escolheu a data para a inaugura\u00e7\u00e3o. O nome da escola \u00e9 uma homenagem ao rio-grandino Cipriano Porto Alegre &#8211; professor, poeta, jornalista e fil\u00f3sofo, que dedicou longos anos de vida \u00e0 educa\u00e7\u00e3o no Munic\u00edpio.<\/p>\n<p class=\"sizeable\" style=\"text-align: justify;\">Durante a cerim\u00f4nia, o prefeito agradeceu a todos os trabalhadores da Educa\u00e7\u00e3o e fez um pedido especial aos alunos: \u201cAproveitem cada minuto dentro destas salas de aula, eles s\u00e3o \u00fanicos, s\u00e3o uma oportunidade de acesso ao conhecimento. Como prefeito de Rio Grande, fico extremamente feliz em ver, n\u00e3o s\u00f3 aqui, mas em toda a Rede de Ensino do Munic\u00edpio a qualidade do ensino oferecido nas escolas, com a dedica\u00e7\u00e3o incans\u00e1vel de professoras e professores. Al\u00e9m da estrutura, o ensino precisa ter tamb\u00e9m alma, vida; e voc\u00eas tem isso, pude v\u00ea-las hoje, aqui, em cada pai, m\u00e3e, aluno, professor e diretor presente\u201d, completou Lindenmeyer.<\/p>\n<p class=\"sizeable\" style=\"text-align: justify;\">A diretora da escola, Rosa Maria Casanova, falou da concretiza\u00e7\u00e3o de um sonho: \u201cHoje estamos aqui, nesta data festiva, concretizando um sonho. Um sonho coletivo. Os alunos s\u00e3o a raz\u00e3o deste dia. A voc\u00eas, pais, agrade\u00e7o a confian\u00e7a depositada em n\u00f3s. \u00c0 equipe da SMEd, o nosso agradecimento especial por todo o empenho. Aos agentes p\u00fablicos, o nosso muito obrigado por compreender que a educa\u00e7\u00e3o \u00e9 transformadora. Essa realiza\u00e7\u00e3o \u00e9 de todos n\u00f3s\u201d, finalizou.<strong>\u00a0<\/strong><\/p>\n<p class=\"sizeable\" style=\"text-align: justify;\"><strong>Estrutura<\/strong><\/p>\n<p class=\"sizeable\" style=\"text-align: justify;\">O complexo escolar da EMEF Cipriano Porto Alegre conta com dois pr\u00e9dios com capacidade para atender mais de 700 alunos, distribu\u00eddos entre a Educa\u00e7\u00e3o Infantil (N\u00edvel I e II), Ensino Fundamental e Educa\u00e7\u00e3o para Jovens e Adultos (EJA). A nova sede da escola oferece aos alunos 23 novas salas de aula, novas classes, salas de recursos, laborat\u00f3rio de inform\u00e1tica, biblioteca, cozinhas, banheiros adaptados, refeit\u00f3rios, quadra de esportes coberta e um espa\u00e7o destinado ao Departamento de Tradi\u00e7\u00f5es Ga\u00fachas (DTG) &#8211; projeto criado pela escola h\u00e1 17 anos, e que tem por objetivo recuperar a tradi\u00e7\u00e3o cultural e trabalhar o desenvolvimento social dos estudantes.<\/p>\n<p class=\"sizeable\" style=\"text-align: justify;\"><strong>Hist\u00f3rico<\/strong><\/p>\n<p class=\"sizeable\" style=\"text-align: justify;\">O local que hoje abriga a nova sede da escola foi constru\u00eddo, em sua origem, para ser um Matadouro Municipal; depois de servir a esta utilidade, no local funcionou uma institui\u00e7\u00e3o que atendia crian\u00e7as e adolescentes em situa\u00e7\u00e3o de vulnerabilidade social \u2013 o Centro Municipal da Crian\u00e7a e do Adolescente (CEMCA). Com a divis\u00e3o da institui\u00e7\u00e3o e sua transfer\u00eancia para outros pr\u00e9dios da cidade, o local ficou desabitado e inutilizado durante anos.<\/p>\n<p class=\"sizeable\" style=\"text-align: justify;\">A Secretaria de Munic\u00edpio da Educa\u00e7\u00e3o (SMEd), em 2012, viu no local a possibilidade de reestrutura\u00e7\u00e3o e restaura\u00e7\u00e3o para servir como nova sede da EMEF Cipriano Porto Alegre, uma vez que o antigo pr\u00e9dio j\u00e1 n\u00e3o atendia mais a demanda escolar da localidade, de professores, a implanta\u00e7\u00e3o da Educa\u00e7\u00e3o para Jovens e Adultos (EJA) e de outros projetos implantados pela escola.<\/p>\n<p class=\"sizeable\" style=\"text-align: justify;\">As obras do novo pr\u00e9dio foram iniciadas ainda no ano de 2012 e finalizadas em abril deste ano; nunca houve paralisa\u00e7\u00e3o ou interrup\u00e7\u00e3o dos servi\u00e7os no local. O que levou \u00e0 demora da entrega foram as adapta\u00e7\u00f5es do local para atender as exig\u00eancias de acessibilidade no pr\u00e9dio; al\u00e9m do detalhamento na constru\u00e7\u00e3o e aprova\u00e7\u00e3o do Plano de Preven\u00e7\u00e3o Contra Inc\u00eandio (PPCI), tendo em vista a \u00e1rea ampla do local.<strong>\u00a0<\/strong><\/p>\n<p class=\"sizeable\" style=\"text-align: justify;\"><strong>Gastos<\/strong><\/p>\n<p class=\"sizeable\" style=\"text-align: justify;\">De acordo com a secret\u00e1ria de Educa\u00e7\u00e3o, Rejane Veleda, foram gastos cerca de R$ 6 milh\u00f5es na obra, utilizando recursos da Educa\u00e7\u00e3o; entre eles sal\u00e1rio educa\u00e7\u00e3o &#8211; contribui\u00e7\u00e3o social destinada ao financiamento de programas, projetos e a\u00e7\u00f5es voltados para o financiamento da educa\u00e7\u00e3o b\u00e1sica p\u00fablica\u00a0 &#8211; e despesas para Manuten\u00e7\u00e3o e Desenvolvimento de Ensino (MDE), do Governo Federal. J\u00e1 o mobili\u00e1rio escolar foi adquirido junto \u00e0 compra do material licitado para toda a Rede Municipal de Ensino.<\/p>\n<p class=\"sizeable\" style=\"text-align: right;\"><em>Assessoria de Comunica\u00e7\u00e3o\/PMRG<\/em><\/p>\n<div id=\"noticia-integra\" style=\"text-align: justify;\"><\/div>\n","protected":false},"excerpt":{"rendered":"<p>Fonte: www.riogrande.rs.gov.br A Prefeitura do Rio Grande inaugurou na manh\u00e3 desta segunda-feira (27) a nova sede da Escola Municipal de Ensino Fundamental Cipriano Porto Alegre. O novo pr\u00e9dio da escola est\u00e1 localizado na Rua Peru, s\/n, no Bairro Am\u00e9rica; antes a EMEF funcionava em um pr\u00e9dio na Rua Henrique Pancada.<\/p>\n","protected":false},"author":7,"featured_media":0,"comment_status":"closed","ping_status":"closed","sticky":false,"template":"","format":"standard","meta":{"footnotes":""},"categories":[1,13],"tags":[],"class_list":["post-18938","post","type-post","status-publish","format-standard","hentry","category-noticias","category-pedagogico"],"_links":{"self":[{"href":"https:\/\/www.riogrande.rs.gov.br\/smed\/index.php?rest_route=\/wp\/v2\/posts\/18938"}],"collection":[{"href":"https:\/\/www.riogrande.rs.gov.br\/smed\/index.php?rest_route=\/wp\/v2\/posts"}],"about":[{"href":"https:\/\/www.riogrande.rs.gov.br\/smed\/index.php?rest_route=\/wp\/v2\/types\/post"}],"author":[{"embeddable":true,"href":"https:\/\/www.riogrande.rs.gov.br\/smed\/index.php?rest_route=\/wp\/v2\/users\/7"}],"replies":[{"embeddable":true,"href":"https:\/\/www.riogrande.rs.gov.br\/smed\/index.php?rest_route=%2Fwp%2Fv2%2Fcomments&post=18938"}],"version-history":[{"count":1,"href":"https:\/\/www.riogrande.rs.gov.br\/smed\/index.php?rest_route=\/wp\/v2\/posts\/18938\/revisions"}],"predecessor-version":[{"id":18940,"href":"https:\/\/www.riogrande.rs.gov.br\/smed\/index.php?rest_route=\/wp\/v2\/posts\/18938\/revisions\/18940"}],"wp:attachment":[{"href":"https:\/\/www.riogrande.rs.gov.br\/smed\/index.php?rest_route=%2Fwp%2Fv2%2Fmedia&parent=18938"}],"wp:term":[{"taxonomy":"category","embeddable":true,"href":"https:\/\/www.riogrande.rs.gov.br\/smed\/index.php?rest_route=%2Fwp%2Fv2%2Fcategories&post=18938"},{"taxonomy":"post_tag","embeddable":true,"href":"https:\/\/www.riogrande.rs.gov.br\/smed\/index.php?rest_route=%2Fwp%2Fv2%2Ftags&post=18938"}],"curies":[{"name":"wp","href":"https:\/\/api.w.org\/{rel}","templated":true}]}}