{"id":18916,"date":"2016-06-24T16:55:25","date_gmt":"2016-06-24T19:55:25","guid":{"rendered":"http:\/\/www.riogrande.rs.gov.br\/smed\/?p=18916"},"modified":"2016-06-24T17:01:10","modified_gmt":"2016-06-24T20:01:10","slug":"e-teve-festa-junina-no-onibus-escolar-da-smed","status":"publish","type":"post","link":"https:\/\/www.riogrande.rs.gov.br\/smed\/?p=18916","title":{"rendered":"E teve Festa Junina no \u00d4nibus Escolar da SMEd"},"content":{"rendered":"\n\t\t<style type=\"text\/css\">\n\t\t\t#gallery-1 {\n\t\t\t\tmargin: auto;\n\t\t\t}\n\t\t\t#gallery-1 .gallery-item {\n\t\t\t\tfloat: left;\n\t\t\t\tmargin-top: 10px;\n\t\t\t\ttext-align: center;\n\t\t\t\twidth: 33%;\n\t\t\t}\n\t\t\t#gallery-1 img {\n\t\t\t\tborder: 2px solid #cfcfcf;\n\t\t\t}\n\t\t\t#gallery-1 .gallery-caption {\n\t\t\t\tmargin-left: 0;\n\t\t\t}\n\t\t\t\/* see gallery_shortcode() in wp-includes\/media.php *\/\n\t\t<\/style>\n\t\t<div id='gallery-1' class='gallery galleryid-18916 gallery-columns-3 gallery-size-thumbnail'><dl class='gallery-item'>\n\t\t\t<dt class='gallery-icon landscape'>\n\t\t\t\t<a href='https:\/\/www.riogrande.rs.gov.br\/smed\/wp-content\/uploads\/2016\/06\/20160624-ped-onibus-image00.jpg' rel=\"lightbox[18916]\"><img loading=\"lazy\" decoding=\"async\" width=\"150\" height=\"150\" src=\"https:\/\/www.riogrande.rs.gov.br\/smed\/wp-content\/uploads\/2016\/06\/20160624-ped-onibus-image00-150x150.jpg\" class=\"attachment-thumbnail size-thumbnail\" alt=\"\" aria-describedby=\"gallery-1-18917\" \/><\/a>\n\t\t\t<\/dt>\n\t\t\t\t<dd class='wp-caption-text gallery-caption' id='gallery-1-18917'>\n\t\t\t\tCr\u00e9dito: Divulga\u00e7\u00e3o\n\t\t\t\t<\/dd><\/dl><dl class='gallery-item'>\n\t\t\t<dt class='gallery-icon landscape'>\n\t\t\t\t<a href='https:\/\/www.riogrande.rs.gov.br\/smed\/wp-content\/uploads\/2016\/06\/20160624-ped-onibus-image01.jpg' rel=\"lightbox[18916]\"><img loading=\"lazy\" decoding=\"async\" width=\"150\" height=\"150\" src=\"https:\/\/www.riogrande.rs.gov.br\/smed\/wp-content\/uploads\/2016\/06\/20160624-ped-onibus-image01-150x150.jpg\" class=\"attachment-thumbnail size-thumbnail\" alt=\"\" aria-describedby=\"gallery-1-18918\" \/><\/a>\n\t\t\t<\/dt>\n\t\t\t\t<dd class='wp-caption-text gallery-caption' id='gallery-1-18918'>\n\t\t\t\tCr\u00e9dito: Divulga\u00e7\u00e3o\n\t\t\t\t<\/dd><\/dl><dl class='gallery-item'>\n\t\t\t<dt class='gallery-icon portrait'>\n\t\t\t\t<a href='https:\/\/www.riogrande.rs.gov.br\/smed\/wp-content\/uploads\/2016\/06\/20160624-ped-onibus-image02.jpg' rel=\"lightbox[18916]\"><img loading=\"lazy\" decoding=\"async\" width=\"150\" height=\"150\" src=\"https:\/\/www.riogrande.rs.gov.br\/smed\/wp-content\/uploads\/2016\/06\/20160624-ped-onibus-image02-150x150.jpg\" class=\"attachment-thumbnail size-thumbnail\" alt=\"\" aria-describedby=\"gallery-1-18919\" \/><\/a>\n\t\t\t<\/dt>\n\t\t\t\t<dd class='wp-caption-text gallery-caption' id='gallery-1-18919'>\n\t\t\t\tCr\u00e9dito: Divulga\u00e7\u00e3o\n\t\t\t\t<\/dd><\/dl><br style=\"clear: both\" \/><dl class='gallery-item'>\n\t\t\t<dt class='gallery-icon landscape'>\n\t\t\t\t<a href='https:\/\/www.riogrande.rs.gov.br\/smed\/wp-content\/uploads\/2016\/06\/20160624-ped-onibus-image03.jpg' rel=\"lightbox[18916]\"><img loading=\"lazy\" decoding=\"async\" width=\"150\" height=\"150\" src=\"https:\/\/www.riogrande.rs.gov.br\/smed\/wp-content\/uploads\/2016\/06\/20160624-ped-onibus-image03-150x150.jpg\" class=\"attachment-thumbnail size-thumbnail\" alt=\"\" aria-describedby=\"gallery-1-18920\" \/><\/a>\n\t\t\t<\/dt>\n\t\t\t\t<dd class='wp-caption-text gallery-caption' id='gallery-1-18920'>\n\t\t\t\tCr\u00e9dito: Divulga\u00e7\u00e3o\n\t\t\t\t<\/dd><\/dl><dl class='gallery-item'>\n\t\t\t<dt class='gallery-icon landscape'>\n\t\t\t\t<a href='https:\/\/www.riogrande.rs.gov.br\/smed\/wp-content\/uploads\/2016\/06\/20160624-ped-onibus-image04.jpg' rel=\"lightbox[18916]\"><img loading=\"lazy\" decoding=\"async\" width=\"150\" height=\"150\" src=\"https:\/\/www.riogrande.rs.gov.br\/smed\/wp-content\/uploads\/2016\/06\/20160624-ped-onibus-image04-150x150.jpg\" class=\"attachment-thumbnail size-thumbnail\" alt=\"\" aria-describedby=\"gallery-1-18921\" \/><\/a>\n\t\t\t<\/dt>\n\t\t\t\t<dd class='wp-caption-text gallery-caption' id='gallery-1-18921'>\n\t\t\t\tCr\u00e9dito: Divulga\u00e7\u00e3o\n\t\t\t\t<\/dd><\/dl><dl class='gallery-item'>\n\t\t\t<dt class='gallery-icon landscape'>\n\t\t\t\t<a href='https:\/\/www.riogrande.rs.gov.br\/smed\/wp-content\/uploads\/2016\/06\/20160624-ped-onibus-image05.jpg' rel=\"lightbox[18916]\"><img loading=\"lazy\" decoding=\"async\" width=\"150\" height=\"150\" src=\"https:\/\/www.riogrande.rs.gov.br\/smed\/wp-content\/uploads\/2016\/06\/20160624-ped-onibus-image05-150x150.jpg\" class=\"attachment-thumbnail size-thumbnail\" alt=\"\" aria-describedby=\"gallery-1-18922\" \/><\/a>\n\t\t\t<\/dt>\n\t\t\t\t<dd class='wp-caption-text gallery-caption' id='gallery-1-18922'>\n\t\t\t\tCr\u00e9dito: Divulga\u00e7\u00e3o\n\t\t\t\t<\/dd><\/dl><br style=\"clear: both\" \/>\n\t\t<\/div>\n\n<p style=\"text-align: justify;\"><span style=\"font-weight: 400;\">No dia <\/span><b>17 de junho<\/b><span style=\"font-weight: 400;\">, o clima das tradicionais festas juninas tomou conta do \u00d4nibus Escolar da Secretaria de Munic\u00edpio da Educa\u00e7\u00e3o de Rio Grande (SMEd), que faz o transporte das crian\u00e7as que moram nos bairros Cassino (ABC 8 e 9) e Bolaxa at\u00e9 \u00e0s Escolas Municipais de Ensino Fundamental Ana Nery (Bolaxa), Humberto de Campos (Senandes), Mar\u00edlia Rodrigues Santos (Boa Vista) e Zenir de Souza Braga (Trevo).<\/span><\/p>\n<p style=\"text-align: justify;\"><!--more--><\/p>\n<p style=\"text-align: justify;\"><span style=\"font-weight: 400;\">De acordo com o motorista M\u00e1rcio Medina, no turno da manh\u00e3 o \u00f4nibus seguiu o seu roteiro normal, por\u00e9m, todos estavam vestidos a rigor, incluindo alunos, motorista e a monitora Rosane. Ao som de m\u00fasicas festivas, foram servidos quitutes e refrigerantes durante o trajeto.<\/span><\/p>\n<p style=\"text-align: justify;\"><span style=\"font-weight: 400;\">Na parte da tarde foi diferente, pois a monitora solicitou \u00e0s escolas que liberassem as crian\u00e7as 30 minutos antes do hor\u00e1rio normal. \u201c<\/span><b>Ap\u00f3s recolhermos todos os alunos, paramos no corredor do Bolaxa\u00a0e fizemos uma festa com tudo que se tem direto. Algumas crian\u00e7as levaram bolos e tortas de casa, e foi montada uma mesa bem farta, com comidas t\u00edpicas das festas juninas, al\u00e9m da distribui\u00e7\u00e3o de<\/b><b><i> kits<\/i><\/b><b> com doces e guloseimas, comprados com recursos pr\u00f3prios<\/b><span style=\"font-weight: 400;\">\u201d, explicou Medina. <\/span><\/p>\n<p style=\"text-align: justify;\"><span style=\"font-weight: 400;\">A festa junina tamb\u00e9m contou com a presen\u00e7a da coordenadora do N\u00facleo de Transporte Escolar, Celeneh Fagundes Brum Dias, que percorreu o trajeto com a turma toda. De acordo com o motorista M\u00e1rcio, em cada escola que o \u00f4nibus chegava, o grupo tirava fotos com as respectivas diretoras.<\/span><\/p>\n<p style=\"text-align: justify;\"><span style=\"font-weight: 400;\">\u201c<\/span><b>Com certeza essa foi uma festa bem at\u00edpica, divertida e colorida, mas com 100% de aprova\u00e7\u00e3o. E j\u00e1 estamos bolando o tema da pr\u00f3xima festa. Gostaria de ressaltar o trabalho da colega Rosane, que comprou 80% do material, confeccionou tudo e ainda ajudou a servir. Dedica\u00e7\u00e3o a ser admirada<\/b><span style=\"font-weight: 400;\">\u201d, destacou o motorista Medina.<\/span><\/p>\n<p style=\"text-align: justify;\"><span style=\"font-weight: 400;\">Celeneh Dias disse que \u201c<\/span><b>havia um brilho diferente no olhar das crian\u00e7as, das diretoras e tamb\u00e9m dos pais, que viram a festa no &#8220;Escolar&#8221; com admira\u00e7\u00e3o. Algo realmente in\u00e9dito, que merece o incentivo de todos n\u00f3s. A monitora Rosane j\u00e1 est\u00e1 planejando dar continuidade \u00e0 ideia e j\u00e1 pensa na festa do \u201cDia da Crian\u00e7a\u201d. Existe uma harmonia no trabalho do Medina e da Rosane, e eles demonstram um grande respeito no trato com as crian\u00e7as. Trabalham com amor! \u00c9 bonito de ver! Eu fiquei encantada com a festa, com a decora\u00e7\u00e3o e com os quitutes<\/b><span style=\"font-weight: 400;\">\u201d.<\/span><\/p>\n<p style=\"text-align: right;\"><em>SMEd<\/em><br \/>\n<em> Roberton Reis<\/em><\/p>\n","protected":false},"excerpt":{"rendered":"<p>No dia 17 de junho, o clima das tradicionais festas juninas tomou conta do \u00d4nibus Escolar da Secretaria de Munic\u00edpio da Educa\u00e7\u00e3o de Rio Grande (SMEd), que faz o transporte das crian\u00e7as que moram nos bairros Cassino (ABC 8 e 9) e Bolaxa at\u00e9 \u00e0s Escolas Municipais de Ensino Fundamental Ana Nery (Bolaxa), Humberto de [&hellip;]<\/p>\n","protected":false},"author":7,"featured_media":0,"comment_status":"closed","ping_status":"closed","sticky":false,"template":"","format":"standard","meta":{"footnotes":""},"categories":[1,13],"tags":[],"class_list":["post-18916","post","type-post","status-publish","format-standard","hentry","category-noticias","category-pedagogico"],"_links":{"self":[{"href":"https:\/\/www.riogrande.rs.gov.br\/smed\/index.php?rest_route=\/wp\/v2\/posts\/18916"}],"collection":[{"href":"https:\/\/www.riogrande.rs.gov.br\/smed\/index.php?rest_route=\/wp\/v2\/posts"}],"about":[{"href":"https:\/\/www.riogrande.rs.gov.br\/smed\/index.php?rest_route=\/wp\/v2\/types\/post"}],"author":[{"embeddable":true,"href":"https:\/\/www.riogrande.rs.gov.br\/smed\/index.php?rest_route=\/wp\/v2\/users\/7"}],"replies":[{"embeddable":true,"href":"https:\/\/www.riogrande.rs.gov.br\/smed\/index.php?rest_route=%2Fwp%2Fv2%2Fcomments&post=18916"}],"version-history":[{"count":2,"href":"https:\/\/www.riogrande.rs.gov.br\/smed\/index.php?rest_route=\/wp\/v2\/posts\/18916\/revisions"}],"predecessor-version":[{"id":18925,"href":"https:\/\/www.riogrande.rs.gov.br\/smed\/index.php?rest_route=\/wp\/v2\/posts\/18916\/revisions\/18925"}],"wp:attachment":[{"href":"https:\/\/www.riogrande.rs.gov.br\/smed\/index.php?rest_route=%2Fwp%2Fv2%2Fmedia&parent=18916"}],"wp:term":[{"taxonomy":"category","embeddable":true,"href":"https:\/\/www.riogrande.rs.gov.br\/smed\/index.php?rest_route=%2Fwp%2Fv2%2Fcategories&post=18916"},{"taxonomy":"post_tag","embeddable":true,"href":"https:\/\/www.riogrande.rs.gov.br\/smed\/index.php?rest_route=%2Fwp%2Fv2%2Ftags&post=18916"}],"curies":[{"name":"wp","href":"https:\/\/api.w.org\/{rel}","templated":true}]}}