{"id":18903,"date":"2016-06-24T16:41:01","date_gmt":"2016-06-24T19:41:01","guid":{"rendered":"http:\/\/www.riogrande.rs.gov.br\/smed\/?p=18903"},"modified":"2016-06-24T16:41:01","modified_gmt":"2016-06-24T19:41:01","slug":"predio-da-escola-bilingue-carmem-teixeira-baldino-foi-inaugurado-nesta-sexta-feira-24","status":"publish","type":"post","link":"https:\/\/www.riogrande.rs.gov.br\/smed\/?p=18903","title":{"rendered":"PR\u00c9DIO DA ESCOLA BIL\u00cdNGUE CARMEM TEIXEIRA BALDINO FOI INAUGURADO NESTA SEXTA-FEIRA (24)"},"content":{"rendered":"\n\t\t<style type=\"text\/css\">\n\t\t\t#gallery-1 {\n\t\t\t\tmargin: auto;\n\t\t\t}\n\t\t\t#gallery-1 .gallery-item {\n\t\t\t\tfloat: left;\n\t\t\t\tmargin-top: 10px;\n\t\t\t\ttext-align: center;\n\t\t\t\twidth: 50%;\n\t\t\t}\n\t\t\t#gallery-1 img {\n\t\t\t\tborder: 2px solid #cfcfcf;\n\t\t\t}\n\t\t\t#gallery-1 .gallery-caption {\n\t\t\t\tmargin-left: 0;\n\t\t\t}\n\t\t\t\/* see gallery_shortcode() in wp-includes\/media.php *\/\n\t\t<\/style>\n\t\t<div id='gallery-1' class='gallery galleryid-18903 gallery-columns-2 gallery-size-thumbnail'><dl class='gallery-item'>\n\t\t\t<dt class='gallery-icon landscape'>\n\t\t\t\t<a href='https:\/\/www.riogrande.rs.gov.br\/smed\/wp-content\/uploads\/2016\/06\/20160624-pmrg1.jpg' rel=\"lightbox[18903]\"><img loading=\"lazy\" decoding=\"async\" width=\"150\" height=\"150\" src=\"https:\/\/www.riogrande.rs.gov.br\/smed\/wp-content\/uploads\/2016\/06\/20160624-pmrg1-150x150.jpg\" class=\"attachment-thumbnail size-thumbnail\" alt=\"\" aria-describedby=\"gallery-1-18904\" \/><\/a>\n\t\t\t<\/dt>\n\t\t\t\t<dd class='wp-caption-text gallery-caption' id='gallery-1-18904'>\n\t\t\t\tCr\u00e9dito: Marcos Jatahy\n\t\t\t\t<\/dd><\/dl><dl class='gallery-item'>\n\t\t\t<dt class='gallery-icon landscape'>\n\t\t\t\t<a href='https:\/\/www.riogrande.rs.gov.br\/smed\/wp-content\/uploads\/2016\/06\/20160624-pmrg2.jpg' rel=\"lightbox[18903]\"><img loading=\"lazy\" decoding=\"async\" width=\"150\" height=\"150\" src=\"https:\/\/www.riogrande.rs.gov.br\/smed\/wp-content\/uploads\/2016\/06\/20160624-pmrg2-150x150.jpg\" class=\"attachment-thumbnail size-thumbnail\" alt=\"\" aria-describedby=\"gallery-1-18905\" \/><\/a>\n\t\t\t<\/dt>\n\t\t\t\t<dd class='wp-caption-text gallery-caption' id='gallery-1-18905'>\n\t\t\t\tCr\u00e9dito: Marcos Jatahy\n\t\t\t\t<\/dd><\/dl><br style=\"clear: both\" \/><dl class='gallery-item'>\n\t\t\t<dt class='gallery-icon landscape'>\n\t\t\t\t<a href='https:\/\/www.riogrande.rs.gov.br\/smed\/wp-content\/uploads\/2016\/06\/20160624-pmrg3.jpg' rel=\"lightbox[18903]\"><img loading=\"lazy\" decoding=\"async\" width=\"150\" height=\"150\" src=\"https:\/\/www.riogrande.rs.gov.br\/smed\/wp-content\/uploads\/2016\/06\/20160624-pmrg3-150x150.jpg\" class=\"attachment-thumbnail size-thumbnail\" alt=\"\" aria-describedby=\"gallery-1-18906\" \/><\/a>\n\t\t\t<\/dt>\n\t\t\t\t<dd class='wp-caption-text gallery-caption' id='gallery-1-18906'>\n\t\t\t\tCr\u00e9dito: Marcos Jatahy\n\t\t\t\t<\/dd><\/dl><dl class='gallery-item'>\n\t\t\t<dt class='gallery-icon landscape'>\n\t\t\t\t<a href='https:\/\/www.riogrande.rs.gov.br\/smed\/wp-content\/uploads\/2016\/06\/20160624-pmrg4.jpg' rel=\"lightbox[18903]\"><img loading=\"lazy\" decoding=\"async\" width=\"150\" height=\"150\" src=\"https:\/\/www.riogrande.rs.gov.br\/smed\/wp-content\/uploads\/2016\/06\/20160624-pmrg4-150x150.jpg\" class=\"attachment-thumbnail size-thumbnail\" alt=\"\" aria-describedby=\"gallery-1-18907\" \/><\/a>\n\t\t\t<\/dt>\n\t\t\t\t<dd class='wp-caption-text gallery-caption' id='gallery-1-18907'>\n\t\t\t\tCr\u00e9dito: Marcos Jatahy\n\t\t\t\t<\/dd><\/dl><br style=\"clear: both\" \/>\n\t\t<\/div>\n\n<p style=\"text-align: justify;\">Fonte: <a href=\"http:\/\/www.riogrande.rs.gov.br\/pagina\/index.php\/noticias\/detalhes+12ca487,,predio-da-escola-bilingue-carmem-teixeira-baldino-foi-inaugurado-nesta-sexta-feira-24.html#.V22LthIVikq\" target=\"_blank\"><strong>www.riogrande.rs.gov.br<\/strong><\/a><\/p>\n<p class=\"sizeable\" style=\"text-align: justify;\"><span class=\"sizeable\">Foram inauguradas na manh\u00e3 desta sexta-feira (24) as novas instala\u00e7\u00f5es da Escola Municipal de Ensino Bil\u00edngue Prof. Carmem Regina Teixeira Baldino, localizada na Rua Duque de Caxias, n\u00ba 496, Centro. \u00a0A escola atender\u00e1 estudantes da Educa\u00e7\u00e3o Infantil aos Anos Finais do Ensino Fundamental e tamb\u00e9m da Educa\u00e7\u00e3o de Jovens e Adultos. \u00c9 v\u00e1lido salientar que esta escola \u00e9 a s\u00e9tima escola bil\u00edngue criada no pa\u00eds.<\/span><\/p>\n<p class=\"sizeable\" style=\"text-align: justify;\"><!--more--><\/p>\n<p class=\"sizeable\" style=\"text-align: justify;\">\n<p class=\"sizeable\" style=\"text-align: justify;\">Na mesa de cerim\u00f4nia estavam presentes o prefeito Alexandre Lindenmeyer, a diretora da escola, Cristiane Lima Terra, a secret\u00e1ria da SMEd Rejane Veleda, a representante da Universidade Federal do Rio Grande, Katia Rosane, o Tenente Ricardo Filho, representando o 5\u00ba Distrito Naval, a vereadora Tia D\u00e9ia, representando a C\u00e2mara de Vereadores do Rio Grande, e Jo\u00e3o Baldino, vi\u00favo da professora homenageada Carmem Baldino.<\/p>\n<p class=\"sizeable\" style=\"text-align: justify;\">Em 5 de fevereiro de 2015, o prefeito Alexandre Lindenmeyer assinou o Decreto 13.900 que oficializava a cria\u00e7\u00e3o da Escola Bil\u00edngue Professora Carmem Regina Teixeira Baldino. O nome da escola presta uma singela homenagem \u00e0 falecida professora, que dedicou sua carreira no magist\u00e9rio ao trabalho com os estudantes surdos.<\/p>\n<p class=\"sizeable\" style=\"text-align: justify;\">O corte da fita inaugural foi feito pelo prefeito e pela aluna da escola e filha da professora Carmem Regina Teixeira Baldino, Leticia Teixeira Baldino.<\/p>\n<p class=\"sizeable\" style=\"text-align: justify;\">O prefeito Alexandre Lindenmeyer ressaltou o momento \u00fanico que \u00e9 inaugurar uma escola bil\u00edngue no Munic\u00edpio do Rio Grande. \u201cQuero agradecer pela oportunidade de ser prefeito nesse momento, de poder ser instrumento para que essa escola se materializasse. N\u00e3o s\u00f3 em termos de estrutura, mas de tudo que ainda tem por vir. Em termos de oportunidade, de respeito \u00e0s especificidades que essa escola vai proporcionar aos seus alunos\u201d, disse emocionado.<\/p>\n<p class=\"sizeable\" style=\"text-align: right;\"><em>Assessoria de Comunica\u00e7\u00e3o\/PMRG<\/em><\/p>\n","protected":false},"excerpt":{"rendered":"<p>Fonte: www.riogrande.rs.gov.br Foram inauguradas na manh\u00e3 desta sexta-feira (24) as novas instala\u00e7\u00f5es da Escola Municipal de Ensino Bil\u00edngue Prof. Carmem Regina Teixeira Baldino, localizada na Rua Duque de Caxias, n\u00ba 496, Centro. \u00a0A escola atender\u00e1 estudantes da Educa\u00e7\u00e3o Infantil aos Anos Finais do Ensino Fundamental e tamb\u00e9m da Educa\u00e7\u00e3o de Jovens e Adultos. \u00c9 v\u00e1lido [&hellip;]<\/p>\n","protected":false},"author":7,"featured_media":0,"comment_status":"closed","ping_status":"closed","sticky":false,"template":"","format":"standard","meta":{"footnotes":""},"categories":[1,13],"tags":[],"class_list":["post-18903","post","type-post","status-publish","format-standard","hentry","category-noticias","category-pedagogico"],"_links":{"self":[{"href":"https:\/\/www.riogrande.rs.gov.br\/smed\/index.php?rest_route=\/wp\/v2\/posts\/18903"}],"collection":[{"href":"https:\/\/www.riogrande.rs.gov.br\/smed\/index.php?rest_route=\/wp\/v2\/posts"}],"about":[{"href":"https:\/\/www.riogrande.rs.gov.br\/smed\/index.php?rest_route=\/wp\/v2\/types\/post"}],"author":[{"embeddable":true,"href":"https:\/\/www.riogrande.rs.gov.br\/smed\/index.php?rest_route=\/wp\/v2\/users\/7"}],"replies":[{"embeddable":true,"href":"https:\/\/www.riogrande.rs.gov.br\/smed\/index.php?rest_route=%2Fwp%2Fv2%2Fcomments&post=18903"}],"version-history":[{"count":1,"href":"https:\/\/www.riogrande.rs.gov.br\/smed\/index.php?rest_route=\/wp\/v2\/posts\/18903\/revisions"}],"predecessor-version":[{"id":18908,"href":"https:\/\/www.riogrande.rs.gov.br\/smed\/index.php?rest_route=\/wp\/v2\/posts\/18903\/revisions\/18908"}],"wp:attachment":[{"href":"https:\/\/www.riogrande.rs.gov.br\/smed\/index.php?rest_route=%2Fwp%2Fv2%2Fmedia&parent=18903"}],"wp:term":[{"taxonomy":"category","embeddable":true,"href":"https:\/\/www.riogrande.rs.gov.br\/smed\/index.php?rest_route=%2Fwp%2Fv2%2Fcategories&post=18903"},{"taxonomy":"post_tag","embeddable":true,"href":"https:\/\/www.riogrande.rs.gov.br\/smed\/index.php?rest_route=%2Fwp%2Fv2%2Ftags&post=18903"}],"curies":[{"name":"wp","href":"https:\/\/api.w.org\/{rel}","templated":true}]}}