{"id":18893,"date":"2016-06-24T16:31:13","date_gmt":"2016-06-24T19:31:13","guid":{"rendered":"http:\/\/www.riogrande.rs.gov.br\/smed\/?p=18893"},"modified":"2016-06-24T16:31:13","modified_gmt":"2016-06-24T19:31:13","slug":"emef-antonio-carlos-lopes-realizou-festa-junina-no-dia-18","status":"publish","type":"post","link":"https:\/\/www.riogrande.rs.gov.br\/smed\/?p=18893","title":{"rendered":"EMEF Ant\u00f4nio Carlos Lopes realizou \u201cFesta Junina\u201d no dia 18"},"content":{"rendered":"\n\t\t<style type=\"text\/css\">\n\t\t\t#gallery-1 {\n\t\t\t\tmargin: auto;\n\t\t\t}\n\t\t\t#gallery-1 .gallery-item {\n\t\t\t\tfloat: left;\n\t\t\t\tmargin-top: 10px;\n\t\t\t\ttext-align: center;\n\t\t\t\twidth: 33%;\n\t\t\t}\n\t\t\t#gallery-1 img {\n\t\t\t\tborder: 2px solid #cfcfcf;\n\t\t\t}\n\t\t\t#gallery-1 .gallery-caption {\n\t\t\t\tmargin-left: 0;\n\t\t\t}\n\t\t\t\/* see gallery_shortcode() in wp-includes\/media.php *\/\n\t\t<\/style>\n\t\t<div id='gallery-1' class='gallery galleryid-18893 gallery-columns-3 gallery-size-thumbnail'><dl class='gallery-item'>\n\t\t\t<dt class='gallery-icon portrait'>\n\t\t\t\t<a href='https:\/\/www.riogrande.rs.gov.br\/smed\/wp-content\/uploads\/2016\/06\/20160624-ped-antonio-image00.jpg' rel=\"lightbox[18893]\"><img loading=\"lazy\" decoding=\"async\" width=\"150\" height=\"150\" src=\"https:\/\/www.riogrande.rs.gov.br\/smed\/wp-content\/uploads\/2016\/06\/20160624-ped-antonio-image00-150x150.jpg\" class=\"attachment-thumbnail size-thumbnail\" alt=\"\" aria-describedby=\"gallery-1-18894\" \/><\/a>\n\t\t\t<\/dt>\n\t\t\t\t<dd class='wp-caption-text gallery-caption' id='gallery-1-18894'>\n\t\t\t\tCr\u00e9dito: EMEF Ant\u00f4nio Carlos Lopes\n\t\t\t\t<\/dd><\/dl><dl class='gallery-item'>\n\t\t\t<dt class='gallery-icon landscape'>\n\t\t\t\t<a href='https:\/\/www.riogrande.rs.gov.br\/smed\/wp-content\/uploads\/2016\/06\/20160624-ped-antonio-image01.jpg' rel=\"lightbox[18893]\"><img loading=\"lazy\" decoding=\"async\" width=\"150\" height=\"150\" src=\"https:\/\/www.riogrande.rs.gov.br\/smed\/wp-content\/uploads\/2016\/06\/20160624-ped-antonio-image01-150x150.jpg\" class=\"attachment-thumbnail size-thumbnail\" alt=\"\" aria-describedby=\"gallery-1-18895\" \/><\/a>\n\t\t\t<\/dt>\n\t\t\t\t<dd class='wp-caption-text gallery-caption' id='gallery-1-18895'>\n\t\t\t\tCr\u00e9dito: EMEF Ant\u00f4nio Carlos Lopes\n\t\t\t\t<\/dd><\/dl><dl class='gallery-item'>\n\t\t\t<dt class='gallery-icon portrait'>\n\t\t\t\t<a href='https:\/\/www.riogrande.rs.gov.br\/smed\/wp-content\/uploads\/2016\/06\/20160624-ped-antonio-image02.jpg' rel=\"lightbox[18893]\"><img loading=\"lazy\" decoding=\"async\" width=\"150\" height=\"150\" src=\"https:\/\/www.riogrande.rs.gov.br\/smed\/wp-content\/uploads\/2016\/06\/20160624-ped-antonio-image02-150x150.jpg\" class=\"attachment-thumbnail size-thumbnail\" alt=\"\" aria-describedby=\"gallery-1-18896\" \/><\/a>\n\t\t\t<\/dt>\n\t\t\t\t<dd class='wp-caption-text gallery-caption' id='gallery-1-18896'>\n\t\t\t\tCr\u00e9dito: EMEF Ant\u00f4nio Carlos Lopes\n\t\t\t\t<\/dd><\/dl><br style=\"clear: both\" \/><dl class='gallery-item'>\n\t\t\t<dt class='gallery-icon landscape'>\n\t\t\t\t<a href='https:\/\/www.riogrande.rs.gov.br\/smed\/wp-content\/uploads\/2016\/06\/20160624-ped-antonio-image03.jpg' rel=\"lightbox[18893]\"><img loading=\"lazy\" decoding=\"async\" width=\"150\" height=\"150\" src=\"https:\/\/www.riogrande.rs.gov.br\/smed\/wp-content\/uploads\/2016\/06\/20160624-ped-antonio-image03-150x150.jpg\" class=\"attachment-thumbnail size-thumbnail\" alt=\"\" aria-describedby=\"gallery-1-18897\" \/><\/a>\n\t\t\t<\/dt>\n\t\t\t\t<dd class='wp-caption-text gallery-caption' id='gallery-1-18897'>\n\t\t\t\tCr\u00e9dito: EMEF Ant\u00f4nio Carlos Lopes\n\t\t\t\t<\/dd><\/dl><dl class='gallery-item'>\n\t\t\t<dt class='gallery-icon landscape'>\n\t\t\t\t<a href='https:\/\/www.riogrande.rs.gov.br\/smed\/wp-content\/uploads\/2016\/06\/20160624-ped-antonio-image04.jpg' rel=\"lightbox[18893]\"><img loading=\"lazy\" decoding=\"async\" width=\"150\" height=\"150\" src=\"https:\/\/www.riogrande.rs.gov.br\/smed\/wp-content\/uploads\/2016\/06\/20160624-ped-antonio-image04-150x150.jpg\" class=\"attachment-thumbnail size-thumbnail\" alt=\"\" aria-describedby=\"gallery-1-18898\" \/><\/a>\n\t\t\t<\/dt>\n\t\t\t\t<dd class='wp-caption-text gallery-caption' id='gallery-1-18898'>\n\t\t\t\tCr\u00e9dito: EMEF Ant\u00f4nio Carlos Lopes\n\t\t\t\t<\/dd><\/dl><dl class='gallery-item'>\n\t\t\t<dt class='gallery-icon landscape'>\n\t\t\t\t<a href='https:\/\/www.riogrande.rs.gov.br\/smed\/wp-content\/uploads\/2016\/06\/20160624-ped-antonio-image05.jpg' rel=\"lightbox[18893]\"><img loading=\"lazy\" decoding=\"async\" width=\"150\" height=\"150\" src=\"https:\/\/www.riogrande.rs.gov.br\/smed\/wp-content\/uploads\/2016\/06\/20160624-ped-antonio-image05-150x150.jpg\" class=\"attachment-thumbnail size-thumbnail\" alt=\"\" aria-describedby=\"gallery-1-18899\" \/><\/a>\n\t\t\t<\/dt>\n\t\t\t\t<dd class='wp-caption-text gallery-caption' id='gallery-1-18899'>\n\t\t\t\tCr\u00e9dito: EMEF Ant\u00f4nio Carlos Lopes\n\t\t\t\t<\/dd><\/dl><br style=\"clear: both\" \/>\n\t\t<\/div>\n\n<p style=\"text-align: justify;\"><span style=\"font-weight: 400;\">No \u00faltimo s\u00e1bado, <\/span><b>18 de junho<\/b><span style=\"font-weight: 400;\">, a Escola Municipal de Ensino Fundamental <\/span><b>Ant\u00f4nio Carlos Lopes<\/b><span style=\"font-weight: 400;\">, que est\u00e1 localizada na Vila da Quinta, realizou a sua \u201c<\/span><b>Festa Junina<\/b><span style=\"font-weight: 400;\">\u201d, a qual <\/span><span style=\"font-weight: 400;\">contou com a presen\u00e7a da comunidade escolar, que pode prestigiar as diversas apresenta\u00e7\u00f5es que os alunos realizaram, al\u00e9m de participar de diversas atividades t\u00edpicas.<\/span><\/p>\n<p style=\"text-align: right;\"><em>SMEd<\/em><br \/>\n<em> Roberton Reis<\/em><br \/>\n<em> Com informa\u00e7\u00f5es da EMEF Ant\u00f4nio Carlos Lopes<\/em><\/p>\n","protected":false},"excerpt":{"rendered":"<p>No \u00faltimo s\u00e1bado, 18 de junho, a Escola Municipal de Ensino Fundamental Ant\u00f4nio Carlos Lopes, que est\u00e1 localizada na Vila da Quinta, realizou a sua \u201cFesta Junina\u201d, a qual contou com a presen\u00e7a da comunidade escolar, que pode prestigiar as diversas apresenta\u00e7\u00f5es que os alunos realizaram, al\u00e9m de participar de diversas atividades t\u00edpicas. SMEd Roberton [&hellip;]<\/p>\n","protected":false},"author":7,"featured_media":0,"comment_status":"closed","ping_status":"closed","sticky":false,"template":"","format":"standard","meta":{"footnotes":""},"categories":[1,13],"tags":[],"class_list":["post-18893","post","type-post","status-publish","format-standard","hentry","category-noticias","category-pedagogico"],"_links":{"self":[{"href":"https:\/\/www.riogrande.rs.gov.br\/smed\/index.php?rest_route=\/wp\/v2\/posts\/18893"}],"collection":[{"href":"https:\/\/www.riogrande.rs.gov.br\/smed\/index.php?rest_route=\/wp\/v2\/posts"}],"about":[{"href":"https:\/\/www.riogrande.rs.gov.br\/smed\/index.php?rest_route=\/wp\/v2\/types\/post"}],"author":[{"embeddable":true,"href":"https:\/\/www.riogrande.rs.gov.br\/smed\/index.php?rest_route=\/wp\/v2\/users\/7"}],"replies":[{"embeddable":true,"href":"https:\/\/www.riogrande.rs.gov.br\/smed\/index.php?rest_route=%2Fwp%2Fv2%2Fcomments&post=18893"}],"version-history":[{"count":1,"href":"https:\/\/www.riogrande.rs.gov.br\/smed\/index.php?rest_route=\/wp\/v2\/posts\/18893\/revisions"}],"predecessor-version":[{"id":18900,"href":"https:\/\/www.riogrande.rs.gov.br\/smed\/index.php?rest_route=\/wp\/v2\/posts\/18893\/revisions\/18900"}],"wp:attachment":[{"href":"https:\/\/www.riogrande.rs.gov.br\/smed\/index.php?rest_route=%2Fwp%2Fv2%2Fmedia&parent=18893"}],"wp:term":[{"taxonomy":"category","embeddable":true,"href":"https:\/\/www.riogrande.rs.gov.br\/smed\/index.php?rest_route=%2Fwp%2Fv2%2Fcategories&post=18893"},{"taxonomy":"post_tag","embeddable":true,"href":"https:\/\/www.riogrande.rs.gov.br\/smed\/index.php?rest_route=%2Fwp%2Fv2%2Ftags&post=18893"}],"curies":[{"name":"wp","href":"https:\/\/api.w.org\/{rel}","templated":true}]}}