{"id":18883,"date":"2016-06-23T17:02:45","date_gmt":"2016-06-23T20:02:45","guid":{"rendered":"http:\/\/www.riogrande.rs.gov.br\/smed\/?p=18883"},"modified":"2016-06-23T17:02:45","modified_gmt":"2016-06-23T20:02:45","slug":"projeto-maratona-de-transito-inicia-atividades-na-emef-franca-pinto","status":"publish","type":"post","link":"https:\/\/www.riogrande.rs.gov.br\/smed\/?p=18883","title":{"rendered":"PROJETO MARATONA DE TR\u00c2NSITO INICIA ATIVIDADES NA EMEF FRAN\u00c7A PINTO"},"content":{"rendered":"<div id=\"attachment_18884\" style=\"width: 495px\" class=\"wp-caption aligncenter\"><a href=\"http:\/\/www.riogrande.rs.gov.br\/smed\/wp-content\/uploads\/2016\/06\/20160623-pmrg1.jpg\" rel=\"lightbox[18883]\"><img loading=\"lazy\" decoding=\"async\" aria-describedby=\"caption-attachment-18884\" class=\"size-medium wp-image-18884\" src=\"http:\/\/www.riogrande.rs.gov.br\/smed\/wp-content\/uploads\/2016\/06\/20160623-pmrg1-485x272.jpg\" alt=\"Divulga\u00e7\u00e3o\" width=\"485\" height=\"272\" srcset=\"https:\/\/www.riogrande.rs.gov.br\/smed\/wp-content\/uploads\/2016\/06\/20160623-pmrg1-485x272.jpg 485w, https:\/\/www.riogrande.rs.gov.br\/smed\/wp-content\/uploads\/2016\/06\/20160623-pmrg1-369x207.jpg 369w, https:\/\/www.riogrande.rs.gov.br\/smed\/wp-content\/uploads\/2016\/06\/20160623-pmrg1.jpg 700w\" sizes=\"(max-width: 485px) 100vw, 485px\" \/><\/a><p id=\"caption-attachment-18884\" class=\"wp-caption-text\">Divulga\u00e7\u00e3o<\/p><\/div>\n<p style=\"text-align: justify;\">Fonte: <a href=\"http:\/\/www.riogrande.rs.gov.br\/pagina\/index.php\/noticias\/detalhes+12c7e3d,,projeto-maratona-de-transito-inicia-atividades-na-emef-franca-pinto.html#.V2w3_HUrKK5\" target=\"_blank\"><strong>www.riogrande.rs.gov.br<\/strong><\/a><\/p>\n<p class=\"sizeable\" style=\"text-align: justify;\"><span class=\"sizeable\">Na \u00faltima ter\u00e7a-feira (21), o N\u00facleo de Educa\u00e7\u00e3o da Secretaria de Munic\u00edpio de Mobilidade Urbana e Acessibilidade (SMMUA) iniciou o Projeto Maratona de Tr\u00e2nsito na Escola Municipal de Ensino Fundamental Fran\u00e7a Pinto. Na oportunidade, os alunos da Educa\u00e7\u00e3o Infantil e do 3\u00ba ano assistiram uma palestra com os Agentes de Tr\u00e2nsito e com o mascote \u201cCinzinha\u201d, al\u00e9m de uma apresenta\u00e7\u00e3o de teatro da companhia \u201cTeatro do Sol\u201d.<\/span><\/p>\n<p class=\"sizeable\" style=\"text-align: justify;\"><!--more--><\/p>\n<p class=\"sizeable\" style=\"text-align: justify;\">\n<p class=\"sizeable\" style=\"text-align: justify;\">Os estudantes aprenderam as regras de tr\u00e2nsito para atuarem como pedestres, passageiros e ciclistas e foram capacitados para se tornarem multiplicadores desse conhecimento com os amigos e com a fam\u00edlia. O projeto contemplar\u00e1 toda a escola com atividades educativas direcionadas a cada faixa et\u00e1ria durante os meses de junho e julho.<\/p>\n<p class=\"sizeable\" style=\"text-align: justify;\">O projeto tem como objetivo apresentar de forma l\u00fadica temas voltados aos conflitos de tr\u00e2nsito para os alunos da Rede Municipal.<\/p>\n<p style=\"text-align: right;\"><em>Assessoria de Comunica\u00e7\u00e3o\/PMRG<\/em><br \/>\n<em> Com informa\u00e7\u00f5es da SMMUA<\/em><\/p>\n","protected":false},"excerpt":{"rendered":"<p>Fonte: www.riogrande.rs.gov.br Na \u00faltima ter\u00e7a-feira (21), o N\u00facleo de Educa\u00e7\u00e3o da Secretaria de Munic\u00edpio de Mobilidade Urbana e Acessibilidade (SMMUA) iniciou o Projeto Maratona de Tr\u00e2nsito na Escola Municipal de Ensino Fundamental Fran\u00e7a Pinto. Na oportunidade, os alunos da Educa\u00e7\u00e3o Infantil e do 3\u00ba ano assistiram uma palestra com os Agentes de Tr\u00e2nsito e com [&hellip;]<\/p>\n","protected":false},"author":7,"featured_media":0,"comment_status":"closed","ping_status":"closed","sticky":false,"template":"","format":"standard","meta":{"footnotes":""},"categories":[1],"tags":[],"class_list":["post-18883","post","type-post","status-publish","format-standard","hentry","category-noticias"],"_links":{"self":[{"href":"https:\/\/www.riogrande.rs.gov.br\/smed\/index.php?rest_route=\/wp\/v2\/posts\/18883"}],"collection":[{"href":"https:\/\/www.riogrande.rs.gov.br\/smed\/index.php?rest_route=\/wp\/v2\/posts"}],"about":[{"href":"https:\/\/www.riogrande.rs.gov.br\/smed\/index.php?rest_route=\/wp\/v2\/types\/post"}],"author":[{"embeddable":true,"href":"https:\/\/www.riogrande.rs.gov.br\/smed\/index.php?rest_route=\/wp\/v2\/users\/7"}],"replies":[{"embeddable":true,"href":"https:\/\/www.riogrande.rs.gov.br\/smed\/index.php?rest_route=%2Fwp%2Fv2%2Fcomments&post=18883"}],"version-history":[{"count":1,"href":"https:\/\/www.riogrande.rs.gov.br\/smed\/index.php?rest_route=\/wp\/v2\/posts\/18883\/revisions"}],"predecessor-version":[{"id":18885,"href":"https:\/\/www.riogrande.rs.gov.br\/smed\/index.php?rest_route=\/wp\/v2\/posts\/18883\/revisions\/18885"}],"wp:attachment":[{"href":"https:\/\/www.riogrande.rs.gov.br\/smed\/index.php?rest_route=%2Fwp%2Fv2%2Fmedia&parent=18883"}],"wp:term":[{"taxonomy":"category","embeddable":true,"href":"https:\/\/www.riogrande.rs.gov.br\/smed\/index.php?rest_route=%2Fwp%2Fv2%2Fcategories&post=18883"},{"taxonomy":"post_tag","embeddable":true,"href":"https:\/\/www.riogrande.rs.gov.br\/smed\/index.php?rest_route=%2Fwp%2Fv2%2Ftags&post=18883"}],"curies":[{"name":"wp","href":"https:\/\/api.w.org\/{rel}","templated":true}]}}