{"id":18872,"date":"2016-06-23T15:51:29","date_gmt":"2016-06-23T18:51:29","guid":{"rendered":"http:\/\/www.riogrande.rs.gov.br\/smed\/?p=18872"},"modified":"2016-06-24T16:59:06","modified_gmt":"2016-06-24T19:59:06","slug":"plano-municipal-de-educacao-significativo-avanco-do-sistema-municipal-de-ensino","status":"publish","type":"post","link":"https:\/\/www.riogrande.rs.gov.br\/smed\/?p=18872","title":{"rendered":"Plano Municipal de Educa\u00e7\u00e3o: significativo avan\u00e7o do Sistema Municipal de Ensino"},"content":{"rendered":"<p style=\"text-align: justify;\"><span style=\"font-weight: 400;\">O Plano Municipal de Educa\u00e7\u00e3o (PME), aprovado pela <\/span><span style=\"font-weight: 400;\">Lei n\u00ba 7.911\/2015<\/span><span style=\"font-weight: 400;\">, de 24 de junho de 2015, constitui um marco fundamental para as pol\u00edticas p\u00fablicas da nossa cidade, sendo o principal documento que ir\u00e1 balizar as a\u00e7\u00f5es do nosso Sistema Municipal de Ensino.<\/span><\/p>\n<p style=\"text-align: justify;\"><!--more--><\/p>\n<p style=\"text-align: justify;\"><span style=\"font-weight: 400;\">Suas 20 metas, juntamente com as estrat\u00e9gias elaboradas durante o 6\u00ba COMED e a Confer\u00eancia de Educa\u00e7\u00e3o da Cidade do Rio Grande, conferiram ao nosso Munic\u00edpio um horizonte para o qual o Conselho Municipal de Educa\u00e7\u00e3o, a Secretaria de Munic\u00edpio da Educa\u00e7\u00e3o e as Escolas devem convergir com o intuito de consolidar um Sistema Municipal de Ensino capaz de concretizar o direito \u00e0 educa\u00e7\u00e3o em sua integralidade, dissipando os empecilhos para o acesso e a perman\u00eancia, reduzindo as desigualdades, promovendo os direitos humanos e assegurando a forma\u00e7\u00e3o para o trabalho e para o exerc\u00edcio aut\u00f4nomo da cidadania.<\/span><\/p>\n<p style=\"text-align: justify;\"><span style=\"font-weight: 400;\">Em 2015, o Sistema Municipal de Ensino avan\u00e7ou com a constru\u00e7\u00e3o de PME, legitimado pela constru\u00e7\u00e3o democr\u00e1tica e pelos espa\u00e7os de discuss\u00f5es qualitativos, potencializando para o 7\u00ba Congresso Municipal de Educa\u00e7\u00e3o \u2013 COMED, a concretude do seu papel como o momento de avalia\u00e7\u00e3o e monitoramento da nossa rede de educa\u00e7\u00e3o.<\/span><\/p>\n<p style=\"text-align: justify;\"><span style=\"font-weight: 400;\">Podemos resumir o nosso Plano Municipal de Educa\u00e7\u00e3o da seguinte forma:<\/span><\/p>\n<table border=\"1\" width=\"90%\">\n<tbody>\n<tr>\n<td style=\"width: 90%; background-color: #b6f0eb;\">\n<ul>\n<li><b>Meta 1 <\/b>&#8211; Educa\u00e7\u00e3o Infantil<\/li>\n<li><b>Meta 2<\/b> &#8211; Ensino Fundamental<\/li>\n<li><b>Meta 3<\/b> &#8211; Ensino M\u00e9dio<\/li>\n<li><b>Meta 5<\/b> &#8211; Alfabetiza\u00e7\u00e3o<\/li>\n<li><b>Meta 6<\/b> &#8211; Educa\u00e7\u00e3o Integral<\/li>\n<li><b>Meta 7<\/b> &#8211; IDEB<\/li>\n<li><b>Meta 9<\/b> &#8211; EJA &#8211; analfabetismo<\/li>\n<li><b>Meta 10<\/b> &#8211; EJA Integrada c\/ Educa\u00e7\u00e3o Profissional<\/li>\n<li><b>Meta 11 <\/b>&#8211; Educa\u00e7\u00e3o Profissional\/N\u00edvel M\u00e9dio<\/li>\n<\/ul>\n<\/td>\n<\/tr>\n<tr style=\"width: 90%;\">\n<td style=\"width: 444px; background-color: #b1ccba;\">\n<ul>\n<li><b>Meta 4<\/b> &#8211; Educa\u00e7\u00e3o Especial<\/li>\n<li><b>Meta 8 <\/b>&#8211; EJA &#8211; desigualdade<\/li>\n<\/ul>\n<\/td>\n<\/tr>\n<tr style=\"width: 90%;\">\n<td style=\"width: 444px; background-color: #f2c5a2;\">\n<ul>\n<li><b>Meta 15<\/b> &#8211; Pol\u00edtica Form. professores Gradua\u00e7\u00e3o<\/li>\n<li><b>Meta 16<\/b> &#8211; Forma\u00e7\u00e3o professores P\u00f3s-gradua\u00e7\u00e3o<\/li>\n<li><b>Meta 17 <\/b>&#8211; Valoriza\u00e7\u00e3o Profissionais equipara\u00e7\u00e3o<\/li>\n<li><b>Meta 18<\/b> &#8211; Plano de Carreira<\/li>\n<\/ul>\n<\/td>\n<\/tr>\n<tr style=\"width: 90%;\">\n<td style=\"width: 444px; background-color: #edc5dc;\">\n<ul>\n<li><b>Meta 12<\/b> &#8211; Ensino Superior acesso<\/li>\n<li><b>Meta 13<\/b> &#8211; Ed. Superior Amplia\u00e7\u00e3o de Mestres e Doutores no corpo docente<\/li>\n<li><b>Meta 14<\/b> &#8211; Forma\u00e7\u00e3o Mestres\/Doutores<\/li>\n<\/ul>\n<\/td>\n<\/tr>\n<tr style=\"width: 90%;\">\n<td style=\"width: 444px; background-color: #b6f0eb;\">\n<ul>\n<li><b>Meta 19<\/b> &#8211; Gest\u00e3o Democr\u00e1tica<\/li>\n<li><b>Meta 20<\/b> &#8211; PIB\/Financiamento Educa\u00e7\u00e3o<\/li>\n<\/ul>\n<\/td>\n<\/tr>\n<\/tbody>\n<\/table>\n<p style=\"text-align: justify;\"><span style=\"font-weight: 400;\">Acesse <\/span><b><a href=\"http:\/\/www.riogrande.rs.gov.br\/smed\/wp-content\/uploads\/2016\/06\/20160623-ped-programacao_comed-image00.jpg\" target=\"_blank\" rel=\"lightbox[18872]\">aqui<\/a>\u00a0<\/b><span style=\"font-weight: 400;\">a programa\u00e7\u00e3o completa do 7\u00ba COMED.<\/span><\/p>\n<p style=\"text-align: right;\"><em>SMEd<\/em><\/p>\n<p>&nbsp;<\/p>\n","protected":false},"excerpt":{"rendered":"<p>O Plano Municipal de Educa\u00e7\u00e3o (PME), aprovado pela Lei n\u00ba 7.911\/2015, de 24 de junho de 2015, constitui um marco fundamental para as pol\u00edticas p\u00fablicas da nossa cidade, sendo o principal documento que ir\u00e1 balizar as a\u00e7\u00f5es do nosso Sistema Municipal de Ensino.<\/p>\n","protected":false},"author":7,"featured_media":0,"comment_status":"closed","ping_status":"closed","sticky":false,"template":"","format":"standard","meta":{"footnotes":""},"categories":[1,13],"tags":[],"class_list":["post-18872","post","type-post","status-publish","format-standard","hentry","category-noticias","category-pedagogico"],"_links":{"self":[{"href":"https:\/\/www.riogrande.rs.gov.br\/smed\/index.php?rest_route=\/wp\/v2\/posts\/18872"}],"collection":[{"href":"https:\/\/www.riogrande.rs.gov.br\/smed\/index.php?rest_route=\/wp\/v2\/posts"}],"about":[{"href":"https:\/\/www.riogrande.rs.gov.br\/smed\/index.php?rest_route=\/wp\/v2\/types\/post"}],"author":[{"embeddable":true,"href":"https:\/\/www.riogrande.rs.gov.br\/smed\/index.php?rest_route=\/wp\/v2\/users\/7"}],"replies":[{"embeddable":true,"href":"https:\/\/www.riogrande.rs.gov.br\/smed\/index.php?rest_route=%2Fwp%2Fv2%2Fcomments&post=18872"}],"version-history":[{"count":9,"href":"https:\/\/www.riogrande.rs.gov.br\/smed\/index.php?rest_route=\/wp\/v2\/posts\/18872\/revisions"}],"predecessor-version":[{"id":18924,"href":"https:\/\/www.riogrande.rs.gov.br\/smed\/index.php?rest_route=\/wp\/v2\/posts\/18872\/revisions\/18924"}],"wp:attachment":[{"href":"https:\/\/www.riogrande.rs.gov.br\/smed\/index.php?rest_route=%2Fwp%2Fv2%2Fmedia&parent=18872"}],"wp:term":[{"taxonomy":"category","embeddable":true,"href":"https:\/\/www.riogrande.rs.gov.br\/smed\/index.php?rest_route=%2Fwp%2Fv2%2Fcategories&post=18872"},{"taxonomy":"post_tag","embeddable":true,"href":"https:\/\/www.riogrande.rs.gov.br\/smed\/index.php?rest_route=%2Fwp%2Fv2%2Ftags&post=18872"}],"curies":[{"name":"wp","href":"https:\/\/api.w.org\/{rel}","templated":true}]}}