{"id":18860,"date":"2016-06-23T15:24:22","date_gmt":"2016-06-23T18:24:22","guid":{"rendered":"http:\/\/www.riogrande.rs.gov.br\/smed\/?p=18860"},"modified":"2016-06-23T15:24:22","modified_gmt":"2016-06-23T18:24:22","slug":"inauguracao-do-novo-predio-da-emef-cipriano-porto-alegre-acontecera-na-proxima-segunda-feira-27","status":"publish","type":"post","link":"https:\/\/www.riogrande.rs.gov.br\/smed\/?p=18860","title":{"rendered":"Inaugura\u00e7\u00e3o do novo pr\u00e9dio da EMEF Cipriano Porto Alegre acontecer\u00e1 na pr\u00f3xima segunda-feira, 27"},"content":{"rendered":"<div id=\"attachment_18861\" style=\"width: 495px\" class=\"wp-caption aligncenter\"><a href=\"http:\/\/www.riogrande.rs.gov.br\/smed\/wp-content\/uploads\/2016\/06\/20160623-ped-cipriano-image00.jpg\" rel=\"lightbox[18860]\"><img loading=\"lazy\" decoding=\"async\" aria-describedby=\"caption-attachment-18861\" class=\"size-medium wp-image-18861\" src=\"http:\/\/www.riogrande.rs.gov.br\/smed\/wp-content\/uploads\/2016\/06\/20160623-ped-cipriano-image00-485x346.jpg\" alt=\"Divulga\u00e7\u00e3o\" width=\"485\" height=\"346\" srcset=\"https:\/\/www.riogrande.rs.gov.br\/smed\/wp-content\/uploads\/2016\/06\/20160623-ped-cipriano-image00-485x346.jpg 485w, https:\/\/www.riogrande.rs.gov.br\/smed\/wp-content\/uploads\/2016\/06\/20160623-ped-cipriano-image00-768x548.jpg 768w, https:\/\/www.riogrande.rs.gov.br\/smed\/wp-content\/uploads\/2016\/06\/20160623-ped-cipriano-image00-290x207.jpg 290w, https:\/\/www.riogrande.rs.gov.br\/smed\/wp-content\/uploads\/2016\/06\/20160623-ped-cipriano-image00.jpg 800w\" sizes=\"(max-width: 485px) 100vw, 485px\" \/><\/a><p id=\"caption-attachment-18861\" class=\"wp-caption-text\">Divulga\u00e7\u00e3o<\/p><\/div>\n<p>&nbsp;<\/p>\n<p style=\"text-align: right;\"><em><span style=\"font-weight: 400;\">SMEd<\/span><\/em><\/p>\n","protected":false},"excerpt":{"rendered":"<p>&nbsp; SMEd<\/p>\n","protected":false},"author":7,"featured_media":0,"comment_status":"closed","ping_status":"closed","sticky":false,"template":"","format":"standard","meta":{"footnotes":""},"categories":[1,13],"tags":[],"class_list":["post-18860","post","type-post","status-publish","format-standard","hentry","category-noticias","category-pedagogico"],"_links":{"self":[{"href":"https:\/\/www.riogrande.rs.gov.br\/smed\/index.php?rest_route=\/wp\/v2\/posts\/18860"}],"collection":[{"href":"https:\/\/www.riogrande.rs.gov.br\/smed\/index.php?rest_route=\/wp\/v2\/posts"}],"about":[{"href":"https:\/\/www.riogrande.rs.gov.br\/smed\/index.php?rest_route=\/wp\/v2\/types\/post"}],"author":[{"embeddable":true,"href":"https:\/\/www.riogrande.rs.gov.br\/smed\/index.php?rest_route=\/wp\/v2\/users\/7"}],"replies":[{"embeddable":true,"href":"https:\/\/www.riogrande.rs.gov.br\/smed\/index.php?rest_route=%2Fwp%2Fv2%2Fcomments&post=18860"}],"version-history":[{"count":1,"href":"https:\/\/www.riogrande.rs.gov.br\/smed\/index.php?rest_route=\/wp\/v2\/posts\/18860\/revisions"}],"predecessor-version":[{"id":18862,"href":"https:\/\/www.riogrande.rs.gov.br\/smed\/index.php?rest_route=\/wp\/v2\/posts\/18860\/revisions\/18862"}],"wp:attachment":[{"href":"https:\/\/www.riogrande.rs.gov.br\/smed\/index.php?rest_route=%2Fwp%2Fv2%2Fmedia&parent=18860"}],"wp:term":[{"taxonomy":"category","embeddable":true,"href":"https:\/\/www.riogrande.rs.gov.br\/smed\/index.php?rest_route=%2Fwp%2Fv2%2Fcategories&post=18860"},{"taxonomy":"post_tag","embeddable":true,"href":"https:\/\/www.riogrande.rs.gov.br\/smed\/index.php?rest_route=%2Fwp%2Fv2%2Ftags&post=18860"}],"curies":[{"name":"wp","href":"https:\/\/api.w.org\/{rel}","templated":true}]}}