{"id":18852,"date":"2016-06-23T15:18:17","date_gmt":"2016-06-23T18:18:17","guid":{"rendered":"http:\/\/www.riogrande.rs.gov.br\/smed\/?p=18852"},"modified":"2016-06-23T15:18:17","modified_gmt":"2016-06-23T18:18:17","slug":"equipe-de-ginastica-artistica-da-emef-wanda-rocha-martins-fez-bonito-em-porto-alegre","status":"publish","type":"post","link":"https:\/\/www.riogrande.rs.gov.br\/smed\/?p=18852","title":{"rendered":"Equipe de Gin\u00e1stica Art\u00edstica da EMEF Wanda Rocha Martins fez bonito em Porto Alegre"},"content":{"rendered":"\n\t\t<style type=\"text\/css\">\n\t\t\t#gallery-1 {\n\t\t\t\tmargin: auto;\n\t\t\t}\n\t\t\t#gallery-1 .gallery-item {\n\t\t\t\tfloat: left;\n\t\t\t\tmargin-top: 10px;\n\t\t\t\ttext-align: center;\n\t\t\t\twidth: 33%;\n\t\t\t}\n\t\t\t#gallery-1 img {\n\t\t\t\tborder: 2px solid #cfcfcf;\n\t\t\t}\n\t\t\t#gallery-1 .gallery-caption {\n\t\t\t\tmargin-left: 0;\n\t\t\t}\n\t\t\t\/* see gallery_shortcode() in wp-includes\/media.php *\/\n\t\t<\/style>\n\t\t<div id='gallery-1' class='gallery galleryid-18852 gallery-columns-3 gallery-size-thumbnail'><dl class='gallery-item'>\n\t\t\t<dt class='gallery-icon landscape'>\n\t\t\t\t<a href='https:\/\/www.riogrande.rs.gov.br\/smed\/wp-content\/uploads\/2016\/06\/20160623-ped-wanda-image02.jpg' rel=\"lightbox[18852]\"><img loading=\"lazy\" decoding=\"async\" width=\"150\" height=\"150\" src=\"https:\/\/www.riogrande.rs.gov.br\/smed\/wp-content\/uploads\/2016\/06\/20160623-ped-wanda-image02-150x150.jpg\" class=\"attachment-thumbnail size-thumbnail\" alt=\"\" aria-describedby=\"gallery-1-18855\" \/><\/a>\n\t\t\t<\/dt>\n\t\t\t\t<dd class='wp-caption-text gallery-caption' id='gallery-1-18855'>\n\t\t\t\tCr\u00e9dito: EMEF Wanda Rocha Martins\n\t\t\t\t<\/dd><\/dl><dl class='gallery-item'>\n\t\t\t<dt class='gallery-icon landscape'>\n\t\t\t\t<a href='https:\/\/www.riogrande.rs.gov.br\/smed\/wp-content\/uploads\/2016\/06\/20160623-ped-wanda-image00.jpg' rel=\"lightbox[18852]\"><img loading=\"lazy\" decoding=\"async\" width=\"150\" height=\"150\" src=\"https:\/\/www.riogrande.rs.gov.br\/smed\/wp-content\/uploads\/2016\/06\/20160623-ped-wanda-image00-150x150.jpg\" class=\"attachment-thumbnail size-thumbnail\" alt=\"\" aria-describedby=\"gallery-1-18853\" \/><\/a>\n\t\t\t<\/dt>\n\t\t\t\t<dd class='wp-caption-text gallery-caption' id='gallery-1-18853'>\n\t\t\t\tCr\u00e9dito: EMEF Wanda Rocha Martins\n\t\t\t\t<\/dd><\/dl><dl class='gallery-item'>\n\t\t\t<dt class='gallery-icon landscape'>\n\t\t\t\t<a href='https:\/\/www.riogrande.rs.gov.br\/smed\/wp-content\/uploads\/2016\/06\/20160623-ped-wanda-image01.jpg' rel=\"lightbox[18852]\"><img loading=\"lazy\" decoding=\"async\" width=\"150\" height=\"150\" src=\"https:\/\/www.riogrande.rs.gov.br\/smed\/wp-content\/uploads\/2016\/06\/20160623-ped-wanda-image01-150x150.jpg\" class=\"attachment-thumbnail size-thumbnail\" alt=\"\" aria-describedby=\"gallery-1-18854\" \/><\/a>\n\t\t\t<\/dt>\n\t\t\t\t<dd class='wp-caption-text gallery-caption' id='gallery-1-18854'>\n\t\t\t\tCr\u00e9dito: EMEF Wanda Rocha Martins\n\t\t\t\t<\/dd><\/dl><br style=\"clear: both\" \/><dl class='gallery-item'>\n\t\t\t<dt class='gallery-icon landscape'>\n\t\t\t\t<a href='https:\/\/www.riogrande.rs.gov.br\/smed\/wp-content\/uploads\/2016\/06\/20160623-ped-wanda-image03.jpg' rel=\"lightbox[18852]\"><img loading=\"lazy\" decoding=\"async\" width=\"150\" height=\"150\" src=\"https:\/\/www.riogrande.rs.gov.br\/smed\/wp-content\/uploads\/2016\/06\/20160623-ped-wanda-image03-150x150.jpg\" class=\"attachment-thumbnail size-thumbnail\" alt=\"\" aria-describedby=\"gallery-1-18856\" \/><\/a>\n\t\t\t<\/dt>\n\t\t\t\t<dd class='wp-caption-text gallery-caption' id='gallery-1-18856'>\n\t\t\t\tCr\u00e9dito: EMEF Wanda Rocha Martins\n\t\t\t\t<\/dd><\/dl><dl class='gallery-item'>\n\t\t\t<dt class='gallery-icon landscape'>\n\t\t\t\t<a href='https:\/\/www.riogrande.rs.gov.br\/smed\/wp-content\/uploads\/2016\/06\/20160623-ped-wanda-image04.jpg' rel=\"lightbox[18852]\"><img loading=\"lazy\" decoding=\"async\" width=\"150\" height=\"150\" src=\"https:\/\/www.riogrande.rs.gov.br\/smed\/wp-content\/uploads\/2016\/06\/20160623-ped-wanda-image04-150x150.jpg\" class=\"attachment-thumbnail size-thumbnail\" alt=\"\" aria-describedby=\"gallery-1-18857\" \/><\/a>\n\t\t\t<\/dt>\n\t\t\t\t<dd class='wp-caption-text gallery-caption' id='gallery-1-18857'>\n\t\t\t\tCr\u00e9dito: EMEF Wanda Rocha Martins\n\t\t\t\t<\/dd><\/dl><dl class='gallery-item'>\n\t\t\t<dt class='gallery-icon landscape'>\n\t\t\t\t<a href='https:\/\/www.riogrande.rs.gov.br\/smed\/wp-content\/uploads\/2016\/06\/20160623-ped-wanda-image05.jpg' rel=\"lightbox[18852]\"><img loading=\"lazy\" decoding=\"async\" width=\"150\" height=\"150\" src=\"https:\/\/www.riogrande.rs.gov.br\/smed\/wp-content\/uploads\/2016\/06\/20160623-ped-wanda-image05-150x150.jpg\" class=\"attachment-thumbnail size-thumbnail\" alt=\"\" aria-describedby=\"gallery-1-18858\" \/><\/a>\n\t\t\t<\/dt>\n\t\t\t\t<dd class='wp-caption-text gallery-caption' id='gallery-1-18858'>\n\t\t\t\tCr\u00e9dito: EMEF Wanda Rocha Martins\n\t\t\t\t<\/dd><\/dl><br style=\"clear: both\" \/>\n\t\t<\/div>\n\n<p style=\"text-align: justify;\"><span style=\"font-weight: 400;\">A Escola Municipal de Ensino Fundamental Professora <\/span><b>Wanda Rocha Martins<\/b><span style=\"font-weight: 400;\">, que est\u00e1 localizada no bairro Cassino, no dia <\/span><b>11 de junho<\/b><span style=\"font-weight: 400;\">, representou a cidade do Rio Grande na <\/span><b>Copa Estadual de Gin\u00e1stica Art\u00edstica<\/b><span style=\"font-weight: 400;\">, evento promovido pela Federa\u00e7\u00e3o de Gin\u00e1stica do Rio Grande do Sul, no CETE, em Porto Alegre, que<\/span><span style=\"font-weight: 400;\"> contou com a participa\u00e7\u00e3o de mais de 80 ginastas do Estado. <\/span><\/p>\n<p style=\"text-align: justify;\"><!--more--><\/p>\n<p style=\"text-align: justify;\">\n<p style=\"text-align: justify;\"><span style=\"font-weight: 400;\">\u00danica escola p\u00fablica do Estado a participar da Copa Estadual de Gin\u00e1stica Art\u00edstica, a EMEF Wanda Rocha Martins tem a professora Vanessa Xavier, de Educa\u00e7\u00e3o F\u00edsica, como respons\u00e1vel pela pr\u00e1tica desta modalidade de esporte pelos seus alunos. \u201c<\/span><b>A professora Vanessa possui comprometimento e dedica\u00e7\u00e3o que permitem, juntamente com apoio imprescind\u00edvel da SMEd, e com a participa\u00e7\u00e3o extremamente engajada da Equipe Diretiva, inclusive do grupo de m\u00e3es e do CPM (C\u00edrculo de Pais e Mestres), mostrar e comprovar uma educa\u00e7\u00e3o p\u00fablica com qualidade, uma escola com movimento<\/b><span style=\"font-weight: 400;\">\u201d, destacou a diretora <\/span><\/p>\n<p style=\"text-align: justify;\"><span style=\"font-weight: 400;\">As ginastas da EMEF Wanda Rocha Martins obtiveram os seguintes resultados:<\/span><\/p>\n<ul>\n<li style=\"text-align: justify;\"><span style=\"font-weight: 400;\">2\u00ba LUGAR INDIVIDUAL \u2013 INFANTIL \u2013 JULIA PRATO<\/span><\/li>\n<li style=\"text-align: justify;\"><span style=\"font-weight: 400;\">6\u00ba LUGAR INDIVIDUAL \u2013 INFANTIL \u2013 INGRID LOSE<\/span><\/li>\n<li style=\"text-align: justify;\"><span style=\"font-weight: 400;\">6\u00ba LUGAR INDIVIDUAL \u2013 JUVENIL \u2013 HELENA AMARAL<\/span><\/li>\n<li style=\"text-align: justify;\"><span style=\"font-weight: 400;\">2\u00ba LUGAR INDIVIDUAL \u2013 ADULTO \u2013 VIT\u00d3RIA CUNHA<\/span><\/li>\n<li style=\"text-align: justify;\"><span style=\"font-weight: 400;\">1\u00ba LUGAR INDIVIDUAL \u2013 ADULTO \u2013 BIANCA CADAVAL<\/span><\/li>\n<li style=\"text-align: justify;\"><span style=\"font-weight: 400;\">2\u00ba LUGAR CATEGORIA ADULTO\/EQUIPE \u2013 WANDA ROCHA MARTINS<\/span><\/li>\n<li style=\"text-align: justify;\"><span style=\"font-weight: 400;\">3\u00ba LUGAR CATEGORIA INFANTIL\/EQUIPE \u2013 WANDA ROCHA MARTINS<\/span><\/li>\n<\/ul>\n<p style=\"text-align: right;\">\n<p style=\"text-align: right;\"><em>SMEd<\/em><br \/>\n<em> Roberton Reis<\/em><br \/>\n<em> Com informa\u00e7\u00f5es da EMEF Wanda Rocha Martins<\/em><\/p>\n","protected":false},"excerpt":{"rendered":"<p>A Escola Municipal de Ensino Fundamental Professora Wanda Rocha Martins, que est\u00e1 localizada no bairro Cassino, no dia 11 de junho, representou a cidade do Rio Grande na Copa Estadual de Gin\u00e1stica Art\u00edstica, evento promovido pela Federa\u00e7\u00e3o de Gin\u00e1stica do Rio Grande do Sul, no CETE, em Porto Alegre, que contou com a participa\u00e7\u00e3o de [&hellip;]<\/p>\n","protected":false},"author":7,"featured_media":0,"comment_status":"closed","ping_status":"closed","sticky":false,"template":"","format":"standard","meta":{"footnotes":""},"categories":[1,13],"tags":[],"class_list":["post-18852","post","type-post","status-publish","format-standard","hentry","category-noticias","category-pedagogico"],"_links":{"self":[{"href":"https:\/\/www.riogrande.rs.gov.br\/smed\/index.php?rest_route=\/wp\/v2\/posts\/18852"}],"collection":[{"href":"https:\/\/www.riogrande.rs.gov.br\/smed\/index.php?rest_route=\/wp\/v2\/posts"}],"about":[{"href":"https:\/\/www.riogrande.rs.gov.br\/smed\/index.php?rest_route=\/wp\/v2\/types\/post"}],"author":[{"embeddable":true,"href":"https:\/\/www.riogrande.rs.gov.br\/smed\/index.php?rest_route=\/wp\/v2\/users\/7"}],"replies":[{"embeddable":true,"href":"https:\/\/www.riogrande.rs.gov.br\/smed\/index.php?rest_route=%2Fwp%2Fv2%2Fcomments&post=18852"}],"version-history":[{"count":1,"href":"https:\/\/www.riogrande.rs.gov.br\/smed\/index.php?rest_route=\/wp\/v2\/posts\/18852\/revisions"}],"predecessor-version":[{"id":18859,"href":"https:\/\/www.riogrande.rs.gov.br\/smed\/index.php?rest_route=\/wp\/v2\/posts\/18852\/revisions\/18859"}],"wp:attachment":[{"href":"https:\/\/www.riogrande.rs.gov.br\/smed\/index.php?rest_route=%2Fwp%2Fv2%2Fmedia&parent=18852"}],"wp:term":[{"taxonomy":"category","embeddable":true,"href":"https:\/\/www.riogrande.rs.gov.br\/smed\/index.php?rest_route=%2Fwp%2Fv2%2Fcategories&post=18852"},{"taxonomy":"post_tag","embeddable":true,"href":"https:\/\/www.riogrande.rs.gov.br\/smed\/index.php?rest_route=%2Fwp%2Fv2%2Ftags&post=18852"}],"curies":[{"name":"wp","href":"https:\/\/api.w.org\/{rel}","templated":true}]}}