{"id":18824,"date":"2016-06-21T16:51:57","date_gmt":"2016-06-21T19:51:57","guid":{"rendered":"http:\/\/www.riogrande.rs.gov.br\/smed\/?p=18824"},"modified":"2016-06-21T16:52:40","modified_gmt":"2016-06-21T19:52:40","slug":"ampliacao-da-emef-maria-angelica-foi-inaugurada-oficialmente-nesta-terca-21","status":"publish","type":"post","link":"https:\/\/www.riogrande.rs.gov.br\/smed\/?p=18824","title":{"rendered":"AMPLIA\u00c7\u00c3O DA EMEF MARIA ANG\u00c9LICA FOI INAUGURADA OFICIALMENTE NESTA TER\u00c7A (21)"},"content":{"rendered":"<div id=\"attachment_18825\" style=\"width: 495px\" class=\"wp-caption aligncenter\"><a href=\"http:\/\/www.riogrande.rs.gov.br\/smed\/wp-content\/uploads\/2016\/06\/20160621-pmrg1.jpg\" rel=\"lightbox[18824]\"><img loading=\"lazy\" decoding=\"async\" aria-describedby=\"caption-attachment-18825\" class=\"size-medium wp-image-18825\" src=\"http:\/\/www.riogrande.rs.gov.br\/smed\/wp-content\/uploads\/2016\/06\/20160621-pmrg1-485x319.jpg\" alt=\"Cr\u00e9dito: Marcos Jatahy\" width=\"485\" height=\"319\" srcset=\"https:\/\/www.riogrande.rs.gov.br\/smed\/wp-content\/uploads\/2016\/06\/20160621-pmrg1-485x319.jpg 485w, https:\/\/www.riogrande.rs.gov.br\/smed\/wp-content\/uploads\/2016\/06\/20160621-pmrg1-314x207.jpg 314w, https:\/\/www.riogrande.rs.gov.br\/smed\/wp-content\/uploads\/2016\/06\/20160621-pmrg1.jpg 700w\" sizes=\"(max-width: 485px) 100vw, 485px\" \/><\/a><p id=\"caption-attachment-18825\" class=\"wp-caption-text\">Cr\u00e9dito: Marcos Jatahy<\/p><\/div>\n<p style=\"text-align: justify;\">Fonte: <a href=\"http:\/\/www.riogrande.rs.gov.br\/pagina\/index.php\/noticias\/detalhes+12c62d3,,ampliacao-da-emef-maria-angelica-foi-inaugurada-oficialmente-nesta-terca-21.html#.V2ma-XUrKK5\" target=\"_blank\"><strong>www.riogrande.rs.gov.br<\/strong><\/a><\/p>\n<p class=\"sizeable\" style=\"text-align: justify;\"><span class=\"sizeable\">Na manh\u00e3 desta ter\u00e7a-feira (21), o prefeito Alexandre Lindenmeyer participou da cerim\u00f4nia de inaugura\u00e7\u00e3o das novas instala\u00e7\u00f5es da Escola Municipal de Ensino Fundamental Professora Maria Ang\u00e9lica Campello, localizada na Esta\u00e7\u00e3o Ecol\u00f3gica do Taim. \u00a0O projeto de amplia\u00e7\u00e3o foi realizado pelo Executivo Municipal, atrav\u00e9s da Secretaria da Educa\u00e7\u00e3o (SMEd).<\/span><\/p>\n<p class=\"sizeable\" style=\"text-align: justify;\"><!--more--><\/p>\n<p class=\"sizeable\" style=\"text-align: justify;\"><span class=\"sizeable\">Na mesa de cerim\u00f4nia estavam presentes, al\u00e9m do prefeito, a diretora da escola, F\u00e1tima Hasan Jundi, a vice-diretora da escola, Daiane Beiersdorf, a secret\u00e1ria da SMEd Rejane Veleda, o superintendente de Gest\u00e3o Pedag\u00f3gica Felipe Alonso, a gerente de Recursos Humanos Ingrid Jorge, a superintendente de Gest\u00e3o da Educa\u00e7\u00e3o Vanessa Pintanel D. da Silva, a representante da Granja Quatro Irm\u00e3os Elizete Oliveira da Silva e o representante do Comando do 5\u00ba Distrito Naval Tenente Atualpa.<\/span><\/p>\n<p class=\"sizeable\" style=\"text-align: justify;\"><span class=\"sizeable\">Duas novas salas de aula e um laborat\u00f3rio foram oficialmente inaugurados esta manh\u00e3 para proporcionar mais conforto e suporte para os cerca de 300 alunos da Escola Maria Ang\u00e9lica. Segundo a diretora F\u00e1tima Jundi, a amplia\u00e7\u00e3o \u00e9 de extrema import\u00e2ncia para que a escola possa ofertar mais vagas para a comunidade.<\/span><\/p>\n<p class=\"sizeable\" style=\"text-align: justify;\"><span class=\"sizeable\">O prefeito Alexandre Lindenmeyer ressaltou o momento \u00fanico que \u00e9 a amplia\u00e7\u00e3o da escola, al\u00e9m de comentar sobre a aten\u00e7\u00e3o que o Executivo vem dando para as escolas do Munic\u00edpio. S\u00f3 em 2015, cerca de 7 escolas j\u00e1 foram inauguradas na cidade. Alexandre ainda conversou com os alunos presentes destacando o valor que h\u00e1 na escola e no aprendizado que recebem dos funcion\u00e1rios.<\/span><\/p>\n<p class=\"sizeable\" style=\"text-align: justify;\"><span class=\"sizeable\">Ap\u00f3s as apresenta\u00e7\u00f5es culturais das crian\u00e7as da Educa\u00e7\u00e3o Infantil e do 1\u00ba ano, a Banda Marcial da escola fez sua primeira apresenta\u00e7\u00e3o para todos os presentes no evento, finalizando a cerim\u00f4nia com um ato simb\u00f3lico em que o prefeito Alexandre, a diretora F\u00e1tima e o aluno Maur\u00edcio Oliveira abriram as portas das salas e do laborat\u00f3rio de ci\u00eancias.<\/span><\/p>\n<p class=\"sizeable\" style=\"text-align: right;\"><em>Assessoria de Comunica\u00e7\u00e3o\/PMRG<\/em><\/p>\n","protected":false},"excerpt":{"rendered":"<p>Fonte: www.riogrande.rs.gov.br Na manh\u00e3 desta ter\u00e7a-feira (21), o prefeito Alexandre Lindenmeyer participou da cerim\u00f4nia de inaugura\u00e7\u00e3o das novas instala\u00e7\u00f5es da Escola Municipal de Ensino Fundamental Professora Maria Ang\u00e9lica Campello, localizada na Esta\u00e7\u00e3o Ecol\u00f3gica do Taim. \u00a0O projeto de amplia\u00e7\u00e3o foi realizado pelo Executivo Municipal, atrav\u00e9s da Secretaria da Educa\u00e7\u00e3o (SMEd).<\/p>\n","protected":false},"author":7,"featured_media":0,"comment_status":"closed","ping_status":"closed","sticky":false,"template":"","format":"standard","meta":{"footnotes":""},"categories":[1,13],"tags":[],"class_list":["post-18824","post","type-post","status-publish","format-standard","hentry","category-noticias","category-pedagogico"],"_links":{"self":[{"href":"https:\/\/www.riogrande.rs.gov.br\/smed\/index.php?rest_route=\/wp\/v2\/posts\/18824"}],"collection":[{"href":"https:\/\/www.riogrande.rs.gov.br\/smed\/index.php?rest_route=\/wp\/v2\/posts"}],"about":[{"href":"https:\/\/www.riogrande.rs.gov.br\/smed\/index.php?rest_route=\/wp\/v2\/types\/post"}],"author":[{"embeddable":true,"href":"https:\/\/www.riogrande.rs.gov.br\/smed\/index.php?rest_route=\/wp\/v2\/users\/7"}],"replies":[{"embeddable":true,"href":"https:\/\/www.riogrande.rs.gov.br\/smed\/index.php?rest_route=%2Fwp%2Fv2%2Fcomments&post=18824"}],"version-history":[{"count":2,"href":"https:\/\/www.riogrande.rs.gov.br\/smed\/index.php?rest_route=\/wp\/v2\/posts\/18824\/revisions"}],"predecessor-version":[{"id":18827,"href":"https:\/\/www.riogrande.rs.gov.br\/smed\/index.php?rest_route=\/wp\/v2\/posts\/18824\/revisions\/18827"}],"wp:attachment":[{"href":"https:\/\/www.riogrande.rs.gov.br\/smed\/index.php?rest_route=%2Fwp%2Fv2%2Fmedia&parent=18824"}],"wp:term":[{"taxonomy":"category","embeddable":true,"href":"https:\/\/www.riogrande.rs.gov.br\/smed\/index.php?rest_route=%2Fwp%2Fv2%2Fcategories&post=18824"},{"taxonomy":"post_tag","embeddable":true,"href":"https:\/\/www.riogrande.rs.gov.br\/smed\/index.php?rest_route=%2Fwp%2Fv2%2Ftags&post=18824"}],"curies":[{"name":"wp","href":"https:\/\/api.w.org\/{rel}","templated":true}]}}