{"id":17450,"date":"2016-03-30T14:47:55","date_gmt":"2016-03-30T17:47:55","guid":{"rendered":"http:\/\/www.riogrande.rs.gov.br\/smed\/?p=17450"},"modified":"2016-03-30T14:47:55","modified_gmt":"2016-03-30T17:47:55","slug":"alunos-do-ensino-fundamental-visitam-a-justica-federal-em-rio-grande-rs","status":"publish","type":"post","link":"https:\/\/www.riogrande.rs.gov.br\/smed\/?p=17450","title":{"rendered":"ALUNOS DO ENSINO FUNDAMENTAL VISITAM A JUSTI\u00c7A FEDERAL EM RIO GRANDE (RS)"},"content":{"rendered":"\n\t\t<style type=\"text\/css\">\n\t\t\t#gallery-1 {\n\t\t\t\tmargin: auto;\n\t\t\t}\n\t\t\t#gallery-1 .gallery-item {\n\t\t\t\tfloat: left;\n\t\t\t\tmargin-top: 10px;\n\t\t\t\ttext-align: center;\n\t\t\t\twidth: 50%;\n\t\t\t}\n\t\t\t#gallery-1 img {\n\t\t\t\tborder: 2px solid #cfcfcf;\n\t\t\t}\n\t\t\t#gallery-1 .gallery-caption {\n\t\t\t\tmargin-left: 0;\n\t\t\t}\n\t\t\t\/* see gallery_shortcode() in wp-includes\/media.php *\/\n\t\t<\/style>\n\t\t<div id='gallery-1' class='gallery galleryid-17450 gallery-columns-2 gallery-size-thumbnail'><dl class='gallery-item'>\n\t\t\t<dt class='gallery-icon landscape'>\n\t\t\t\t<a href='https:\/\/www.riogrande.rs.gov.br\/smed\/wp-content\/uploads\/2016\/03\/20160330-jus.jpg' rel=\"lightbox[17450]\"><img loading=\"lazy\" decoding=\"async\" width=\"150\" height=\"150\" src=\"https:\/\/www.riogrande.rs.gov.br\/smed\/wp-content\/uploads\/2016\/03\/20160330-jus-150x150.jpg\" class=\"attachment-thumbnail size-thumbnail\" alt=\"\" aria-describedby=\"gallery-1-17451\" \/><\/a>\n\t\t\t<\/dt>\n\t\t\t\t<dd class='wp-caption-text gallery-caption' id='gallery-1-17451'>\n\t\t\t\tMagistrada (E) falou sobre a compet\u00eancia da Justi\u00e7a Federal\n\t\t\t\t<\/dd><\/dl><dl class='gallery-item'>\n\t\t\t<dt class='gallery-icon landscape'>\n\t\t\t\t<a href='https:\/\/www.riogrande.rs.gov.br\/smed\/wp-content\/uploads\/2016\/03\/20160330-jus2.jpg' rel=\"lightbox[17450]\"><img loading=\"lazy\" decoding=\"async\" width=\"150\" height=\"150\" src=\"https:\/\/www.riogrande.rs.gov.br\/smed\/wp-content\/uploads\/2016\/03\/20160330-jus2-150x150.jpg\" class=\"attachment-thumbnail size-thumbnail\" alt=\"\" aria-describedby=\"gallery-1-17452\" \/><\/a>\n\t\t\t<\/dt>\n\t\t\t\t<dd class='wp-caption-text gallery-caption' id='gallery-1-17452'>\n\t\t\t\tServidores da institui\u00e7\u00e3o conduziram a visita dos estudantes\n\t\t\t\t<\/dd><\/dl><br style=\"clear: both\" \/>\n\t\t<\/div>\n\n<p>Fonte:\u00a0<strong><a href=\"http:\/\/www2.jfrs.jus.br\/alunos-do-ensino-fundamental-visitam-a-justica-federal-em-rio-grande-rs\/\" target=\"_blank\">http:\/\/www2.jfrs.jus.br<\/a><\/strong><\/p>\n<div id=\"single_conteudo\">\n<p style=\"text-align: justify;\">A Subse\u00e7\u00e3o Judici\u00e1ria do Rio Grande (RS) recebeu na tarde de segunda-feira\u00a0(14\/3) a visita de alunos da Escola Municipal Pedro Carlos Peixoto Primo. A iniciativa faz parte do projeto \u201cPhotographein vai \u00e0 Escola\u201d.<\/p>\n<\/div>\n<p><!--more--><\/p>\n<div id=\"single_conteudo\">\n<p style=\"text-align: justify;\">\n<p style=\"text-align: justify;\">Acompanhados da professora Xenia Velloso, os estudantes do 6\u00ba ao 9\u00ba ano do Ensino Fundamental conheceram o pr\u00e9dio-sede da institui\u00e7\u00e3o e as instala\u00e7\u00f5es da Sala de Mem\u00f3ria e da 3\u00aa Vara Federal local. O grupo foi recebido pela ju\u00edza federal Andr\u00e9ia Castro Dias e pelos servidores Rejane Anjos, Mateus Du Bois e Maria da Concei\u00e7\u00e3o Mondini, que integram a Comiss\u00e3o de Mem\u00f3ria Institucional. Al\u00e9m de conhecer um pouco mais sobre a hist\u00f3ria da Justi\u00e7a Federal, os visitantes puderam escutar explica\u00e7\u00f5es da magistrada sobre a compet\u00eancia federal.<\/p>\n<\/div>\n<p style=\"text-align: justify;\"><strong>PhotoGraphein<\/strong><\/p>\n<p style=\"text-align: justify;\">O projeto \u201cPhotoGraphein vai \u00e0 Escola\u201d \u00e9 desenvolvida desde 2014 pelo N\u00facleo de Pesquisa em Fotografia e Educa\u00e7\u00e3o da Universidade Federal de Pelotas \/CNPq. As a\u00e7\u00f5es integram o projeto de extens\u00e3o da UFPel) vinculado ao Curso de Artes Visuais \u2013Licenciatura, do Centro de Artes e visam a proporcionar um espa\u00e7o para a discuss\u00e3o da fotografia, estimulando a percep\u00e7\u00e3o acerca da import\u00e2ncia das imagens na contemporaneidade.<\/p>\n","protected":false},"excerpt":{"rendered":"<p>Fonte:\u00a0http:\/\/www2.jfrs.jus.br A Subse\u00e7\u00e3o Judici\u00e1ria do Rio Grande (RS) recebeu na tarde de segunda-feira\u00a0(14\/3) a visita de alunos da Escola Municipal Pedro Carlos Peixoto Primo. A iniciativa faz parte do projeto \u201cPhotographein vai \u00e0 Escola\u201d.<\/p>\n","protected":false},"author":7,"featured_media":0,"comment_status":"closed","ping_status":"closed","sticky":false,"template":"","format":"standard","meta":{"footnotes":""},"categories":[1,13],"tags":[],"class_list":["post-17450","post","type-post","status-publish","format-standard","hentry","category-noticias","category-pedagogico"],"_links":{"self":[{"href":"https:\/\/www.riogrande.rs.gov.br\/smed\/index.php?rest_route=\/wp\/v2\/posts\/17450"}],"collection":[{"href":"https:\/\/www.riogrande.rs.gov.br\/smed\/index.php?rest_route=\/wp\/v2\/posts"}],"about":[{"href":"https:\/\/www.riogrande.rs.gov.br\/smed\/index.php?rest_route=\/wp\/v2\/types\/post"}],"author":[{"embeddable":true,"href":"https:\/\/www.riogrande.rs.gov.br\/smed\/index.php?rest_route=\/wp\/v2\/users\/7"}],"replies":[{"embeddable":true,"href":"https:\/\/www.riogrande.rs.gov.br\/smed\/index.php?rest_route=%2Fwp%2Fv2%2Fcomments&post=17450"}],"version-history":[{"count":1,"href":"https:\/\/www.riogrande.rs.gov.br\/smed\/index.php?rest_route=\/wp\/v2\/posts\/17450\/revisions"}],"predecessor-version":[{"id":17453,"href":"https:\/\/www.riogrande.rs.gov.br\/smed\/index.php?rest_route=\/wp\/v2\/posts\/17450\/revisions\/17453"}],"wp:attachment":[{"href":"https:\/\/www.riogrande.rs.gov.br\/smed\/index.php?rest_route=%2Fwp%2Fv2%2Fmedia&parent=17450"}],"wp:term":[{"taxonomy":"category","embeddable":true,"href":"https:\/\/www.riogrande.rs.gov.br\/smed\/index.php?rest_route=%2Fwp%2Fv2%2Fcategories&post=17450"},{"taxonomy":"post_tag","embeddable":true,"href":"https:\/\/www.riogrande.rs.gov.br\/smed\/index.php?rest_route=%2Fwp%2Fv2%2Ftags&post=17450"}],"curies":[{"name":"wp","href":"https:\/\/api.w.org\/{rel}","templated":true}]}}