{"id":17446,"date":"2016-03-30T14:41:46","date_gmt":"2016-03-30T17:41:46","guid":{"rendered":"http:\/\/www.riogrande.rs.gov.br\/smed\/?p=17446"},"modified":"2016-03-30T14:42:15","modified_gmt":"2016-03-30T17:42:15","slug":"amar-promovera-curso-rotina-exploracao-e-estruturacao-e-estimulacao-cognitiva-atraves-do-dia-a-dia-nos-dias-16-e-17","status":"publish","type":"post","link":"https:\/\/www.riogrande.rs.gov.br\/smed\/?p=17446","title":{"rendered":"AMAR promover\u00e1 Curso \u201cRotina: explora\u00e7\u00e3o e estrutura\u00e7\u00e3o e estimula\u00e7\u00e3o cognitiva atrav\u00e9s do dia a dia\u201d, nos dias 16 e 17"},"content":{"rendered":"<div id=\"attachment_17447\" style=\"width: 495px\" class=\"wp-caption aligncenter\"><img loading=\"lazy\" decoding=\"async\" aria-describedby=\"caption-attachment-17447\" class=\"size-medium wp-image-17447\" src=\"http:\/\/www.riogrande.rs.gov.br\/smed\/wp-content\/uploads\/2016\/03\/20160330-ped-curso_amar-image00-485x320.jpg\" alt=\"Divulga\u00e7\u00e3o\" width=\"485\" height=\"320\" srcset=\"https:\/\/www.riogrande.rs.gov.br\/smed\/wp-content\/uploads\/2016\/03\/20160330-ped-curso_amar-image00-485x320.jpg 485w, https:\/\/www.riogrande.rs.gov.br\/smed\/wp-content\/uploads\/2016\/03\/20160330-ped-curso_amar-image00-768x507.jpg 768w, https:\/\/www.riogrande.rs.gov.br\/smed\/wp-content\/uploads\/2016\/03\/20160330-ped-curso_amar-image00-314x207.jpg 314w, https:\/\/www.riogrande.rs.gov.br\/smed\/wp-content\/uploads\/2016\/03\/20160330-ped-curso_amar-image00.jpg 800w\" sizes=\"(max-width: 485px) 100vw, 485px\" \/><p id=\"caption-attachment-17447\" class=\"wp-caption-text\">Divulga\u00e7\u00e3o<\/p><\/div>\n<p style=\"text-align: justify;\"><span style=\"font-weight: 400;\">Direcionado a Pedagogos, Psicopedagogos, Assistentes Sociais, Fisioterapeutas, Fonoaudi\u00f3logos, Psic\u00f3logos, Terapeutas Ocupacionais e p\u00fablico em geral, a <\/span><b>Associa\u00e7\u00e3o de Pais e Amigos dos Autistas de Rio Grande<\/b><span style=\"font-weight: 400;\"> (AMAR) promover\u00e1, nos dias <\/span><b>16 e 17 de abril<\/b><span style=\"font-weight: 400;\">, o m\u00f3dulo II do curso &#8220;<\/span><b>Rotina: explora\u00e7\u00e3o e estrutura\u00e7\u00e3o e estimula\u00e7\u00e3o cognitiva atrav\u00e9s do dia a dia<\/b><span style=\"font-weight: 400;\">&#8220;, ministrado pelo Terapeuta Ocupacional <\/span><b>R\u00e9gis Nepomuceno<\/b><span style=\"font-weight: 400;\">.<\/span><\/p>\n<p style=\"text-align: justify;\"><!--more--><\/p>\n<p style=\"text-align: justify;\"><span style=\"font-weight: 400;\">Com <\/span><b>vagas limitadas<\/b><span style=\"font-weight: 400;\">, as inscri\u00e7\u00f5es j\u00e1 est\u00e3o abertas e podem ser realizadas na sede da AMAR, que est\u00e1 localizada na Rua General Abreu, n\u00ba 10. Maiores informa\u00e7\u00f5es podem ser obtidas atrav\u00e9s do e-mail <\/span><strong><a href=\"mailto:riogrande.amar@gmail.com\" target=\"_blank\">riogrande.amar@gmail.com<\/a><\/strong><span style=\"font-weight: 400;\"> ou pelo telefone (53) 3233-1294<\/span><\/p>\n<p style=\"text-align: right;\"><em>SMEd<\/em><br \/>\n<em> Com informa\u00e7\u00f5es da Associa\u00e7\u00e3o de Pais e Amigos dos Autistas de Rio Grande<\/em><\/p>\n","protected":false},"excerpt":{"rendered":"<p>Direcionado a Pedagogos, Psicopedagogos, Assistentes Sociais, Fisioterapeutas, Fonoaudi\u00f3logos, Psic\u00f3logos, Terapeutas Ocupacionais e p\u00fablico em geral, a Associa\u00e7\u00e3o de Pais e Amigos dos Autistas de Rio Grande (AMAR) promover\u00e1, nos dias 16 e 17 de abril, o m\u00f3dulo II do curso &#8220;Rotina: explora\u00e7\u00e3o e estrutura\u00e7\u00e3o e estimula\u00e7\u00e3o cognitiva atrav\u00e9s do dia a dia&#8220;, ministrado pelo Terapeuta [&hellip;]<\/p>\n","protected":false},"author":7,"featured_media":0,"comment_status":"closed","ping_status":"closed","sticky":false,"template":"","format":"standard","meta":{"footnotes":""},"categories":[1,13],"tags":[],"class_list":["post-17446","post","type-post","status-publish","format-standard","hentry","category-noticias","category-pedagogico"],"_links":{"self":[{"href":"https:\/\/www.riogrande.rs.gov.br\/smed\/index.php?rest_route=\/wp\/v2\/posts\/17446"}],"collection":[{"href":"https:\/\/www.riogrande.rs.gov.br\/smed\/index.php?rest_route=\/wp\/v2\/posts"}],"about":[{"href":"https:\/\/www.riogrande.rs.gov.br\/smed\/index.php?rest_route=\/wp\/v2\/types\/post"}],"author":[{"embeddable":true,"href":"https:\/\/www.riogrande.rs.gov.br\/smed\/index.php?rest_route=\/wp\/v2\/users\/7"}],"replies":[{"embeddable":true,"href":"https:\/\/www.riogrande.rs.gov.br\/smed\/index.php?rest_route=%2Fwp%2Fv2%2Fcomments&post=17446"}],"version-history":[{"count":2,"href":"https:\/\/www.riogrande.rs.gov.br\/smed\/index.php?rest_route=\/wp\/v2\/posts\/17446\/revisions"}],"predecessor-version":[{"id":17449,"href":"https:\/\/www.riogrande.rs.gov.br\/smed\/index.php?rest_route=\/wp\/v2\/posts\/17446\/revisions\/17449"}],"wp:attachment":[{"href":"https:\/\/www.riogrande.rs.gov.br\/smed\/index.php?rest_route=%2Fwp%2Fv2%2Fmedia&parent=17446"}],"wp:term":[{"taxonomy":"category","embeddable":true,"href":"https:\/\/www.riogrande.rs.gov.br\/smed\/index.php?rest_route=%2Fwp%2Fv2%2Fcategories&post=17446"},{"taxonomy":"post_tag","embeddable":true,"href":"https:\/\/www.riogrande.rs.gov.br\/smed\/index.php?rest_route=%2Fwp%2Fv2%2Ftags&post=17446"}],"curies":[{"name":"wp","href":"https:\/\/api.w.org\/{rel}","templated":true}]}}