{"id":17443,"date":"2016-03-29T15:40:59","date_gmt":"2016-03-29T18:40:59","guid":{"rendered":"http:\/\/www.riogrande.rs.gov.br\/smed\/?p=17443"},"modified":"2016-03-29T15:40:59","modified_gmt":"2016-03-29T18:40:59","slug":"emef-dolores-garcia-realizara-acao-social-nesta-quarta-feira-30","status":"publish","type":"post","link":"https:\/\/www.riogrande.rs.gov.br\/smed\/?p=17443","title":{"rendered":"EMEF Dolores Garcia realizar\u00e1 A\u00e7\u00e3o Social nesta quarta-feira, 30"},"content":{"rendered":"<p style=\"text-align: justify;\"><span style=\"font-weight: 400;\">A Escola Municipal de Ensino Fundamental <\/span><b>Dolores Garcia<\/b><span style=\"font-weight: 400;\">, localizada no bairro Cassino, realizar\u00e1 nesta quarta-feira, <\/span><b>30 de mar\u00e7o<\/b><span style=\"font-weight: 400;\">, a partir das <\/span><b>14h<\/b><span style=\"font-weight: 400;\">, uma \u201cA\u00e7\u00e3o Social\u201d em homenagem ao <\/span><b>M\u00eas da Mulher<\/b><span style=\"font-weight: 400;\">. A programa\u00e7\u00e3o ser\u00e1 composta por diversas atividades, como: brech\u00f3 solid\u00e1rio, corte de cabelo e palestras com temas referentes \u00e0 mulher.<\/span><\/p>\n<p style=\"text-align: right;\"><em>SMEd<\/em><br \/>\n<em> Com informa\u00e7\u00f5es da EMEF Dolores Garcia<\/em><\/p>\n","protected":false},"excerpt":{"rendered":"<p>A Escola Municipal de Ensino Fundamental Dolores Garcia, localizada no bairro Cassino, realizar\u00e1 nesta quarta-feira, 30 de mar\u00e7o, a partir das 14h, uma \u201cA\u00e7\u00e3o Social\u201d em homenagem ao M\u00eas da Mulher. A programa\u00e7\u00e3o ser\u00e1 composta por diversas atividades, como: brech\u00f3 solid\u00e1rio, corte de cabelo e palestras com temas referentes \u00e0 mulher. SMEd Com informa\u00e7\u00f5es da [&hellip;]<\/p>\n","protected":false},"author":7,"featured_media":0,"comment_status":"closed","ping_status":"closed","sticky":false,"template":"","format":"standard","meta":{"footnotes":""},"categories":[1,13],"tags":[],"class_list":["post-17443","post","type-post","status-publish","format-standard","hentry","category-noticias","category-pedagogico"],"_links":{"self":[{"href":"https:\/\/www.riogrande.rs.gov.br\/smed\/index.php?rest_route=\/wp\/v2\/posts\/17443"}],"collection":[{"href":"https:\/\/www.riogrande.rs.gov.br\/smed\/index.php?rest_route=\/wp\/v2\/posts"}],"about":[{"href":"https:\/\/www.riogrande.rs.gov.br\/smed\/index.php?rest_route=\/wp\/v2\/types\/post"}],"author":[{"embeddable":true,"href":"https:\/\/www.riogrande.rs.gov.br\/smed\/index.php?rest_route=\/wp\/v2\/users\/7"}],"replies":[{"embeddable":true,"href":"https:\/\/www.riogrande.rs.gov.br\/smed\/index.php?rest_route=%2Fwp%2Fv2%2Fcomments&post=17443"}],"version-history":[{"count":1,"href":"https:\/\/www.riogrande.rs.gov.br\/smed\/index.php?rest_route=\/wp\/v2\/posts\/17443\/revisions"}],"predecessor-version":[{"id":17444,"href":"https:\/\/www.riogrande.rs.gov.br\/smed\/index.php?rest_route=\/wp\/v2\/posts\/17443\/revisions\/17444"}],"wp:attachment":[{"href":"https:\/\/www.riogrande.rs.gov.br\/smed\/index.php?rest_route=%2Fwp%2Fv2%2Fmedia&parent=17443"}],"wp:term":[{"taxonomy":"category","embeddable":true,"href":"https:\/\/www.riogrande.rs.gov.br\/smed\/index.php?rest_route=%2Fwp%2Fv2%2Fcategories&post=17443"},{"taxonomy":"post_tag","embeddable":true,"href":"https:\/\/www.riogrande.rs.gov.br\/smed\/index.php?rest_route=%2Fwp%2Fv2%2Ftags&post=17443"}],"curies":[{"name":"wp","href":"https:\/\/api.w.org\/{rel}","templated":true}]}}