{"id":17437,"date":"2016-03-29T15:37:08","date_gmt":"2016-03-29T18:37:08","guid":{"rendered":"http:\/\/www.riogrande.rs.gov.br\/smed\/?p=17437"},"modified":"2016-03-29T15:45:52","modified_gmt":"2016-03-29T18:45:52","slug":"mes-da-mulher-na-emef-cipriano-porto-alegre","status":"publish","type":"post","link":"https:\/\/www.riogrande.rs.gov.br\/smed\/?p=17437","title":{"rendered":"M\u00eas da Mulher na EMEF Cipriano Porto Alegre"},"content":{"rendered":"\n\t\t<style type=\"text\/css\">\n\t\t\t#gallery-1 {\n\t\t\t\tmargin: auto;\n\t\t\t}\n\t\t\t#gallery-1 .gallery-item {\n\t\t\t\tfloat: left;\n\t\t\t\tmargin-top: 10px;\n\t\t\t\ttext-align: center;\n\t\t\t\twidth: 33%;\n\t\t\t}\n\t\t\t#gallery-1 img {\n\t\t\t\tborder: 2px solid #cfcfcf;\n\t\t\t}\n\t\t\t#gallery-1 .gallery-caption {\n\t\t\t\tmargin-left: 0;\n\t\t\t}\n\t\t\t\/* see gallery_shortcode() in wp-includes\/media.php *\/\n\t\t<\/style>\n\t\t<div id='gallery-1' class='gallery galleryid-17437 gallery-columns-3 gallery-size-thumbnail'><dl class='gallery-item'>\n\t\t\t<dt class='gallery-icon portrait'>\n\t\t\t\t<a href='https:\/\/www.riogrande.rs.gov.br\/smed\/?attachment_id=17438'><img loading=\"lazy\" decoding=\"async\" width=\"150\" height=\"150\" src=\"https:\/\/www.riogrande.rs.gov.br\/smed\/wp-content\/uploads\/2016\/03\/20160329-ped-cipriano-image00-150x150.jpg\" class=\"attachment-thumbnail size-thumbnail\" alt=\"\" aria-describedby=\"gallery-1-17438\" \/><\/a>\n\t\t\t<\/dt>\n\t\t\t\t<dd class='wp-caption-text gallery-caption' id='gallery-1-17438'>\n\t\t\t\tCr\u00e9dito: EMEF Cipriano Porto Alegre\n\t\t\t\t<\/dd><\/dl><dl class='gallery-item'>\n\t\t\t<dt class='gallery-icon portrait'>\n\t\t\t\t<a href='https:\/\/www.riogrande.rs.gov.br\/smed\/?attachment_id=17439'><img loading=\"lazy\" decoding=\"async\" width=\"150\" height=\"150\" src=\"https:\/\/www.riogrande.rs.gov.br\/smed\/wp-content\/uploads\/2016\/03\/20160329-ped-cipriano-image01-150x150.jpg\" class=\"attachment-thumbnail size-thumbnail\" alt=\"\" aria-describedby=\"gallery-1-17439\" \/><\/a>\n\t\t\t<\/dt>\n\t\t\t\t<dd class='wp-caption-text gallery-caption' id='gallery-1-17439'>\n\t\t\t\tCr\u00e9dito: EMEF Cipriano Porto Alegre\n\t\t\t\t<\/dd><\/dl><dl class='gallery-item'>\n\t\t\t<dt class='gallery-icon landscape'>\n\t\t\t\t<a href='https:\/\/www.riogrande.rs.gov.br\/smed\/?attachment_id=17440'><img loading=\"lazy\" decoding=\"async\" width=\"150\" height=\"150\" src=\"https:\/\/www.riogrande.rs.gov.br\/smed\/wp-content\/uploads\/2016\/03\/20160329-ped-cipriano-image02-150x150.jpg\" class=\"attachment-thumbnail size-thumbnail\" alt=\"\" aria-describedby=\"gallery-1-17440\" \/><\/a>\n\t\t\t<\/dt>\n\t\t\t\t<dd class='wp-caption-text gallery-caption' id='gallery-1-17440'>\n\t\t\t\tCr\u00e9dito: EMEF Cipriano Porto Alegre\n\t\t\t\t<\/dd><\/dl><br style=\"clear: both\" \/>\n\t\t<\/div>\n\n<p style=\"text-align: justify;\"><span style=\"font-weight: 400;\">Neste m\u00eas de mar\u00e7o, que \u00e9 dedicado \u00e0s mulheres, os professores da Escola Municipal de Ensino Fundamental <\/span><b>Cipriano Porto Alegre<\/b><span style=\"font-weight: 400;\">, localizada no bairro Matadouro, realizaram diversas atividades abrangendo a tem\u00e1tica feminina, as quais fazem parte do projeto \u201cQue mulher \u00e9 essa?\u201d.<\/span><\/p>\n<p style=\"text-align: justify;\"><!--more--><\/p>\n<p style=\"text-align: justify;\"><span style=\"font-weight: 400;\">Com os alunos(as) da EJA ( II, III, IV etapa do II Bloco), os professores trabalharam o perfil da mulher no mundo de hoje, destacando a sua participa\u00e7\u00e3o, lutas e pap\u00e9is sociais desempenhados na sociedade contempor\u00e2nea. Dentre as atividades, destaca-se a exposi\u00e7\u00e3o dialogada, onde foram abordados os seguintes temas:<\/span><\/p>\n<ul style=\"text-align: justify;\">\n<li><span style=\"font-weight: 400;\">&#8211; Servi\u00e7os de prote\u00e7\u00e3o \u00e0s v\u00edtimas de viol\u00eancia dom\u00e9stica prestados pelo Munic\u00edpio;<\/span><\/li>\n<li><span style=\"font-weight: 400;\">&#8211; Mulheres, homens e constru\u00e7\u00e3o de conhecimento;<\/span><\/li>\n<li><span style=\"font-weight: 400;\">&#8211; Escola e a responsabilidade social de como problematizar quest\u00f5es como: valoriza\u00e7\u00e3o, qualidade de vida, escolhas, pap\u00e9is sociais, profiss\u00f5es e oportunidades para as mulheres.<\/span><\/li>\n<\/ul>\n<p style=\"text-align: justify;\"><span style=\"font-weight: 400;\">Tamb\u00e9m foi realizada a leitura e o debate da letra da m\u00fasica \u201cGarota de Ipanema\u201d, de Vin\u00edcius de Moraes e Tom Jobim. Ap\u00f3s, os alunos realizaram as seguintes atividades:<\/span><\/p>\n<ul>\n<li style=\"text-align: justify;\"><span style=\"font-weight: 400;\">&#8211; Visualiza\u00e7\u00e3o de \u201cDiploma de Mulher do Ano\u201d;<\/span><\/li>\n<li style=\"text-align: justify;\"><span style=\"font-weight: 400;\">&#8211; Constru\u00e7\u00e3o de um acr\u00f3stico com a palavra mulher;<\/span><\/li>\n<li style=\"text-align: justify;\"><span style=\"font-weight: 400;\">&#8211; Discuss\u00e3o de quest\u00f5es levantadas pelo grupo;<\/span><\/li>\n<li style=\"text-align: justify;\"><span style=\"font-weight: 400;\">&#8211; Montagem de um cartaz com a assinatura dos alunos.<\/span><\/li>\n<\/ul>\n<p style=\"text-align: right;\"><em>SMEd<\/em><br \/>\n<em> Com informa\u00e7\u00f5es da EMEF Cipriano Porto Alegre<\/em><\/p>\n","protected":false},"excerpt":{"rendered":"<p>Neste m\u00eas de mar\u00e7o, que \u00e9 dedicado \u00e0s mulheres, os professores da Escola Municipal de Ensino Fundamental Cipriano Porto Alegre, localizada no bairro Matadouro, realizaram diversas atividades abrangendo a tem\u00e1tica feminina, as quais fazem parte do projeto \u201cQue mulher \u00e9 essa?\u201d.<\/p>\n","protected":false},"author":7,"featured_media":0,"comment_status":"closed","ping_status":"closed","sticky":false,"template":"","format":"standard","meta":{"footnotes":""},"categories":[1,13],"tags":[],"class_list":["post-17437","post","type-post","status-publish","format-standard","hentry","category-noticias","category-pedagogico"],"_links":{"self":[{"href":"https:\/\/www.riogrande.rs.gov.br\/smed\/index.php?rest_route=\/wp\/v2\/posts\/17437"}],"collection":[{"href":"https:\/\/www.riogrande.rs.gov.br\/smed\/index.php?rest_route=\/wp\/v2\/posts"}],"about":[{"href":"https:\/\/www.riogrande.rs.gov.br\/smed\/index.php?rest_route=\/wp\/v2\/types\/post"}],"author":[{"embeddable":true,"href":"https:\/\/www.riogrande.rs.gov.br\/smed\/index.php?rest_route=\/wp\/v2\/users\/7"}],"replies":[{"embeddable":true,"href":"https:\/\/www.riogrande.rs.gov.br\/smed\/index.php?rest_route=%2Fwp%2Fv2%2Fcomments&post=17437"}],"version-history":[{"count":2,"href":"https:\/\/www.riogrande.rs.gov.br\/smed\/index.php?rest_route=\/wp\/v2\/posts\/17437\/revisions"}],"predecessor-version":[{"id":17445,"href":"https:\/\/www.riogrande.rs.gov.br\/smed\/index.php?rest_route=\/wp\/v2\/posts\/17437\/revisions\/17445"}],"wp:attachment":[{"href":"https:\/\/www.riogrande.rs.gov.br\/smed\/index.php?rest_route=%2Fwp%2Fv2%2Fmedia&parent=17437"}],"wp:term":[{"taxonomy":"category","embeddable":true,"href":"https:\/\/www.riogrande.rs.gov.br\/smed\/index.php?rest_route=%2Fwp%2Fv2%2Fcategories&post=17437"},{"taxonomy":"post_tag","embeddable":true,"href":"https:\/\/www.riogrande.rs.gov.br\/smed\/index.php?rest_route=%2Fwp%2Fv2%2Ftags&post=17437"}],"curies":[{"name":"wp","href":"https:\/\/api.w.org\/{rel}","templated":true}]}}